{"id":224762,"date":"2025-11-08T08:24:15","date_gmt":"2025-11-08T08:24:15","guid":{"rendered":"https:\/\/www.europesays.com\/es\/224762\/"},"modified":"2025-11-08T08:24:15","modified_gmt":"2025-11-08T08:24:15","slug":"el-invitado-de-pablo-motos-para-competir-contra-rosalia-en-la-revuelta","status":"publish","type":"post","link":"https:\/\/www.europesays.com\/es\/224762\/","title":{"rendered":"El invitado de Pablo Motos\u00a0para competir contra\u00a0Rosal\u00eda en \u00abLa Revuelta\u00bb"},"content":{"rendered":"<p>\t\t\t \t\t \t\t\t\t\t\t\tCaptura de Pablo Motos anunciando al pr\u00f3ximo invitado de \u00abEl Hormiguero\u00bb <strong class=\"pd-l\">El hormiguero, redes sociales, 2025  <\/strong><\/p>\n<p>\t\t\t\t\t\tAndy del exd\u00fao de Andy y Lucas\u00a0visita el \u00abEl Hormiguero\u00bb\u00a0el pr\u00f3ximo lunes<br \/>\n\t\t\t\t\t\t\t\t\t\t\t\t<strong>07 nov 2025<\/strong> . Actualizado a las 16:46 h.\t\t\t\t\t\t<\/p>\n<p class=\"first-paragraph txt\"><strong><a href=\"https:\/\/www.lavozdegalicia.es\/temas\/la-revuelta\" rel=\"nofollow noopener\" target=\"_blank\">La Revuelta<\/a> <\/strong>y<strong> <a href=\"https:\/\/www.lavozdegalicia.es\/temas\/el-hormiguero\" rel=\"nofollow noopener\" target=\"_blank\">El Hormiguero<\/a> <\/strong>vuelven a evidenciar la<strong> guerra de audiencias<\/strong>\u00a0al anunciar grandes invitados para la noche del lunes. <strong><a href=\"https:\/\/www.lavozdegalicia.es\/temas\/rosalia\" rel=\"nofollow noopener\" target=\"_blank\">Rosal\u00eda<\/a> y <a class=\"link-txt\" href=\"https:\/\/www.lavozdegalicia.es\/noticia\/cultura\/2025\/11\/06\/publica-oficialmente-disco-lux-rosalia\/00031762458331290359281.htm\" rel=\"nofollow noopener\" target=\"_blank\">su nuevo disco,\u00a0Lux<\/a>,<\/strong> ha sido un tema central en las \u00faltimas semanas. <strong>El \u00e1lbum se lanza este viernes<\/strong>\u00a0y, seg\u00fan adelant\u00f3 Informalia\u00a0citando a fuentes cercanas de la cantante, el lunes por la noche estar\u00e1 <strong>por primera vez en el programa de <a href=\"https:\/\/www.lavozdegalicia.es\/temas\/david-broncano\" rel=\"nofollow noopener\" target=\"_blank\">David Broncano<\/a><\/strong>. Su presencia se perfila\u00a0 como <strong>un triunfo anticipado para el formato de <a href=\"https:\/\/www.lavozdegalicia.es\/temas\/rtve\" rel=\"nofollow noopener\" target=\"_blank\">RTVE<\/a><\/strong> frente al de Antena 3.\u00a0<\/p>\n<p class=\"txt\">Ante este anuncio, Pablo Motos\u00a0desvel\u00f3\u00a0en el programa del jueves por la noche qu\u00e9 invitado acudir\u00e1 al prime time de <a href=\"https:\/\/www.lavozdegalicia.es\/temas\/antena-3\" rel=\"nofollow noopener\" target=\"_blank\">Antena 3<\/a>: \u00abEl lunes <strong>estar\u00e1 aqu\u00ed Andy, de Andy y Lucas, en solitario<\/strong>. Me imagino que todos lo sab\u00e9is, <strong><a class=\"link-txt\" href=\"https:\/\/www.lavozdegalicia.es\/noticia\/sociedad\/2025\/10\/21\/andy-lucas-final-dos-decadas-juntos-causa-infidelidad\/00031761040734617827347.htm\" rel=\"nofollow noopener\" target=\"_blank\">la separaci\u00f3n ha sido muy complicad<\/a><a class=\"link-txt\" href=\"https:\/\/www.lavozdegalicia.es\/noticia\/sociedad\/2025\/10\/21\/andy-lucas-final-dos-decadas-juntos-causa-infidelidad\/00031761040734617827347.htm\" rel=\"nofollow noopener\" target=\"_blank\">a<\/a>.\u00a0<\/strong>Andy quiere explicarse y ense\u00f1arnos su primer trabajo en solitario, as\u00ed que estaremos encantados de darle voz\u00bb.<\/p>\n<blockquote class=\"twitter-video\">\n<p lang=\"es\" dir=\"ltr\">Y la pr\u00c3\u00b3xima semana: <br \/>\u00e2\u009a\u00a1\u00ef\u00b8\u008f LUNES: Andy<br \/>\u00e2\u009a\u00a1\u00ef\u00b8\u008f MARTES: <a href=\"https:\/\/twitter.com\/marcmarquez93?ref_src=twsrc%5Etfw\" rel=\"nofollow noopener\" target=\"_blank\">@marcmarquez93<\/a><br \/>\u00e2\u009a\u00a1\u00ef\u00b8\u008f MI\u00c3\u0089RCOLES: <a href=\"https:\/\/twitter.com\/pabloalboran?ref_src=twsrc%5Etfw\" rel=\"nofollow noopener\" target=\"_blank\">@pabloalboran<\/a><br \/>\u00e2\u009a\u00a1\u00ef\u00b8\u008f JUEVES: <a href=\"https:\/\/twitter.com\/marianorajoy?ref_src=twsrc%5Etfw\" rel=\"nofollow noopener\" target=\"_blank\">@marianorajoy<\/a><a href=\"https:\/\/twitter.com\/hashtag\/JuanDelValEH?src=hash&amp;ref_src=twsrc%5Etfw\" rel=\"nofollow noopener\" target=\"_blank\">#JuanDelValEH<\/a> <a href=\"https:\/\/t.co\/vUaaUaEteg\" rel=\"nofollow\">pic.twitter.com\/vUaaUaEteg<\/a><\/p>\n<p>\u2014 El Hormiguero (@El_Hormiguero) <a href=\"https:\/\/twitter.com\/El_Hormiguero\/status\/1986539967221239974?ref_src=twsrc%5Etfw\" rel=\"nofollow noopener\" target=\"_blank\">November 6, 2025<\/a><\/p><\/blockquote>\n<p class=\"txt\">La<strong> pol\u00e9mica entre Andy y Lucas<\/strong> tambi\u00e9n ha sido protagonista en los\u00a0medios durante\u00a0las \u00faltimas semanas. El programa de Motos ya\u00a0fue escenario de\u00a0entrevistas con titulares destacados como la <a class=\"link-txt\" href=\"https:\/\/www.lavozdegalicia.es\/noticia\/sociedad\/2023\/11\/15\/poderoso-motivo-separacion-andy-lucas\/00031700036894473911538.htm\" rel=\"nofollow noopener\" target=\"_blank\">exclusiva de su separaci\u00f3n<\/a><strong>\u00a0o la primera vez que Lucas habl\u00f3 abiertamente sobre <a class=\"link-txt\" href=\"https:\/\/www.lavozdegalicia.es\/noticia\/sociedad\/2025\/01\/15\/lucas-andy-lucas-derrumba-revelar-verdad-sobre-nariz-escrito-maquiavelicas\/00031736933324934562213.htm\" rel=\"nofollow noopener\" target=\"_blank\">su operaci\u00f3n de nariz<\/a><\/strong>.<\/p>\n<p class=\"txt\">Hace unos meses, durante\u00a0una emisi\u00f3n de La Revuelta,\u00a0se proyect\u00f3 una noticia\u00a0en la que\u00a0aparec\u00eda el titular:<strong> \u00ab<a href=\"https:\/\/www.lavozdegalicia.es\/temas\/rosalia\" rel=\"nofollow noopener\" target=\"_blank\">Rosal\u00eda<\/a>, Rufi\u00e1n, exs de OT\u2026 los nombres m\u00e1s valorados para ser entrevistados por Broncano\u00bb<\/strong>. Entre risas, el presentador brome\u00f3 con que ese ser\u00eda su gran objetivo a cumplir para el final del trimestre, e incluso,\u00a0propuso que todos coincidiesen en un mismo programa. \u00ab<strong>Rosal\u00eda imposible<\/strong>, pero yo creo que Rufi\u00e1n y Javi\u00e1n s\u00ed que se podr\u00edan pasar\u00bb, escribi\u00f3 el community manager del programa en X. El 20 de octubre, <strong>el diputado de ERC <a href=\"https:\/\/www.lavozdegalicia.es\/temas\/gabriel-rufian\" rel=\"nofollow noopener\" target=\"_blank\">Gabriel Rufi\u00e1n<\/a> y el exintegrante de OT Javi\u00e1n acudieron\u00a0<a class=\"link-txt\" href=\"https:\/\/www.lavozdegalicia.es\/noticia\/television\/2025\/10\/21\/gabriel-rufian-sobre-baile-ester-exposito-comente-valiente-era-significacion\/00031761032794563127545.htm\" rel=\"nofollow noopener\" target=\"_blank\">como invitados<\/a>\u00a0<\/strong>en la misma noche.<\/p>\n<p class=\"txt\">\n<p>\t\t\t\t\t\t\t\t\t\t\t\t&#13;<br \/>\n\t\t\t\t\t\t\t\t&#13;<br \/>\n&#13;<br \/>\n&#13;<\/p>\n<p>\t\t\t&#13;<br \/>\n\t&#13;<\/p>\n<p>\t\t\t<a href=\"https:\/\/www.lavozdegalicia.es\/noticia\/sociedad\/2025\/11\/06\/lucas-gonzalez-andy-lucas-aprietos-deuda-400000-euros-banco-entiende-gira\/00031762436507775898253.htm\" data-analytics=\"link-embed\" rel=\"nofollow noopener\" target=\"_blank\">Lucas Gonz\u00e1lez, de Andy y Lucas,\u00a0en aprietos\u00a0por una deuda de 400.000 euros con el banco: \u00abSe entiende por qu\u00e9 ha hecho la gira\u00bb<\/a><\/p>\n<p class=\"a-min-author\">\n<p>\t\t\t\t\t\t\t\t\t\t\tP. V.<\/p>\n<p>\t&#13;<br \/>\n\t&#13;<br \/>\n&#13;<\/p>\n<p class=\"txt\">Desde entonces, Rosal\u00eda quedaba pendiente, m\u00e1s a\u00fan\u00a0tras\u00a0el lanzamiento de su nuevo disco que ya<a class=\"link-txt\" href=\"https:\/\/www.lavozdegalicia.es\/noticia\/cultura\/2025\/11\/06\/lux-iluminacion-rosalia-busca-pop-trascendente\/0003_202511G6P37994.htm\" rel=\"nofollow noopener\" target=\"_blank\"> fue tildado de \u00abobra maestra\u00bb<\/a>.\u00a0<\/p>\n<p>&#13;<br \/>\n\tArchivado en:&#13;<br \/>\n\t\t\t\t\t<a href=\"https:\/\/www.lavozdegalicia.es\/temas\/rosalia\/\" target=\"_blank\" class=\"mg-l\" rel=\"nofollow noopener\">Rosal\u00eda<\/a>&#13;<br \/>\n\t\t\t\t\t<a href=\"https:\/\/www.lavozdegalicia.es\/temas\/david-broncano\/\" target=\"_blank\" class=\"mg-l\" rel=\"nofollow noopener\">David Broncano<\/a>&#13;<br \/>\n\t\t\t\t\t<a href=\"https:\/\/www.lavozdegalicia.es\/temas\/la-revuelta\/\" target=\"_blank\" class=\"mg-l\" rel=\"nofollow noopener\">La Revuelta<\/a>&#13;<br \/>\n\t\t\t\t\t<a href=\"https:\/\/www.lavozdegalicia.es\/temas\/el-hormiguero\/\" target=\"_blank\" class=\"mg-l\" rel=\"nofollow noopener\">El Hormiguero<\/a>&#13;<br \/>\n\t\t\t\t\t<a href=\"https:\/\/www.lavozdegalicia.es\/temas\/pablo-motos\/\" target=\"_blank\" class=\"mg-l\" rel=\"nofollow noopener\">Pablo Motos<\/a>&#13;<br \/>\n\t\t\t        \t&#13;<\/p>\n<p>\t\t\t\t<script async src=\"https:\/\/platform.twitter.com\/widgets.js\" charset=\"utf-8\"><\/script><\/p>\n","protected":false},"excerpt":{"rendered":"Captura de Pablo Motos anunciando al pr\u00f3ximo invitado de \u00abEl Hormiguero\u00bb El hormiguero, redes sociales, 2025 Andy del&hellip;\n","protected":false},"author":2,"featured_media":224763,"comment_status":"","ping_status":"","sticky":false,"template":"","format":"standard","meta":{"footnotes":""},"categories":[91],"tags":[4040,9029,5813,146,147,25,24,29956,5812,4147,23],"class_list":{"0":"post-224762","1":"post","2":"type-post","3":"status-publish","4":"format-standard","5":"has-post-thumbnail","7":"category-entretenimiento","8":"tag-antena-3","9":"tag-david-broncano","10":"tag-el-hormiguero","11":"tag-entertainment","12":"tag-entretenimiento","13":"tag-es","14":"tag-espana","15":"tag-la-revuelta","16":"tag-pablo-motos","17":"tag-rosalia","18":"tag-spain"},"share_on_mastodon":{"url":"https:\/\/pubeurope.com\/@es\/115513122038064029","error":""},"_links":{"self":[{"href":"https:\/\/www.europesays.com\/es\/wp-json\/wp\/v2\/posts\/224762","targetHints":{"allow":["GET"]}}],"collection":[{"href":"https:\/\/www.europesays.com\/es\/wp-json\/wp\/v2\/posts"}],"about":[{"href":"https:\/\/www.europesays.com\/es\/wp-json\/wp\/v2\/types\/post"}],"author":[{"embeddable":true,"href":"https:\/\/www.europesays.com\/es\/wp-json\/wp\/v2\/users\/2"}],"replies":[{"embeddable":true,"href":"https:\/\/www.europesays.com\/es\/wp-json\/wp\/v2\/comments?post=224762"}],"version-history":[{"count":0,"href":"https:\/\/www.europesays.com\/es\/wp-json\/wp\/v2\/posts\/224762\/revisions"}],"wp:featuredmedia":[{"embeddable":true,"href":"https:\/\/www.europesays.com\/es\/wp-json\/wp\/v2\/media\/224763"}],"wp:attachment":[{"href":"https:\/\/www.europesays.com\/es\/wp-json\/wp\/v2\/media?parent=224762"}],"wp:term":[{"taxonomy":"category","embeddable":true,"href":"https:\/\/www.europesays.com\/es\/wp-json\/wp\/v2\/categories?post=224762"},{"taxonomy":"post_tag","embeddable":true,"href":"https:\/\/www.europesays.com\/es\/wp-json\/wp\/v2\/tags?post=224762"}],"curies":[{"name":"wp","href":"https:\/\/api.w.org\/{rel}","templated":true}]}}