{"id":224774,"date":"2025-11-08T08:38:08","date_gmt":"2025-11-08T08:38:08","guid":{"rendered":"https:\/\/www.europesays.com\/es\/224774\/"},"modified":"2025-11-08T08:38:08","modified_gmt":"2025-11-08T08:38:08","slug":"la-vida-de-rafael-escudero-el-delantero-del-athletic-que-se-nego-a-cobrar-un-sueldo","status":"publish","type":"post","link":"https:\/\/www.europesays.com\/es\/224774\/","title":{"rendered":"La vida de Rafael Escudero, el delantero del Athletic que se neg\u00f3 a cobrar un sueldo"},"content":{"rendered":"<p>on el paso de los a\u00f1os, la historia de Rafael Escudero (Bilbao, 1919) cada vez resultar\u00e1 m\u00e1s dif\u00edcil de contar y a\u00fan de comprender y,  &#8230; sin embargo, es de esas que en ning\u00fan caso deber\u00edan caer en el olvido\u00bb. El propio Athletic inicia as\u00ed el perfil del que fuera su jugador la temporada 1943-44, en la que disput\u00f3 23 partidos oficiales, todos como titular, y marc\u00f3 14 goles. El exrojiblanco Andoni Ayarza (Madrid, 1965) ha cogido el testigo y ha alumbrado tras un a\u00f1o de trabajo &#8216;El Gran Capit\u00e1n. El \u00faltimo Quijote del f\u00fatbol espa\u00f1ol&#8217; \u2013Editorial Circulo Rojo\u2013, en el que novela la vida de un jugador \u00edntegro para el que el f\u00fatbol era \u00abuna celebraci\u00f3n de valores: el orgullo de pertenecer a un equipo, el esfuerzo compartido en cada entrenamiento, la generosidad del que corre por el compa\u00f1ero lesionado, el altruismo del que no espera ninguna recompensa material&#8230;\u00bb.<\/p>\n<p class=\"v-p\">Descubri\u00f3 a Escudero cuando empez\u00f3 a escribir el libro del centenario del Indautxu, pero hasta que comenz\u00f3 a profundizar en su figura no descubri\u00f3 la dimensi\u00f3n del personaje. \u00abEmpec\u00e9 a ver que hab\u00eda cosas en \u00e9l que son incre\u00edbles, y la mayor\u00eda de los aficionados del Athletic no tienen ni idea de qui\u00e9n es este hombre tan singular\u00bb, subraya. Las conversaciones con sus familiares y con Juan de Olaso, hijo de su gran amigo Jaime de Olaso, le ayudaron a fraguar este trabajo \u00abcon historias que se van cruzando en su vida y que sacan incluso hasta partes de autobiograf\u00eda\u00bb.<\/p>\n<p class=\"v-p\">El \u00faltimo rom\u00e1ntico del bal\u00f3n naci\u00f3 en Bilbao, vivi\u00f3 la Guerra Civil con 16 a\u00f1os, la Segunda Guerra Mundial y las consecuencias de la posguerra. Tras la llegada del f\u00fatbol profesionalizado \u00abrenunci\u00f3 absolutamente al dinero\u00bb. \u00abY estamos hablando de una \u00e9poca en la que el salario de un futbolista, sin llegar a ser el de los tiempos actuales, podr\u00eda ser diez veces superior al de un trabajador normal\u00bb.<\/p>\n<p class=\"v-p\">Escudero fue el tercero de siete hermanos en una familia que no pas\u00f3 apuros econ\u00f3micos. Socio del Athletic, refund\u00f3 el Indautxu en 1940 junto a Jaime de Olaso, y fue all\u00ed donde empez\u00f3 a dar sus primeros pasos como futbolista tras pasar su ni\u00f1ez disputando partidos con sus amigos en las campas a la vera del majestuoso campo de San Mam\u00e9s, donde el ganado era el cortac\u00e9sped del campo y unos palos serv\u00edan de porter\u00eda.<\/p>\n<p class=\"v-p\">\u00abRafa, sin duda alguna, era el mejor. Ten\u00eda un don especial. Una capacidad innata para jugar al f\u00fatbol que rezumaba en cada uno de sus controles, de su regates y, especialmente, en cada uno de sus disparos y remates a gol. Tanto con el pie como con su portentosa cabeza, su arte en la definici\u00f3n final clamaba al cielo\u00bb, recoge en una cita que escribi\u00f3 Jaime de Olaso en su libro &#8216;Cuando el bal\u00f3n no es redondo&#8217;, del que tambi\u00e9n se nutre la novela.<\/p>\n<p class=\"v-p\"><strong>El &#8216;fichaje&#8217;<\/strong><\/p>\n<p class=\"v-p\">En la temporada 1943-44 el Athletic comenz\u00f3 mal la Liga. S\u00f3lo hab\u00eda ganado un partido de siete y se encontraba en una situaci\u00f3n delicada. Su presidente, Roberto Artetxe, pide al Indautxu a Escudero. En el primer contacto con el jugador \u00abeste les dice que lo que decida mi club\u00bb. De Olaso, entonces m\u00e1ximo mandatario, se re\u00fane con el delantero y con solo mirarle ya sabe que quiere tener esa aventura en la escuadra rojiblanca. Los rectores del Athletic preguntan despu\u00e9s cu\u00e1nto dinero les va a suponer el fichaje, y el Indautxu les responde que \u00abno s\u00e9 lo que valdr\u00e1 para vosotros, pero si nos ten\u00e9is que pagar lo que vale para nosotros no tendr\u00edais dinero, por lo que mejor que se vaya gratis\u00bb.<\/p>\n<p class=\"v-p\">Cuando el Athletic le prepar\u00f3 una propuesta de contrato, Escudero ni la escuch\u00f3 y solo puso una condici\u00f3n. \u00abNi quiero ser profesional ni ganar una peseta\u00bb. Con sus goles los rojiblancos consiguieron encauzar la situaci\u00f3n y terminaron la campa\u00f1a sin problemas. Adem\u00e1s, ganaron la Copa al Valencia por 2-0 con tantos de Zarra y Escudero. Vista la repercusi\u00f3n que tuvo en el juego a Escudero le llegaron ofertas de otros grandes clubes, que ni analiz\u00f3. El Athletic volvi\u00f3 a tentarle y recibi\u00f3 como respuesta que le hab\u00edan llamado cuando estaba en un momento complicado y \u00abcomo socio y porque quiero al Athletic no pude decir que no. Pero ahora que ya est\u00e1 todo solucionado me vuelvo al Indautxu\u00bb.<\/p>\n<p class=\"v-p\">La temporada siguiente, su club lleg\u00f3 a la final del Campeonato de Espa\u00f1a de aficionados y disput\u00f3 la final en San Mam\u00e9s contra el Barcelona. Gan\u00f3 3-0 y cuando el jugador recogi\u00f3 el trofeo le silbaron \u00abporque en la afici\u00f3n exist\u00eda la sensaci\u00f3n de que no quer\u00eda jugar en el Athletic\u00bb. Escudero se llev\u00f3 una decepci\u00f3n. Algo que volvi\u00f3 a vivir en 1949 pero de otra forma. El Indautxu lleg\u00f3 a la final otra vez contra el mismo adversario, que ese a\u00f1o celebraba su 50 aniversario. \u00abEl reglamento establec\u00eda que la sede se establec\u00eda llegando a un acuerdo los dos equipos o por sorteo\u00bb. Pero el Bar\u00e7a tir\u00f3 de talonario para convencer al Indautxu, que ya no presid\u00eda Jaime de Olaso, de jugar en el Estadio de Les Corts. <\/p>\n<p class=\"v-p\">Cuando Escudero se enter\u00f3 ni \u00e9l ni su hermano disputaron aquel partido. Esta decepci\u00f3n hizo que dejara el f\u00fatbol. Con el paso del tiempo volvi\u00f3 a reconciliarse. El candidato a la presidencia del Athletic, Enrique Guzm\u00e1n, le propuso ser directivo y acept\u00f3. Pero a los 34 a\u00f1os falleci\u00f3 junto a su esposa en una accidente a\u00e9reo el mismo d\u00eda que el conjunto rojiblanco jugaba en Ja\u00e9n.<\/p>\n","protected":false},"excerpt":{"rendered":"on el paso de los a\u00f1os, la historia de Rafael Escudero (Bilbao, 1919) cada vez resultar\u00e1 m\u00e1s dif\u00edcil&hellip;\n","protected":false},"author":2,"featured_media":224775,"comment_status":"","ping_status":"","sticky":false,"template":"","format":"standard","meta":{"footnotes":""},"categories":[268],"tags":[2182,10190,5030,168,25,16820,24,280,282,17039,281,23,167],"class_list":{"0":"post-224774","1":"post","2":"type-post","3":"status-publish","4":"format-standard","5":"has-post-thumbnail","7":"category-futbol","8":"tag-athletic","9":"tag-cobrar","10":"tag-delantero","11":"tag-deportes","12":"tag-es","13":"tag-escudero","14":"tag-espana","15":"tag-football","16":"tag-futbol","17":"tag-jugo","18":"tag-soccer","19":"tag-spain","20":"tag-sports"},"share_on_mastodon":{"url":"https:\/\/pubeurope.com\/@es\/115513177380125216","error":""},"_links":{"self":[{"href":"https:\/\/www.europesays.com\/es\/wp-json\/wp\/v2\/posts\/224774","targetHints":{"allow":["GET"]}}],"collection":[{"href":"https:\/\/www.europesays.com\/es\/wp-json\/wp\/v2\/posts"}],"about":[{"href":"https:\/\/www.europesays.com\/es\/wp-json\/wp\/v2\/types\/post"}],"author":[{"embeddable":true,"href":"https:\/\/www.europesays.com\/es\/wp-json\/wp\/v2\/users\/2"}],"replies":[{"embeddable":true,"href":"https:\/\/www.europesays.com\/es\/wp-json\/wp\/v2\/comments?post=224774"}],"version-history":[{"count":0,"href":"https:\/\/www.europesays.com\/es\/wp-json\/wp\/v2\/posts\/224774\/revisions"}],"wp:featuredmedia":[{"embeddable":true,"href":"https:\/\/www.europesays.com\/es\/wp-json\/wp\/v2\/media\/224775"}],"wp:attachment":[{"href":"https:\/\/www.europesays.com\/es\/wp-json\/wp\/v2\/media?parent=224774"}],"wp:term":[{"taxonomy":"category","embeddable":true,"href":"https:\/\/www.europesays.com\/es\/wp-json\/wp\/v2\/categories?post=224774"},{"taxonomy":"post_tag","embeddable":true,"href":"https:\/\/www.europesays.com\/es\/wp-json\/wp\/v2\/tags?post=224774"}],"curies":[{"name":"wp","href":"https:\/\/api.w.org\/{rel}","templated":true}]}}