{"id":224791,"date":"2025-11-08T08:52:19","date_gmt":"2025-11-08T08:52:19","guid":{"rendered":"https:\/\/www.europesays.com\/es\/224791\/"},"modified":"2025-11-08T08:52:19","modified_gmt":"2025-11-08T08:52:19","slug":"isa-pantoja-responde-al-perdon-de-kiko-rivera-y-tras-reconocer-el-episodio-vejatorio-de-la-manguera","status":"publish","type":"post","link":"https:\/\/www.europesays.com\/es\/224791\/","title":{"rendered":"Isa Pantoja responde al perd\u00f3n de Kiko Rivera y tras reconocer el episodio vejatorio de la manguera"},"content":{"rendered":"<p>Este viernes 7 de noviembre se vive un <b>momento hist\u00f3rico en televisi\u00f3n<\/b>. Al menos s\u00ed en el terreno cuore, pues <a title=\"Kiko Rivera\" href=\"https:\/\/www.larazon.es\/gente\/famosos\/irene-rosales-confiesa-que-perdono-tantas-infidelidades-kiko-rivera_202511036909006d96fd1d323b0bb567.html\" target=\"_blank\" rel=\"nofollow noopener\">Kiko Rivera<\/a> regresa al medio tras casi cinco a\u00f1os de ausencia. No pisaba un plat\u00f3 desde que pusiese en jaque a <a title=\"su madre, Isabel Pantoja\" href=\"https:\/\/www.larazon.es\/gente\/famosos\/fran-cayetano-rivera-afectados-vaciado-cantora-venta_20251106690cdb2ade224c6cdd3b4a82.html\" target=\"_blank\" rel=\"nofollow noopener\">su madre, Isabel Pantoja<\/a>, y rompiese lazos con su hermana. Han sido muy duras las palabras que le ha dedicado a las mujeres de su vida, apost\u00e1ndolo todo al amor que sent\u00eda por su esposa, <a title=\"Irene Rosales\" href=\"https:\/\/www.larazon.es\/gente\/famosos\/emotiva-felicitacion-irene-rosales-hijo-kiko-rivera-jessica-bueno-mejor-hermano-mayor-que-mis-princesas-pueden-tener_20251106690c8e3dde224c6cdd3a8913.html\" target=\"_blank\" rel=\"nofollow noopener\">Irene Rosales<\/a>. Pero ahora que su matrimonio se ha ido al traste y su exmujer ya est\u00e1 <a title=\"en brazos de un apuesto joven llamado Guillermo\" href=\"https:\/\/www.larazon.es\/gente\/famosos\/guillermo-novio-irene-rosales-decia-que-era-nina-pueblo-poco-cortita_20251104690a6381513f437cb8f91211.html\" target=\"_blank\" rel=\"nofollow noopener\">en brazos de un apuesto joven llamado Guillermo<\/a>, el Dj no tiene demasiado que perder y mucho que ganar. <\/p>\n<p><b>Mucha ca\u00f1a se le est\u00e1 dando por ofrecer una exclusiva cuando prometi\u00f3 el pasado mes de agosto no rentabilizar su drama sentimental y familiar.<\/b> Una promesa que se ha ca\u00eddo al recibir una jugosa oferta, pero que sirve tambi\u00e9n de respuesta a las revelaciones de su ya exmujer en el kiosco rosa y en la competencia, en \u2018Y ahora Sonsoles\u2019 de Antena 3. \u00c9l se sentar\u00e1 en \u2018De viernes\u2019 para dar su punto de vista sobre los motivos que empujaron a su matrimonio al abismo, pero tambi\u00e9n sobre otros aspectos delicados de su vida. Se hablar\u00e1 de adicciones, de problemas econ\u00f3micos, de la venta de Cantora por parte de su madre y, por supuesto, tambi\u00e9n de <a title=\"su hermana, Isa Pantoja\" href=\"https:\/\/www.larazon.es\/gente\/famosos\/isa-pantoja-recae-sus-problemas-salud-semana-muy-complicada-llevo-dias-bastante-chunga_20251106690c7f9ade224c6cdd3a580f.html\" target=\"_blank\" rel=\"nofollow noopener\">su hermana, Isa Pantoja<\/a>. <b>A ella le ha pedido perd\u00f3n y la joven ya ha respondido. <\/b><\/p>\n<p>Isa Pantoja reacciona al perd\u00f3n de su hermano<\/p>\n<p><a title=\"Kiko Rivera\" href=\"https:\/\/www.larazon.es\/gente\/famosos\/belen-esteban-fue-kiko-rivera-quien-dio-paso-separarse-irene-rosales_20251107690de8d2de224c6cdd3d2206.html\" target=\"_blank\" rel=\"nofollow noopener\">Kiko Rivera<\/a> ha abierto las puertas de su nueva casa a Santi Acosta para ofrecer sus primeras declaraciones tras su ruptura. Pero en su entrevista ha querido hacer un alto y pedir perd\u00f3n a su hermana, tras entender que no ha obrado bien en el pasado y que el da\u00f1o que le ha podido ocasionar ha sido inmenso. Aunque en otras ocasiones incluso se ha re\u00eddo de las l\u00e1grimas de su hermana al narrar dur\u00edsimos episodios de maltrato y vejaciones, ahora se solidariza con ella: <b>\u201cSigue siendo mi ni\u00f1a peque\u00f1a. Me gustar\u00eda pedirle disculpas por todo el dolor y da\u00f1o que le he podido causar\u201d<\/b>, admite en un momento de su entrevista.<\/p>\n<p>El entrevistador no deja nada en el aire y <b>le pregunta si su perd\u00f3n va dirigido al cap\u00edtulo de la manguera, cuando la desnud\u00f3 y la reg\u00f3 para limpiar supuestamente su impureza tras conocer que hab\u00eda perdido la virginidad<\/b>. \u00c9l asiente con la cabeza confirm\u00e1ndolo. Algo que Isa Pantoja confes\u00f3, pero no abland\u00f3 a su hermano en su d\u00eda. Ahora, tras escuchar su perd\u00f3n, ha hablado con Alexia Rivas. La periodista ha trasladado sus palabras en \u2018El tiempo justo\u2019, de Telecinco. <\/p>\n<p><b>\u201cSabe que lo reconoce y le pide perd\u00f3n<\/b>. De su hermano hemos hablado bastante en general, no solo esta semana. Siempre he tenido la sensaci\u00f3n, y no la sensaci\u00f3n, de que si su hermano le pidiera perd\u00f3n por alguna cosa o tuvieran una conversaci\u00f3n\u2026 <b>Isa quiere mucho a su hermano y creo que es a la primera persona a la que perdonar\u00eda\u201d<\/b>, desvela la colaboradora tras charlar con Isa Pantoja. Y es que reconoce que <b>\u201cIsa no es rencorosa, me lo ha demostrado siempre que ha hablado de su hermano y al igual que con su madre lo ver\u00eda m\u00e1s complicado, porque tiene m\u00e1s dolor y se ha visto m\u00e1s abandonada, a Kiko le perdonar\u00eda\u201d<\/b>. <\/p>\n<p>Kiko Rivera ha dado el primer paso. No solo al pedir perd\u00f3n, sino al confirmar que su hermana no se ha inventado los dur\u00edsimos episodios que ha narrado, como as\u00ed negaba anteriormente. Ahora le da la raz\u00f3n, lo que pod\u00eda suponer un acercamiento. Reconoce el episodio de la manguera, tambi\u00e9n cuando asegura que escuch\u00f3 a su madre decir que deseaba mandarla de vuelta a Per\u00fa. <b>\u201cVeo a un Kiko mucho m\u00e1s sensato, sincero, valiente, tranquilo y, sobre todo, me gusta lo que ha hecho con su hermana. Para su hermana, cuando vea esto, va a ser un alivio<\/b> y un decir, jol\u00edn, gracias, porque hab\u00eda gente que no la cre\u00eda\u201d, concede Alexia Rivas. <\/p>\n","protected":false},"excerpt":{"rendered":"Este viernes 7 de noviembre se vive un momento hist\u00f3rico en televisi\u00f3n. Al menos s\u00ed en el terreno&hellip;\n","protected":false},"author":2,"featured_media":224792,"comment_status":"","ping_status":"","sticky":false,"template":"","format":"standard","meta":{"footnotes":""},"categories":[5],"tags":[17,18,25,24,13,14,11,19,20,9,10,15,16,23,12,21,22],"class_list":{"0":"post-224791","1":"post","2":"type-post","3":"status-publish","4":"format-standard","5":"has-post-thumbnail","7":"category-titulares","8":"tag-breaking-news","9":"tag-breakingnews","10":"tag-es","11":"tag-espana","12":"tag-featured-news","13":"tag-featurednews","14":"tag-headlines","15":"tag-latest-news","16":"tag-latestnews","17":"tag-news","18":"tag-noticias","19":"tag-noticias-destacadas","20":"tag-noticiasdestacadas","21":"tag-spain","22":"tag-titulares","23":"tag-ultimas-noticias","24":"tag-ultimasnoticias"},"share_on_mastodon":{"url":"https:\/\/pubeurope.com\/@es\/115513232105267966","error":""},"_links":{"self":[{"href":"https:\/\/www.europesays.com\/es\/wp-json\/wp\/v2\/posts\/224791","targetHints":{"allow":["GET"]}}],"collection":[{"href":"https:\/\/www.europesays.com\/es\/wp-json\/wp\/v2\/posts"}],"about":[{"href":"https:\/\/www.europesays.com\/es\/wp-json\/wp\/v2\/types\/post"}],"author":[{"embeddable":true,"href":"https:\/\/www.europesays.com\/es\/wp-json\/wp\/v2\/users\/2"}],"replies":[{"embeddable":true,"href":"https:\/\/www.europesays.com\/es\/wp-json\/wp\/v2\/comments?post=224791"}],"version-history":[{"count":0,"href":"https:\/\/www.europesays.com\/es\/wp-json\/wp\/v2\/posts\/224791\/revisions"}],"wp:featuredmedia":[{"embeddable":true,"href":"https:\/\/www.europesays.com\/es\/wp-json\/wp\/v2\/media\/224792"}],"wp:attachment":[{"href":"https:\/\/www.europesays.com\/es\/wp-json\/wp\/v2\/media?parent=224791"}],"wp:term":[{"taxonomy":"category","embeddable":true,"href":"https:\/\/www.europesays.com\/es\/wp-json\/wp\/v2\/categories?post=224791"},{"taxonomy":"post_tag","embeddable":true,"href":"https:\/\/www.europesays.com\/es\/wp-json\/wp\/v2\/tags?post=224791"}],"curies":[{"name":"wp","href":"https:\/\/api.w.org\/{rel}","templated":true}]}}