{"id":224803,"date":"2025-11-08T09:07:13","date_gmt":"2025-11-08T09:07:13","guid":{"rendered":"https:\/\/www.europesays.com\/es\/224803\/"},"modified":"2025-11-08T09:07:13","modified_gmt":"2025-11-08T09:07:13","slug":"el-emocionante-homenaje-musical-de-nil-moliner-a-los-afectados-de-la-dana","status":"publish","type":"post","link":"https:\/\/www.europesays.com\/es\/224803\/","title":{"rendered":"El emocionante homenaje musical de Nil Moliner a los afectados de la dana"},"content":{"rendered":"<p><a class=\"v-mdl-ath__fig-a\" href=\"https:\/\/www.lasprovincias.es\/autor\/moises-rodriguez-838.html\" title=\"Mois\u00e9s Rodr\u00edguez\" rel=\"nofollow noopener\" target=\"_blank\"><br \/>\n<img decoding=\"async\" class=\"v-mdl-ath__img\" src=\"https:\/\/www.europesays.com\/es\/wp-content\/uploads\/2025\/11\/autor-838-foto-2.jpeg\" alt=\"Mois\u00e9s Rodr\u00edguez\"\/><br \/>\n<\/a><\/p>\n<p class=\"v-mdl-ath__p v-mdl-ath__p--6\">\nViernes, 7 de noviembre 2025, 21:49<\/p>\n<p>| Actualizado 22:38h.<\/p>\n<p class=\"v-p\">La gala de LOS 40 Music Awards by Santander ha estado repleta de gui\u00f1os en homenaje a los afectados a la dana. Uno de los primeros han sido las palabras de cari\u00f1o que ha pronunciado Rosal\u00eda cuando ha recogido su premio, ya un rato despu\u00e9s de haber interpretado &#8216;Reliquia&#8217;. Pero justo antes de que la barcelonesa regresase al escenario hab\u00eda actuado Nil Moliner.<\/p>\n<p class=\"v-p\">El catal\u00e1n ha querido tener un bonito gesto hacia el Mediterr\u00e1neo, azotado en los \u00faltimos a\u00f1os por los temporales y, en especial, la Comunitat con la devastadora dana de 2024. As\u00ed, antes de interpretar su propio elenco, Nil Moliner ha arrancado con unas estrofas del tema de Raimon &#8216;Al meu pa\u00eds no sap ploure&#8217;. Ha sido un instante emocionante, con la gente acompa\u00f1ando al cantante. Toda una carta de presentaci\u00f3n de una gala dedicada a Valencia, hacia donde se mir\u00f3 en la edici\u00f3n del a\u00f1o pasado, en Barcelona, donde se recaudaron m\u00e1s de 400.000 euros en beneficio de los afectados. <\/p>\n<p class=\"v-p\">Pero si ha habido un momento especialmente bello ha sido cuando han resonado por megafon\u00eda unas notas del Himno Regional. Inmediatamente el p\u00fablico se ha arrancado a interpretarlo a capela. A partir de ah\u00ed, la pr\u00e1ctica totalidad de los artistas que han subido a recoger un premio o a actuar han tenido alg\u00fan gesto hacia los damnificados. Ha sido una noche en la que el Roig Arena ha vibrado con la presencia de estrellas rutilantes como la propia Rosal\u00eda o Aitana, que tambi\u00e9n ha desatado la locura a su llegada. Pero luego, en el escenario, tambi\u00e9n han generado el furor entre el p\u00fablico Ed Sheeran, Aitana, Morat, Rels B, Feid, Dani Mart\u00edn, Pablo Albor\u00e1n, Nicky Jam, Mora, Be\u00e9le, Emilia, Myles Smith, Dani Fern\u00e1ndez, Nil Moliner, Luck Ra, Danny Ocean, Kapo, Alleh &amp; Yorghaki o De La Rose.<\/p>\n<p>Reporta un error<\/p>\n","protected":false},"excerpt":{"rendered":"Viernes, 7 de noviembre 2025, 21:49 | Actualizado 22:38h. La gala de LOS 40 Music Awards by Santander&hellip;\n","protected":false},"author":2,"featured_media":224804,"comment_status":"","ping_status":"","sticky":false,"template":"","format":"standard","meta":{"footnotes":""},"categories":[170],"tags":[4179,1681,13473,146,147,25,24,6552,43190,184,185,12212,59303,23],"class_list":{"0":"post-224803","1":"post","2":"type-post","3":"status-publish","4":"format-standard","5":"has-post-thumbnail","7":"category-musica","8":"tag-afectados","9":"tag-dana","10":"tag-emocionante","11":"tag-entertainment","12":"tag-entretenimiento","13":"tag-es","14":"tag-espana","15":"tag-homenaje","16":"tag-moliner","17":"tag-music","18":"tag-musica","19":"tag-musical","20":"tag-nil","21":"tag-spain"},"share_on_mastodon":{"url":"https:\/\/pubeurope.com\/@es\/115513291566832781","error":""},"_links":{"self":[{"href":"https:\/\/www.europesays.com\/es\/wp-json\/wp\/v2\/posts\/224803","targetHints":{"allow":["GET"]}}],"collection":[{"href":"https:\/\/www.europesays.com\/es\/wp-json\/wp\/v2\/posts"}],"about":[{"href":"https:\/\/www.europesays.com\/es\/wp-json\/wp\/v2\/types\/post"}],"author":[{"embeddable":true,"href":"https:\/\/www.europesays.com\/es\/wp-json\/wp\/v2\/users\/2"}],"replies":[{"embeddable":true,"href":"https:\/\/www.europesays.com\/es\/wp-json\/wp\/v2\/comments?post=224803"}],"version-history":[{"count":0,"href":"https:\/\/www.europesays.com\/es\/wp-json\/wp\/v2\/posts\/224803\/revisions"}],"wp:featuredmedia":[{"embeddable":true,"href":"https:\/\/www.europesays.com\/es\/wp-json\/wp\/v2\/media\/224804"}],"wp:attachment":[{"href":"https:\/\/www.europesays.com\/es\/wp-json\/wp\/v2\/media?parent=224803"}],"wp:term":[{"taxonomy":"category","embeddable":true,"href":"https:\/\/www.europesays.com\/es\/wp-json\/wp\/v2\/categories?post=224803"},{"taxonomy":"post_tag","embeddable":true,"href":"https:\/\/www.europesays.com\/es\/wp-json\/wp\/v2\/tags?post=224803"}],"curies":[{"name":"wp","href":"https:\/\/api.w.org\/{rel}","templated":true}]}}