{"id":224805,"date":"2025-11-08T09:08:10","date_gmt":"2025-11-08T09:08:10","guid":{"rendered":"https:\/\/www.europesays.com\/es\/224805\/"},"modified":"2025-11-08T09:08:10","modified_gmt":"2025-11-08T09:08:10","slug":"el-rey-leon-jeremy-irons-actor-de-doblaje-de-scar-en-el-rey-leon-original-me-enfade-muchisimo-al-ver-la-pelicula","status":"publish","type":"post","link":"https:\/\/www.europesays.com\/es\/224805\/","title":{"rendered":"EL REY LE\u00d3N | Jeremy Irons, actor de doblaje de Scar en &#8216;El rey le\u00f3n&#8217; original: \u00abMe enfad\u00e9 much\u00edsimo al ver la pel\u00edcula&#8230;\u00bb"},"content":{"rendered":"<p class=\"ft-text\">Durante los <strong>a\u00f1os 90<\/strong>, <a class=\"ft-link ft-link--decoration\" href=\"https:\/\/www.elperiodico.com\/es\/temas\/disney-28212\" rel=\"nofollow noopener\" target=\"_blank\">Disney<\/a> vivi\u00f3 un <strong>resurgir creativo<\/strong> que marc\u00f3 a toda una <strong>generaci\u00f3n<\/strong>.<\/p>\n<p class=\"ft-text\">Pel\u00edculas como &#8216;<strong>La bella y la bestia&#8217;<\/strong> (1991), &#8216;<strong>Aladd\u00edn&#8217;<\/strong> (1992), &#8216;<strong>H\u00e9rcules&#8217;<\/strong> (1997) o &#8216;<strong>Mul\u00e1n&#8217;<\/strong> (1998) consolidaron lo que se conoce como la <strong>segunda edad dorada del estudio<\/strong>.<\/p>\n<p class=\"ft-text\">Sin embargo, pocas dejaron una <strong>huella tan profunda<\/strong> como &#8216;<strong>El rey le\u00f3n&#8217; <\/strong>(1994), dirigida por <strong>Rob Minkoff<\/strong> y <strong>Roger Allers<\/strong>, y acompa\u00f1ada por la inolvidable m\u00fasica de <strong>Hans Zimmer<\/strong>, <strong>Elton John<\/strong> y <strong>Tim Rice<\/strong>.<\/p>\n<p class=\"ft-text\">La cinta no solo <strong>cautiva al p\u00fablico<\/strong> con su <strong>historia <\/strong>sobre el <strong>ciclo de la vida<\/strong> y el <strong>destino<\/strong>, sino que tambi\u00e9n destaca por un <strong>reparto <\/strong>de <strong>voces <\/strong>de <strong>primer nivel<\/strong> en su <strong>versi\u00f3n original<\/strong>: <strong>Matthew Broderick<\/strong>, <strong>James Earl Jones<\/strong>, <strong>Rowan Atkinson<\/strong>, <strong>Whoopi Goldberg<\/strong> y, por supuesto,<strong> <\/strong><a class=\"ft-link ft-link--decoration\" href=\"https:\/\/www.elperiodico.com\/es\/personajes\/jeremy-irons-41618\" rel=\"nofollow noopener\" target=\"_blank\"><strong>Jeremy Irons<\/strong><\/a>, que da vida a <strong>Scar<\/strong>, el <strong>villano m\u00e1s carism\u00e1tico del reino animal<\/strong>.<\/p>\n<p>El inesperado enfado de Jeremy Irons<\/p>\n<p class=\"ft-text\">En una <strong>entrevista reciente<\/strong>, el int\u00e9rprete brit\u00e1nico sorprendi\u00f3 al <strong>revelar su reacci\u00f3n<\/strong> al ver el<strong> resultado final de &#8216;El rey le\u00f3n&#8217;<\/strong>.<\/p>\n<p class=\"ft-text\">\u201c<strong>Me enfad\u00e9 much\u00edsimo al ver la pel\u00edcula<\/strong> y <strong>m\u00e1s a\u00fan cuando la vimos el d\u00eda del estreno<\/strong>\u201d, confes\u00f3 Irons, sin ocultar su <strong>decepci\u00f3n inicial<\/strong> con el proyecto que hoy es considerado una obra maestra.<\/p>\n<p class=\"ft-text\">El <strong>actor explica<\/strong> c\u00f3mo fue su <strong>experiencia <\/strong>al participar en la <strong>creaci\u00f3n del personaje<\/strong>, asegurando que al principio <strong>pensaba <\/strong>que \u201cver\u00eda una pantalla con un <strong>le\u00f3n moviendo la boca<\/strong>\u201d y que tendr\u00eda que <strong>sincronizar su voz con sus movimientos<\/strong>.<\/p>\n<p class=\"ft-text\">Pero la <strong>realidad fue distinta: <\/strong>le llevaron a un estudio donde varias <strong>c\u00e1maras registraban sus gestos<\/strong> mientras le\u00eda e interpretaba los di\u00e1logos.<\/p>\n<p class=\"ft-text\">Al ver el <strong>resultado final<\/strong>, el <strong>actor <\/strong>se sinti\u00f3 <strong>decepcionado <\/strong>al comparar su versi\u00f3n animada con la interpretada por James Earl Jones, la voz original del le\u00f3n Mufasa, a quien describe como \u201cmusculoso y maravilloso\u201d, mientras que<strong> \u00e9l se vio reflejado en \u201cun le\u00f3n flacucho y sarnoso\u201d<\/strong>.<\/p>\n<p class=\"ft-text\">La <strong>voz de Scar<\/strong>, su <strong>tono elegante <\/strong>y <strong>mal\u00e9volo<\/strong>, se convirti\u00f3 en uno de los <strong>elementos m\u00e1s recordados del filme<\/strong>, hasta el punto de <strong>ser considerada <\/strong>una de las <strong>interpretaciones vocales m\u00e1s ic\u00f3nicas del cine de animaci\u00f3n<\/strong>.<\/p>\n<p>Un legado que perdura<\/p>\n<p class=\"ft-text\">A pesar de su frustraci\u00f3n inicial, el paso del tiempo ha convertido &#8216;<strong>El rey le\u00f3n&#8217;<\/strong> en una de las <strong>pel\u00edculas m\u00e1s queridas <\/strong>de la historia de Disney. Su <strong>mensaje<\/strong>, su <strong>est\u00e9tica <\/strong>y su <strong>m\u00fasica <\/strong>siguen cautivando a nuevas generaciones.<\/p>\n<p class=\"ft-text\">Y aunque <strong>Jeremy Irons<\/strong> no guarda el mejor recuerdo de aquel estreno, su interpretaci\u00f3n de Scar contin\u00faa siendo una<strong> referencia de excelencia actoral<\/strong>, demostrando que, incluso, detr\u00e1s de un enfado puede esconderse una <strong>actuaci\u00f3n inolvidable<\/strong>.<\/p>\n","protected":false},"excerpt":{"rendered":"Durante los a\u00f1os 90, Disney vivi\u00f3 un resurgir creativo que marc\u00f3 a toda una generaci\u00f3n. Pel\u00edculas como &#8216;La&hellip;\n","protected":false},"author":2,"featured_media":224806,"comment_status":"","ping_status":"","sticky":false,"template":"","format":"standard","meta":{"footnotes":""},"categories":[169],"tags":[1339,1014,10689,177,1060,32532,4482,44530,32178,146,147,25,24,176,20800,175,1257,753,59450,23],"class_list":{"0":"post-224805","1":"post","2":"type-post","3":"status-publish","4":"format-standard","5":"has-post-thumbnail","7":"category-cine","8":"tag-actor","9":"tag-actores","10":"tag-animacion","11":"tag-cine","12":"tag-disney","13":"tag-doblaje","14":"tag-dv","15":"tag-el-rey-leon","16":"tag-enfado","17":"tag-entertainment","18":"tag-entretenimiento","19":"tag-es","20":"tag-espana","21":"tag-film","22":"tag-jeremy-irons","23":"tag-movies","24":"tag-pelicula","25":"tag-peliculas","26":"tag-scar","27":"tag-spain"},"share_on_mastodon":{"url":"https:\/\/pubeurope.com\/@es\/115513295398482083","error":""},"_links":{"self":[{"href":"https:\/\/www.europesays.com\/es\/wp-json\/wp\/v2\/posts\/224805","targetHints":{"allow":["GET"]}}],"collection":[{"href":"https:\/\/www.europesays.com\/es\/wp-json\/wp\/v2\/posts"}],"about":[{"href":"https:\/\/www.europesays.com\/es\/wp-json\/wp\/v2\/types\/post"}],"author":[{"embeddable":true,"href":"https:\/\/www.europesays.com\/es\/wp-json\/wp\/v2\/users\/2"}],"replies":[{"embeddable":true,"href":"https:\/\/www.europesays.com\/es\/wp-json\/wp\/v2\/comments?post=224805"}],"version-history":[{"count":0,"href":"https:\/\/www.europesays.com\/es\/wp-json\/wp\/v2\/posts\/224805\/revisions"}],"wp:featuredmedia":[{"embeddable":true,"href":"https:\/\/www.europesays.com\/es\/wp-json\/wp\/v2\/media\/224806"}],"wp:attachment":[{"href":"https:\/\/www.europesays.com\/es\/wp-json\/wp\/v2\/media?parent=224805"}],"wp:term":[{"taxonomy":"category","embeddable":true,"href":"https:\/\/www.europesays.com\/es\/wp-json\/wp\/v2\/categories?post=224805"},{"taxonomy":"post_tag","embeddable":true,"href":"https:\/\/www.europesays.com\/es\/wp-json\/wp\/v2\/tags?post=224805"}],"curies":[{"name":"wp","href":"https:\/\/api.w.org\/{rel}","templated":true}]}}