{"id":22481,"date":"2025-08-03T09:42:08","date_gmt":"2025-08-03T09:42:08","guid":{"rendered":"https:\/\/www.europesays.com\/es\/22481\/"},"modified":"2025-08-03T09:42:08","modified_gmt":"2025-08-03T09:42:08","slug":"the-economist-dice-que-sanchez-debe-dimitir-y-ramoncin-da-la-replica-mas-sonada-hasta-el-momento","status":"publish","type":"post","link":"https:\/\/www.europesays.com\/es\/22481\/","title":{"rendered":"&#8216;The Economist&#8217; dice que S\u00e1nchez debe dimitir y Ramonc\u00edn da la r\u00e9plica m\u00e1s sonada hasta el momento"},"content":{"rendered":"<p>El cantante Ramonc\u00edn ha estado este s\u00e1bado en el plat\u00f3 de laSexta Xplica\u00a0y ha dejado bastante clara la opini\u00f3n que le merece el art\u00edculo que el semanario brit\u00e1nico The Economist ha publicado <a href=\"https:\/\/www.huffingtonpost.es\/politica\/the-economist-pide-pedro-sanchez-dimitabr.html\" target=\"_blank\" rel=\"nofollow noopener\">sobre el presidente del Gobierno, Pedro S\u00e1nchez<\/a>.<\/p>\n<p>\u00abEl primer ministro espa\u00f1ol, plagado de esc\u00e1ndalos, <b>deber\u00eda dimitir<\/b>\u00ab, ha se\u00f1alado en el t\u00edtulo de la noticia. \u00abPara restaurar la confianza en la democracia espa\u00f1ola, el presidente del Gobierno deber\u00eda asumir la responsabilidad y dimitir. <b>No existe una raz\u00f3n de peso para que contin\u00fae en el cargo<\/b>\u00ab, ha detallado.<\/p>\n<p>The Economist ha se\u00f1alado que \u00ab<b>el crecimiento econ\u00f3mico de Espa\u00f1a comenz\u00f3 antes que su mandato<\/b>\u00bb y ha afirmado que \u00abse debe m\u00e1s a las reformas de su predecesor conservador, Mariano Rajoy, que a las suyas\u00bb, aunque no mencion\u00f3 ninguna de ellas.<\/p>\n<p>Preguntado por ello, Ramonc\u00edn ha elevado el tono y ha respondido de forma rotunda. \u00ab<b>\u00bfEsto de qu\u00e9 va? Va de que los ciudadanos vivan mejor<\/b>. \u00bfEsto de qu\u00e9 va? Que uno otro, de lo que haga, consiga que los ciudadanos vivan mejor\u00bb, ha reiterado.<\/p>\n<p>\u00abQue se pueda alquilar una casa, que se pueda tener un sueldo, que se pueda llevar a los hijos al colegio, que no tengamos conflictos en las calles\u00bb, ha razonado el cantante en el plato del programa de La Sexta.<\/p>\n<p>En ese momento, Ramonc\u00edn ha asegurado que \u00abes curios\u00edsimo que el The Economist, al que no ha hecho ni caso el PP de todo lo que ha dicho antes, <b>ahora es la hoja parroquial del PP<\/b>\u00ab.<\/p>\n<p>\u00abAhora, como lo ha dicho el\u00a0The Economist, el presidente se tiene que ir. Pues a ver si\u00a0Cinco D\u00edas le dice a Keir Starmer (primer ministro brit\u00e1nico) que se marche tambi\u00e9n y a ver qu\u00e9 pasa. <b>Me parece que esto no deber\u00eda tener ninguna importancia. Es una opini\u00f3n, una l\u00ednea editorial<\/b>\u00ab, ha destacado.<\/p>\n<p>Ramonc\u00edn ha hecho hincapi\u00e9 en que \u00abs\u00ed vale si lo dice en contra de uno y no vale en contra de otro\u00bb. \u00abA m\u00ed no me gusta jugar a esto. Este &#8216;y t\u00fa m\u00e1s&#8217;, significa que t\u00fa tambi\u00e9n. Se trata de que los ciudadanos tengan una vida mejor y <b>que no vean estos espect\u00e1culos y digan que van a votar a estos otros que son los \u00fanicos&#8230;<\/b>\u00ab, ha detallado.<\/p>\n<p>\u00ab\u00bfSaben ustedes las encuestas lo que dicen? \u00bfA d\u00f3nde quieren votar los j\u00f3venes entre 18 y 25 a\u00f1os? \u00bfSe dan cuenta de lo que est\u00e1 pasando en el \u00fanico pa\u00eds de Europa donde la extrema derecha, esta tan ultra y xen\u00f3foba, no iba a llegar a ning\u00fan sitio? <b>Pues parece que va a llegar y muy lejos<\/b>\u00ab, ha zanjado.<\/p>\n","protected":false},"excerpt":{"rendered":"El cantante Ramonc\u00edn ha estado este s\u00e1bado en el plat\u00f3 de laSexta Xplica\u00a0y ha dejado bastante clara la&hellip;\n","protected":false},"author":2,"featured_media":22482,"comment_status":"","ping_status":"","sticky":false,"template":"","format":"standard","meta":{"footnotes":""},"categories":[171],"tags":[146,147,25,24,2959,13184,23,11075,214],"class_list":{"0":"post-22481","1":"post","2":"type-post","3":"status-publish","4":"format-standard","5":"has-post-thumbnail","7":"category-tv","8":"tag-entertainment","9":"tag-entretenimiento","10":"tag-es","11":"tag-espana","12":"tag-pedro-sanchez","13":"tag-ramoncin","14":"tag-spain","15":"tag-the-economist","16":"tag-tv"},"share_on_mastodon":{"url":"","error":""},"_links":{"self":[{"href":"https:\/\/www.europesays.com\/es\/wp-json\/wp\/v2\/posts\/22481","targetHints":{"allow":["GET"]}}],"collection":[{"href":"https:\/\/www.europesays.com\/es\/wp-json\/wp\/v2\/posts"}],"about":[{"href":"https:\/\/www.europesays.com\/es\/wp-json\/wp\/v2\/types\/post"}],"author":[{"embeddable":true,"href":"https:\/\/www.europesays.com\/es\/wp-json\/wp\/v2\/users\/2"}],"replies":[{"embeddable":true,"href":"https:\/\/www.europesays.com\/es\/wp-json\/wp\/v2\/comments?post=22481"}],"version-history":[{"count":0,"href":"https:\/\/www.europesays.com\/es\/wp-json\/wp\/v2\/posts\/22481\/revisions"}],"wp:featuredmedia":[{"embeddable":true,"href":"https:\/\/www.europesays.com\/es\/wp-json\/wp\/v2\/media\/22482"}],"wp:attachment":[{"href":"https:\/\/www.europesays.com\/es\/wp-json\/wp\/v2\/media?parent=22481"}],"wp:term":[{"taxonomy":"category","embeddable":true,"href":"https:\/\/www.europesays.com\/es\/wp-json\/wp\/v2\/categories?post=22481"},{"taxonomy":"post_tag","embeddable":true,"href":"https:\/\/www.europesays.com\/es\/wp-json\/wp\/v2\/tags?post=22481"}],"curies":[{"name":"wp","href":"https:\/\/api.w.org\/{rel}","templated":true}]}}