{"id":224819,"date":"2025-11-08T09:21:11","date_gmt":"2025-11-08T09:21:11","guid":{"rendered":"https:\/\/www.europesays.com\/es\/224819\/"},"modified":"2025-11-08T09:21:11","modified_gmt":"2025-11-08T09:21:11","slug":"la-fotografia-que-cambia-la-regla-no-habra-mas-espantadas-de-maestros-marca","status":"publish","type":"post","link":"https:\/\/www.europesays.com\/es\/224819\/","title":{"rendered":"La fotograf\u00eda que cambia la regla: no habr\u00e1 m\u00e1s espantadas de maestros &#8211; MARCA"},"content":{"rendered":"<ol>\n<li><a href=\"https:\/\/news.google.com\/rss\/articles\/CBMiqgFBVV95cUxQd2VrN2lzREhfMnZzM09maktjRXJsQUFHZTJGRGFCOHJrR002eFBiMUh6T2pJNjRiSnphQ29vU253THpvMFg4NmcxMUpJS2x3QVJBWThlNXZVd09TV1VBUEQ2elNPV2tvcm5lZk40QXdiMW9RbV9TWlh0QjRLMjdXWFhmUUJDVTIyZUsySGI1aE90dGlidUFpbzIzQm0ydnFWQ21jUWpWN0ZBd9IBqgFBVV95cUxPS25QbHdNM2F1bUZaNnBieFFUTm5YNU5uTnlvUkNhVTdJT1Nzc2NpNmhlVHdmd2RLbDRTWHZVMDhCQU1qczlsaUd4aHJuOUpKQmtieFhzampPdGllYXc0VEhneGVkajBwR2R3R0I5NnJrMjZHaGl4VC1lQlhsbmhHaW5HWl9uUFRaQ2FSWUJFbDhlVXhPVEFxRktpSEhBNWlVQjNneVUzMmpJQQ?oc=5\" target=\"_blank\" rel=\"nofollow noopener\">La fotograf\u00eda que cambia la regla: no habr\u00e1 m\u00e1s espantadas de maestros<\/a>&nbsp;&nbsp;MARCA<\/li>\n<li><a href=\"https:\/\/news.google.com\/rss\/articles\/CBMitwJBVV95cUxQbjJjSUhGOS1QbUZDOFFtWW9panJjaDBlZUgyVzVmQzZWYVNOcFZvWTJiSWhOWXhXdmkzdHdQTHlTdzgySXo1ZldCYkRCYTZYMVBQUjJXQzhPZDRsUVBlcWpfU0lTdjVVdG9PQjM5eENURjlYT1JTYzNGMDNMWkpHWTNEY3NESGVhRzJYbGdKMXNrY2g1NTdVVmJqaDhod3FXVl9fTDdLUFAwMHYteEgtdWYyeXprQV9FNUVtYTZPS25tWlNMZ0ozc3JQSUlRMmt1QmpxR3dKa2NiQTJDeUROWUhBU0Z5UERCV3ZIMXdYNGR2Z2FDVmc1YWJUT3FOeC1KR1dhTVg2UlhUcms2NUpGWFhEMm16WFRBX0VncUpPU2kzVWVUS21ITEpSUTRnZlZyTTJGd2lybw?oc=5\" target=\"_blank\" rel=\"nofollow noopener\">La foto de la pol\u00e9mica: Solo seis &#8216;Maestros&#8217; en Tur\u00edn y la norma que impedir\u00e1 el esperpento en 2026<\/a>&nbsp;&nbsp;Eurosport<\/li>\n<li><a href=\"https:\/\/news.google.com\/rss\/articles\/CBMimwFBVV95cUxOS0pzN2tfUjV0U0gzYVFhdTVyTEtxTXdVUm1lTFVBRFNIUjhHUkdDend5S1RpNzlxTlNVU0lIa1FyZzBLZ240OC12NGFXb19oWWtBNVZ3UHUtelJrY2YzMTBZMG1CWGlqSklrazJoV3VORzdJVHRjZ3hxZEZZckR1LVY1Tmo1NU5jZ3RoQnVNUnJwM3FsYWhnR2pTSdIBoAFBVV95cUxPZFlCaVVYLXZZYW0xZ2Q3RVJCeWlsY0lMRVNfY1RsdTluMkhNTnZ0MF9KLVZOV3VXUUtiSFpWNGFKU0FuaFZfdjVjMktnMmZOZ2xENy14OTJiWDJlVEVBOURQVEhpTzFMZ01PRnBBYzA0T0d6RGlXSE0xeUVVNkp4cUpWeDdfUHlKZy1oQTB0X0gxZERpc1k4dmxiLUNhZ1BS?oc=5\" target=\"_blank\" rel=\"nofollow noopener\">El \u2018caso Musetti\u2019 es un antes y un despu\u00e9s para el tenis: las ATP Finals cambian su reglamento &#8230;<\/a>&nbsp;&nbsp;OkDiario<\/li>\n<li><a href=\"https:\/\/news.google.com\/rss\/articles\/CBMiugFBVV95cUxPT2ZDTHNZVjZDTVdtcW5Bei1ET0VkQ0NWYzRqbGZfX1owYjh6SlhpLWlmUksxVS11VHNZdDN2di1ld092UE96d1FMTWN0S3BWdFlTU3pZZE05SHQ3TzVIelJ4a3JZSTRRUGYyT3NMb1piTGk1UDlkZGNDYTlURW4zTW1neEZqWEtnWmxReWFmdWZYMkVpMzRyeXRtM0ZXWVIta1dLRkVHZVhWOUFVSnZRMk5CU2xXSm9VZVHSAccBQVVfeXFMUGtwMnlkSGhXVDAxZ2FXZ0o3b3F0VTlfUXRkekNndlJaRy1zSTBTS0syOVFyQ2s0ZGtmSGRFSjlleFVTX0NUNTA3ZlNLV2F5TmwtQnhVODhlSmxzMTFSNGxGd1A0UEhqcWVJQlVsOUtuQ0dKRjNqekxRaGY2TzYxWFFtVzlTclh1QXB6LWpFdlllR2UyTF9yc2dVVjl5VHo5SktXTm1PdUtyeGN1NzZRbnhqM00wck1rdVp6anhCOEthbWluWXBjQQ?oc=5\" target=\"_blank\" rel=\"nofollow noopener\">La ATP corta por lo sano y no permitir\u00e1 que se repita el l\u00edo de este a\u00f1o con Djokovic y Musetti<\/a>&nbsp;&nbsp;Mundo Deportivo<\/li>\n<li><a href=\"https:\/\/news.google.com\/rss\/articles\/CBMipAFBVV95cUxORXUyRUNjY3ZPNExBY3dHSDZmNThmUDVSWG1Dd2tocmpFSVNEOHNNVjVQWkx0V1AzZ3hkM3BvdU5rZ2d2YUNqcmdVVEFsQVdVQktZSGN5TThqcWotZjBLUVZkYVlreF9oaFhleXpZa3p2VDNzS1N6Wi1qeUptamw5amFuRjNHcHBfS0RHZUt1SkpOSTVLbm1tQkt6aWE3alo1Wlg3Xw?oc=5\" target=\"_blank\" rel=\"nofollow noopener\">La ATP establece un cambio importante en la normativa de la Race ATP a partir del 2026<\/a>&nbsp;&nbsp;Punto de Break<\/li>\n<\/ol>\n","protected":false},"excerpt":{"rendered":"La fotograf\u00eda que cambia la regla: no habr\u00e1 m\u00e1s espantadas de maestros&nbsp;&nbsp;MARCA La foto de la pol\u00e9mica: Solo&hellip;\n","protected":false},"author":2,"featured_media":224820,"comment_status":"","ping_status":"","sticky":false,"template":"","format":"standard","meta":{"footnotes":""},"categories":[274],"tags":[168,25,24,23,167,327,326],"class_list":{"0":"post-224819","1":"post","2":"type-post","3":"status-publish","4":"format-standard","5":"has-post-thumbnail","7":"category-tenis","8":"tag-deportes","9":"tag-es","10":"tag-espana","11":"tag-spain","12":"tag-sports","13":"tag-tenis","14":"tag-tennis"},"share_on_mastodon":{"url":"https:\/\/pubeurope.com\/@es\/115513346190127753","error":""},"_links":{"self":[{"href":"https:\/\/www.europesays.com\/es\/wp-json\/wp\/v2\/posts\/224819","targetHints":{"allow":["GET"]}}],"collection":[{"href":"https:\/\/www.europesays.com\/es\/wp-json\/wp\/v2\/posts"}],"about":[{"href":"https:\/\/www.europesays.com\/es\/wp-json\/wp\/v2\/types\/post"}],"author":[{"embeddable":true,"href":"https:\/\/www.europesays.com\/es\/wp-json\/wp\/v2\/users\/2"}],"replies":[{"embeddable":true,"href":"https:\/\/www.europesays.com\/es\/wp-json\/wp\/v2\/comments?post=224819"}],"version-history":[{"count":0,"href":"https:\/\/www.europesays.com\/es\/wp-json\/wp\/v2\/posts\/224819\/revisions"}],"wp:featuredmedia":[{"embeddable":true,"href":"https:\/\/www.europesays.com\/es\/wp-json\/wp\/v2\/media\/224820"}],"wp:attachment":[{"href":"https:\/\/www.europesays.com\/es\/wp-json\/wp\/v2\/media?parent=224819"}],"wp:term":[{"taxonomy":"category","embeddable":true,"href":"https:\/\/www.europesays.com\/es\/wp-json\/wp\/v2\/categories?post=224819"},{"taxonomy":"post_tag","embeddable":true,"href":"https:\/\/www.europesays.com\/es\/wp-json\/wp\/v2\/tags?post=224819"}],"curies":[{"name":"wp","href":"https:\/\/api.w.org\/{rel}","templated":true}]}}