{"id":224891,"date":"2025-11-08T10:18:06","date_gmt":"2025-11-08T10:18:06","guid":{"rendered":"https:\/\/www.europesays.com\/es\/224891\/"},"modified":"2025-11-08T10:18:06","modified_gmt":"2025-11-08T10:18:06","slug":"la-continuidad-del-equipo-ciclista-israel-corre-peligro-tras-la-subita-renuncia-de-su-patrocinador-premier-tech-ciclismo-deportes","status":"publish","type":"post","link":"https:\/\/www.europesays.com\/es\/224891\/","title":{"rendered":"La continuidad del equipo ciclista Israel corre peligro tras la s\u00fabita renuncia de su patrocinador Premier Tech | Ciclismo | Deportes"},"content":{"rendered":"<p class=\"\">De una forma s\u00fabita, radical, sin vuelta atr\u00e1s e inesperada, Premier Tech, la empresa de fertilizantes inoculantes y tecnolog\u00eda agraria canadiense, <a href=\"https:\/\/elpais.com\/deportes\/ciclismo\/2025-09-06\/el-equipo-israel-premier-tech-borra-la-palabra-israel-de-su-maillot-en-la-vuelta.html\" target=\"_self\" rel=\"nofollow noopener\" title=\"https:\/\/elpais.com\/deportes\/ciclismo\/2025-09-06\/el-equipo-israel-premier-tech-borra-la-palabra-israel-de-su-maillot-en-la-vuelta.html\">deja de financiar al equipo ciclista Israel, blanco de las iras de miles de manifestantes propalestinos<\/a> que exigieron diariamente su retirada de la Vuelta acus\u00e1ndole de usar el ciclismo para blanquear la pol\u00edtica genocida de Benjam\u00edn Netanyahu en Gaza. As\u00ed lo anunci\u00f3 ayer la compa\u00f1\u00eda desde Quebec. \u201cLa raz\u00f3n fundamental por la que Premier Tech patrocinaba al equipo se ha visto eclipsada hasta tal punto que nos resulta insostenible continuar como patrocinadores\u201d, se lee en un comunicado en el que Premier Tech, patrocinador del Israel desde 2022, insin\u00faa que la raz\u00f3n principal es el malestar que crea entre sus trabajadores y clientes su asociaci\u00f3n con el nombre Israel. \u201cNos apasionan nuestras industrias, nuestros mercados, nuestros clientes y los miembros de nuestro equipo desde 1923. Ellos son el n\u00facleo de nuestro prop\u00f3sito y la raz\u00f3n de ser de Premier Tech. Queremos que cada uno de estos actores se sienta entusiasmado y orgulloso de estar asociado con Premier Tech, sus marcas, sus productos y sus servicios\u201d.<\/p>\n<p class=\"\">La p\u00e9rdida del sponsor principal en noviembre hace peligrar la continuidad de un equipo que ascendi\u00f3 esta temporada al WorldTour. Bajo la denominaci\u00f3n provisional Cycling Academy, el equipo israel\u00ed present\u00f3 el dosier de garant\u00edas \u00e9ticas, financieras y organizativas que exige la Uni\u00f3n Ciclista Internacional (UCI) a todos los aspirantes. Y justo en estas fechas la UCI est\u00e1 evaluando la conformidad de estas solicitudes con los requisitos reglamentarios, en colaboraci\u00f3n con la empresa de auditor\u00eda externa PwC. Seg\u00fan el reglamento de la federaci\u00f3n internacional, los equipos que no pasen la auditor\u00eda, \u201ca\u00fan tienen la posibilidad de rectificar su situaci\u00f3n antes de que finalice el proceso de inscripci\u00f3n, lo que les permitir\u00eda inscribirse para la temporada 2026\u201d. <\/p>\n<p class=\"\">\u201cDe acuerdo con el reglamento de la UCI\u201d, dice la regulaci\u00f3n, \u201clos corredores de los equipos que no cumplan las condiciones <a href=\"https:\/\/elpais.com\/deportes\/ciclismo\/2025-10-10\/30-millones-de-euros-el-precio-de-decir-no-a-seguir-corriendo-en-el-israel.html\" target=\"_self\" rel=\"nofollow noopener\" title=\"https:\/\/elpais.com\/deportes\/ciclismo\/2025-10-10\/30-millones-de-euros-el-precio-de-decir-no-a-seguir-corriendo-en-el-israel.html\">pueden rescindir sus contratos anticipadamente,<\/a> pero este derecho caducar\u00e1 si su equipo se inscribe posteriormente\u201d. Para ello, para encontrar garant\u00edas financieras, el equipo tiene de plazo hasta el 10 de diciembre, fecha en la que termina el proceso de inscripci\u00f3n y se anunciar\u00e1 oficialmente la lista de los 18 equipos admitidos. Sin patrocinador es complicado que el Cycling Academy pueda garantizar solvencia financiera, a menos que el millonario Adams invierta su propio capital o Premier Tech le abone la cantidad comprometida a cambio de que el anagrama de la empresa no figure en ninguna parte. Un acuerdo de ese tipo es el que alcanzaron Deutsche Telekom y Rabobank cuando, en la primera d\u00e9cada del siglo, decidieron cortar el patrocinio de los equipos debido a sus problemas de dopaje. Ni Adams ni la compa\u00f1\u00eda canadiense han comunicado nada al respecto.<\/p>\n<p class=\"\">Seg\u00fan varios medios, los dirigentes del equipo han intentado tranquilizar a los corredores e impedir una estampida hacia otros equipos inform\u00e1ndoles de que, pese a lo inopinado de una ruptura producida sin aviso previo, est\u00e1n en tratos con varias empresas para sustituir a Premier Tech, y que tendr\u00edan noticias en las dos pr\u00f3ximas semanas.<\/p>\n<p class=\"\">Terminada la Vuelta en la que miles de manifestantes a favor de Palestina protestaron contra la participaci\u00f3n del equipo Israel perturbando el desarrollo de unas cuantas etapas e impidiendo que llegara a la meta final de Cibeles, <a href=\"https:\/\/elpais.com\/deportes\/ciclismo\/2025-10-06\/el-israel-premier-tech-cambiara-de-nombre-para-alejarse-de-la-actual-identidad-israeli.html\" target=\"_self\" rel=\"nofollow noopener\" title=\"https:\/\/elpais.com\/deportes\/ciclismo\/2025-10-06\/el-israel-premier-tech-cambiara-de-nombre-para-alejarse-de-la-actual-identidad-israeli.html\">las bicicletas Factor y la compa\u00f1\u00eda agr\u00edcola canadiense Premier Tech.<\/a> principales patrocinadores del Israel, le dijeron a Sylvan Adams, el patr\u00f3n del equipo, que no soportaban m\u00e1s la mala publicidad que ten\u00edan por estar asociados a su nombre. Para calmarlos, Adams, partidario fervoroso de Benjamin Netanyahu y su pol\u00edtica de matanzas y exterminio en Gaza, anunci\u00f3 a primeros de octubre que en 2026 el equipo que fund\u00f3 hace 10 a\u00f1os dejar\u00eda de estar radicado en Israel, dejar\u00eda de llevar su nombre y \u00e9l mismo dar\u00eda un paso al lado \u201cpara garantizar el futuro del proyecto\u201d y asegurar el apoyo continuo de socios y patrocinadores en medio de la creciente presi\u00f3n pol\u00edtica y comercial. \u201cEl progreso a menudo requiere sacrificios, y este paso es esencial para garantizar el futuro del equipo\u201d, dijo. \u201cPara ello, se alejar\u00e1 de su actual identidad israel\u00ed\u201d.<\/p>\n<p class=\"\">La renuncia a la identidad israel\u00ed no ha sido suficiente para Premier Tech. \u201cAunque tomamos nota de la decisi\u00f3n del equipo de cambiar su nombre para la temporada 2026\u201d, se\u00f1ala en su comunicado, tras m\u00faltiples conversaciones con el equipo y una cuidadosa evaluaci\u00f3n de todas las circunstancias relevantes, Premier Tech ha decidido renunciar a ser copatrocinador principal del equipo con efecto inmediato\u201d.<\/p>\n","protected":false},"excerpt":{"rendered":"De una forma s\u00fabita, radical, sin vuelta atr\u00e1s e inesperada, Premier Tech, la empresa de fertilizantes inoculantes y&hellip;\n","protected":false},"author":2,"featured_media":224892,"comment_status":"","ping_status":"","sticky":false,"template":"","format":"standard","meta":{"footnotes":""},"categories":[93],"tags":[2839,313,2838,1540,168,25,24,49034,23,167,7603],"class_list":{"0":"post-224891","1":"post","2":"type-post","3":"status-publish","4":"format-standard","5":"has-post-thumbnail","7":"category-deportes","8":"tag-carreras-ciclistas","9":"tag-ciclismo","10":"tag-ciclistas","11":"tag-competiciones","12":"tag-deportes","13":"tag-es","14":"tag-espana","15":"tag-israel-cycling-academy","16":"tag-spain","17":"tag-sports","18":"tag-vuelta-espana"},"share_on_mastodon":{"url":"https:\/\/pubeurope.com\/@es\/115513570301393920","error":""},"_links":{"self":[{"href":"https:\/\/www.europesays.com\/es\/wp-json\/wp\/v2\/posts\/224891","targetHints":{"allow":["GET"]}}],"collection":[{"href":"https:\/\/www.europesays.com\/es\/wp-json\/wp\/v2\/posts"}],"about":[{"href":"https:\/\/www.europesays.com\/es\/wp-json\/wp\/v2\/types\/post"}],"author":[{"embeddable":true,"href":"https:\/\/www.europesays.com\/es\/wp-json\/wp\/v2\/users\/2"}],"replies":[{"embeddable":true,"href":"https:\/\/www.europesays.com\/es\/wp-json\/wp\/v2\/comments?post=224891"}],"version-history":[{"count":0,"href":"https:\/\/www.europesays.com\/es\/wp-json\/wp\/v2\/posts\/224891\/revisions"}],"wp:featuredmedia":[{"embeddable":true,"href":"https:\/\/www.europesays.com\/es\/wp-json\/wp\/v2\/media\/224892"}],"wp:attachment":[{"href":"https:\/\/www.europesays.com\/es\/wp-json\/wp\/v2\/media?parent=224891"}],"wp:term":[{"taxonomy":"category","embeddable":true,"href":"https:\/\/www.europesays.com\/es\/wp-json\/wp\/v2\/categories?post=224891"},{"taxonomy":"post_tag","embeddable":true,"href":"https:\/\/www.europesays.com\/es\/wp-json\/wp\/v2\/tags?post=224891"}],"curies":[{"name":"wp","href":"https:\/\/api.w.org\/{rel}","templated":true}]}}