{"id":224893,"date":"2025-11-08T10:20:07","date_gmt":"2025-11-08T10:20:07","guid":{"rendered":"https:\/\/www.europesays.com\/es\/224893\/"},"modified":"2025-11-08T10:20:07","modified_gmt":"2025-11-08T10:20:07","slug":"rosalia-bendice-los-40-music-awards-con-una-actuacion-divina-de-reliquia","status":"publish","type":"post","link":"https:\/\/www.europesays.com\/es\/224893\/","title":{"rendered":"Rosal\u00eda bendice Los 40 Music Awards con una actuaci\u00f3n divina de \u00abReliquia\u00bb"},"content":{"rendered":"<p>\u00abSi me dan a elegir\u2026 -la primera estrofa de Me quedo contigo de los Chunguitos, la canci\u00f3n que consagr\u00f3 a Rosal\u00eda como una las santas musicales del pa\u00eds en los Goya 2019-\u00ab, sin duda elegir\u00edamos las actuaciones de la artista catalana como aut\u00e9nticos milagros en vivo. A trav\u00e9s de un rayo de luz, <strong>Rosal\u00eda <\/strong>(<a href=\"https:\/\/www.google.com\/search?sca_esv=c4f930c117b1d5e6&amp;rlz=1C5CHFA_enES1039ES1039&amp;sxsrf=AE3TifNSLaszRH81exEmtLqJRS0mSTipWw:1762590830546&amp;q=Sant+Esteve+Sesrovires&amp;si=AMgyJEveiRpRWbYSNPkEPxCUbItHSvun4xkRgDDPLmrOjDx35ArestS4jnOsjE5eKEO5tUaHLcdYMzYC7oXUtnYhgLdpm2bbK7Id_6NwT2D0Gl_1u6NP9xClSHSRicexHMARKSHvgngceJw3HYCNRP6GmrAKriIk4r1HKmXh7ANu9Groq6GtuMekFEP5lQEyAELsr6TTOHGgeqAQwWInlTRp5M21EYYfWQ%3D%3D&amp;sa=X&amp;ved=2ahUKEwj1_NrCkuKQAxVo9QIHHci6E0sQmxN6BAgZEAI\" rel=\"nofollow noopener\" target=\"_blank\">Sant Esteve Sesrovires<\/a>, Barcelona, 32 a\u00f1os) abri\u00f3 <strong>la gala de LOS40 Music Awards Santander 2025<\/strong> con <strong>Reliquia<\/strong>, una de las canciones de su cuarto \u00e1lbum de estudio <strong>Lux<\/strong>, con la que transport\u00f3 al p\u00fablico del Roig Arena de Valencia al mism\u00edsimo cielo.<\/p>\n<p>Como si estuviera en un cementerio g\u00f3tico en el que ha enterrado a su pasado, la cantante de El Mal Querer, junto a otros veinte m\u00fasicos, interpret\u00f3 <a href=\"https:\/\/forbes.es\/forbes-women\/824356\/todas-las-filtraciones-de-rosalia-marketing-o-casualidad\/\" rel=\"nofollow noopener\" target=\"_blank\">dicho tema -que fue una de las filtraciones de Lux<\/a>\u2013 con tal arte que parec\u00eda que estabas dando al play directamente del tema en streaming. Sobre este terreno pantanoso, lleno de cruces de las que brotaban la letra de la canci\u00f3n en distintos idiomas como portugu\u00e9s, italiano, ingl\u00e9s o \u00e1rabe, Rosal\u00eda dej\u00f3 claro que aunque su suelo te atrape, sales m\u00e1s bendecida que nunca. E incluso vestida tan ideal como iba con su vestido de aires g\u00f3ticos compuesto por un cors\u00e9 y varias capas de organza de color negro y nude. <\/p>\n<blockquote class=\"instagram-media\" data-instgrm-captioned=\"\" data-instgrm-permalink=\"https:\/\/www.instagram.com\/reel\/DQxHkxwjWTK\/?utm_source=ig_embed&amp;utm_campaign=loading\" data-instgrm-version=\"14\" style=\" background:#FFF; border:0; border-radius:3px; box-shadow:0 0 1px 0 rgba(0,0,0,0.5),0 1px 10px 0 rgba(0,0,0,0.15); margin: 1px; max-width:540px; min-width:326px; padding:0; width:99.375%; width:-webkit-calc(100% - 2px); width:calc(100% - 2px);\"\/>\n<p> \u00abMi coraz\u00f3n nunca ha sido m\u00edo. Siempre lo doy\u00bb, es la parte de los lyrics de esta canci\u00f3n que pone los pelos m\u00e1s de punta y que pone de manifiesto todas las ciudades en las que ha dejado un poco de su alma a lo largo de estos \u00faltimo a\u00f1os. Madrid, Londres, Jerez\u2026, una larga lista de lugares cantados con unos dulces agudos sostenidos y aireados que dejaban a las casi 20.000 personas del p\u00fablico sin aliento. <\/p>\n<p>El fin de su actuaci\u00f3n lleg\u00f3 cuando se lanzaron las partituras a lo alto, en un momento de \u00e9xtasis electr\u00f3nico, simulando as\u00ed una indirecta que se podr\u00eda interpretar como \u00abaqu\u00ed ten\u00e9is mi m\u00fasica, recibidla como un trocito de m\u00ed\u00bb.<\/p>\n<p>Es la primera vez que Valencia acoge la ceremonia anual de la radio musical del Grupo Prisa, y es evidente que la cantante ha sido su autoridad religiosa m\u00e1xima de dicha ceremonia, porque todos estaban rezando por su llegada. A la alfombra roja -a la que lleg\u00f3 la primera-, apareci\u00f3 con un\u00a0top\u00a0emplumado y unas gafas m\u00e1scara que cubr\u00edan la mitad de su rostro y una falda negra de tiro muy bajo y acampanado que emula a las campanas de una iglesia. Ya sab\u00e9is, tanto en el arte como en la religi\u00f3n, primero van las santas y Rosal\u00eda se acaba de coronar con su nuevo \u00e1lbum Lux como la mes\u00edas de todas estas disiciplinas. <\/p>\n<blockquote class=\"instagram-media\" data-instgrm-captioned=\"\" data-instgrm-permalink=\"https:\/\/www.instagram.com\/p\/DQxBzbZDZhA\/?utm_source=ig_embed&amp;utm_campaign=loading\" data-instgrm-version=\"14\" style=\" background:#FFF; border:0; border-radius:3px; box-shadow:0 0 1px 0 rgba(0,0,0,0.5),0 1px 10px 0 rgba(0,0,0,0.15); margin: 1px; max-width:540px; min-width:326px; padding:0; width:99.375%; width:-webkit-calc(100% - 2px); width:calc(100% - 2px);\"\/>\n<p>Lux, un \u00e1lbum al que rendir culto <\/p>\n<p>Consiste en su cuarto \u00e1lbum de estudio, y est\u00e1 <strong>disponible desde el pasado 7 de noviembre<\/strong>. Se trata de una ambiciosa producci\u00f3n grabada junto a la <strong>London Symphony Orchestra<\/strong> que fusiona <strong>flamenco, \u00f3pera, electr\u00f3nica y pop<\/strong> a lo largo de 15 temas digitales (18 en su edici\u00f3n f\u00edsica).<\/p>\n<p>Tras un largo proceso de creaci\u00f3n de tres a\u00f1os, Lux cuenta con colaboraciones de <strong>Bj\u00f6rk, Estrella Morente y Yves Tumor<\/strong>, y se inspira en la <strong>m\u00edstica femenina<\/strong>, explorando la <strong>espiritualidad, la transformaci\u00f3n y el deseo<\/strong> a trav\u00e9s de canciones interpretadas en <strong>13 idiomas<\/strong>. Una experiencia extrasensorial de la que disfrutar, reflexionar y cantar siempre que queramos encontrar un rayo de luz en la oscuridad, o incluso unas palabras en una cruz. <\/p>\n<p>        <script async src=\"\/\/www.instagram.com\/embed.js\"><\/script><\/p>\n","protected":false},"excerpt":{"rendered":"\u00abSi me dan a elegir\u2026 -la primera estrofa de Me quedo contigo de los Chunguitos, la canci\u00f3n que&hellip;\n","protected":false},"author":2,"featured_media":224894,"comment_status":"","ping_status":"","sticky":false,"template":"","format":"standard","meta":{"footnotes":""},"categories":[91],"tags":[146,147,25,24,4147,23],"class_list":{"0":"post-224893","1":"post","2":"type-post","3":"status-publish","4":"format-standard","5":"has-post-thumbnail","7":"category-entretenimiento","8":"tag-entertainment","9":"tag-entretenimiento","10":"tag-es","11":"tag-espana","12":"tag-rosalia","13":"tag-spain"},"share_on_mastodon":{"url":"https:\/\/pubeurope.com\/@es\/115513578337142487","error":""},"_links":{"self":[{"href":"https:\/\/www.europesays.com\/es\/wp-json\/wp\/v2\/posts\/224893","targetHints":{"allow":["GET"]}}],"collection":[{"href":"https:\/\/www.europesays.com\/es\/wp-json\/wp\/v2\/posts"}],"about":[{"href":"https:\/\/www.europesays.com\/es\/wp-json\/wp\/v2\/types\/post"}],"author":[{"embeddable":true,"href":"https:\/\/www.europesays.com\/es\/wp-json\/wp\/v2\/users\/2"}],"replies":[{"embeddable":true,"href":"https:\/\/www.europesays.com\/es\/wp-json\/wp\/v2\/comments?post=224893"}],"version-history":[{"count":0,"href":"https:\/\/www.europesays.com\/es\/wp-json\/wp\/v2\/posts\/224893\/revisions"}],"wp:featuredmedia":[{"embeddable":true,"href":"https:\/\/www.europesays.com\/es\/wp-json\/wp\/v2\/media\/224894"}],"wp:attachment":[{"href":"https:\/\/www.europesays.com\/es\/wp-json\/wp\/v2\/media?parent=224893"}],"wp:term":[{"taxonomy":"category","embeddable":true,"href":"https:\/\/www.europesays.com\/es\/wp-json\/wp\/v2\/categories?post=224893"},{"taxonomy":"post_tag","embeddable":true,"href":"https:\/\/www.europesays.com\/es\/wp-json\/wp\/v2\/tags?post=224893"}],"curies":[{"name":"wp","href":"https:\/\/api.w.org\/{rel}","templated":true}]}}