{"id":224961,"date":"2025-11-08T11:10:07","date_gmt":"2025-11-08T11:10:07","guid":{"rendered":"https:\/\/www.europesays.com\/es\/224961\/"},"modified":"2025-11-08T11:10:07","modified_gmt":"2025-11-08T11:10:07","slug":"herido-un-policia-nacional-por-disparo-de-arma-de-fuego-en-isla-mayor-mientras-realizaba-un-seguimiento-a-un-grupo-de-narcos","status":"publish","type":"post","link":"https:\/\/www.europesays.com\/es\/224961\/","title":{"rendered":"Herido un polic\u00eda nacional por disparo de arma de fuego en Isla Mayor mientras realizaba un seguimiento a un grupo de narcos"},"content":{"rendered":"<p>08\/11\/2025<br \/>\n<br \/><strong><br \/>\nActualizado a las 11:01h.<br \/>\n<\/strong><\/p>\n<p class=\"voc-p\" style=\"\"><strong>Un agente de la Polic\u00eda Nacional ha resultado herido por disparo de arma de fuego en Isla Mayor<\/strong> y est\u00e1 siendo intervenido quir\u00fargicamente la misma ma\u00f1ana de este s\u00e1bado.<\/p>\n<p class=\"voc-p\" style=\"\">Seg\u00fan han informado a este peri\u00f3dico fuentes de la Polic\u00eda Nacional, el agente participaba en  &#8230; <strong>un dispositivo de vigilancia y seguimiento a un grupo criminal, cuyos miembros se habr\u00edan percatado de la presencia policial,<\/strong> abriendo fuego contra los efectivos. Como consecuencia de ello, el citado agente <strong>ha resultado herido con pron\u00f3stico reservado y est\u00e1 siendo intervenido quir\u00fargicamente<\/strong> en un hospital de Sevilla.<\/p>\n<p class=\"voc-p\" style=\"\">La Polic\u00eda Nacional, con el apoyo de la Guardia Civil, ha desplegado un importante dispositivo en el entorno de Isla Mayor para <strong>intentar capturar a los miembros de la organizaci\u00f3n criminal en cuesti\u00f3n. <\/strong><\/p>\n<p class=\"voc-p\" style=\"\">El alcalde de Isla Mayor, Juan Molero, ha informado a este peri\u00f3dico de que el despliegue, con <strong>numerosos coches patrulla y agentes, habr\u00eda comenzado desde las 06.30 horas de la madrugada<\/strong> y se centrar\u00eda en una zona de naves irregulares levantadas a unos dos kil\u00f3metros del casco urbano de la localidad, otrora e<strong>scenario de actuaciones contra las redes de narcotr\u00e1fico por su car\u00e1cter fluvial<\/strong> y el papel del r\u00edo Guadalquivir en la actividad de los grupos criminales dedicados a dicha actividad.<\/p>\n<p class=\"voc-p\" style=\"\">El servicio unificado de emergencias 112 de Andaluc\u00eda, por su parte, se\u00f1ala que los hechos habr\u00edan ocurrido <strong>en la v\u00eda conocida como carretera de los Toru\u00f1os, ya cerca del t\u00e9rmino municipal de Aznalc\u00e1zar.<\/strong><\/p>\n<p>\nArt\u00edculo solo para suscriptores\n<\/p>\n<p>Reportar un error<\/p>\n","protected":false},"excerpt":{"rendered":"08\/11\/2025 Actualizado a las 11:01h. Un agente de la Polic\u00eda Nacional ha resultado herido por disparo de arma&hellip;\n","protected":false},"author":2,"featured_media":224962,"comment_status":"","ping_status":"","sticky":false,"template":"","format":"standard","meta":{"footnotes":""},"categories":[8],"tags":[26102,17,18,12022,25,24,13,14,4513,11,53,908,3643,19,20,737,31,9,10,15,16,15118,23,12,21,22],"class_list":{"0":"post-224961","1":"post","2":"type-post","3":"status-publish","4":"format-standard","5":"has-post-thumbnail","7":"category-espana","8":"tag-arma","9":"tag-breaking-news","10":"tag-breakingnews","11":"tag-despliegue","12":"tag-es","13":"tag-espana","14":"tag-featured-news","15":"tag-featurednews","16":"tag-fuego","17":"tag-headlines","18":"tag-herido","19":"tag-importante","20":"tag-isla","21":"tag-latest-news","22":"tag-latestnews","23":"tag-marco","24":"tag-mayor","25":"tag-news","26":"tag-noticias","27":"tag-noticias-destacadas","28":"tag-noticiasdestacadas","29":"tag-policial","30":"tag-spain","31":"tag-titulares","32":"tag-ultimas-noticias","33":"tag-ultimasnoticias"},"share_on_mastodon":{"url":"https:\/\/pubeurope.com\/@es\/115513774830325942","error":""},"_links":{"self":[{"href":"https:\/\/www.europesays.com\/es\/wp-json\/wp\/v2\/posts\/224961","targetHints":{"allow":["GET"]}}],"collection":[{"href":"https:\/\/www.europesays.com\/es\/wp-json\/wp\/v2\/posts"}],"about":[{"href":"https:\/\/www.europesays.com\/es\/wp-json\/wp\/v2\/types\/post"}],"author":[{"embeddable":true,"href":"https:\/\/www.europesays.com\/es\/wp-json\/wp\/v2\/users\/2"}],"replies":[{"embeddable":true,"href":"https:\/\/www.europesays.com\/es\/wp-json\/wp\/v2\/comments?post=224961"}],"version-history":[{"count":0,"href":"https:\/\/www.europesays.com\/es\/wp-json\/wp\/v2\/posts\/224961\/revisions"}],"wp:featuredmedia":[{"embeddable":true,"href":"https:\/\/www.europesays.com\/es\/wp-json\/wp\/v2\/media\/224962"}],"wp:attachment":[{"href":"https:\/\/www.europesays.com\/es\/wp-json\/wp\/v2\/media?parent=224961"}],"wp:term":[{"taxonomy":"category","embeddable":true,"href":"https:\/\/www.europesays.com\/es\/wp-json\/wp\/v2\/categories?post=224961"},{"taxonomy":"post_tag","embeddable":true,"href":"https:\/\/www.europesays.com\/es\/wp-json\/wp\/v2\/tags?post=224961"}],"curies":[{"name":"wp","href":"https:\/\/api.w.org\/{rel}","templated":true}]}}