{"id":224981,"date":"2025-11-08T11:27:07","date_gmt":"2025-11-08T11:27:07","guid":{"rendered":"https:\/\/www.europesays.com\/es\/224981\/"},"modified":"2025-11-08T11:27:07","modified_gmt":"2025-11-08T11:27:07","slug":"ron-dennis-dijo-en-2007-nuestra-carrera-es-contra-fernando-no-contra-kimi","status":"publish","type":"post","link":"https:\/\/www.europesays.com\/es\/224981\/","title":{"rendered":"Ron Dennis dijo en 2007 &#8216;nuestra carrera es contra Fernando, no contra Kimi&#8217;"},"content":{"rendered":"<p class=\"c-paragraph\">El<a href=\"https:\/\/www.20minutos.es\/tags\/deportes\/formula-1.html\" title=\"F\u00f3rmula 1\" rel=\"nofollow noopener\" target=\"_blank\"> <b>Mundial de F\u00f3rmula 1<\/b><\/a><b> est\u00e1 al rojo vivo<\/b>. Los dos McLaren tienen opciones claras de asaltar el t\u00edtulo, pero por detr\u00e1s espera al acecho Max Verstappen, quien no dudar\u00e1 en aprovechar cualquier error de los &#8216;papayas&#8217;. Sobre la batalla entre corredores del mismo equipo opin\u00f3 recientemente alguien que tiene experiencia, <b><a href=\"https:\/\/www.20minutos.es\/tags\/deportes\/fernando-alonso.html\" title=\"Fernando Alonso\" rel=\"nofollow noopener\" target=\"_blank\">Fernando Alonso<\/a>, al que le han venido malos recuerdos de lo que ocurri\u00f3 en el a\u00f1o 2007<\/b> durante su etapa con <a href=\"https:\/\/www.20minutos.es\/tags\/deportes\/lewis-hamilton.html\" title=\"Lewis Hamilton\" rel=\"nofollow noopener\" target=\"_blank\">Hamilton <\/a>tambi\u00e9n en McLaren.<\/p>\n<p class=\"c-paragraph\">En la previa del GP de Brasil, Fernando Alonso fue preguntado por la lucha interna que tiene ahora McLaren en su garaje, ante lo que prefiri\u00f3 tirar de memoria.<\/p>\n<p class=\"c-paragraph\">\u00abZack Brown (director ejecutivo de McLaren) ha dicho que\u00a0 si tienen a sus dos pilotos batallando y al final gana Max, que no pasar\u00eda nada. Parece que no aprendieron la lecci\u00f3n de 2007. S\u00e9 que eran otros tiempos&#8230; pero, <b>\u00bfes esto lo que pasa cuando tienes dos pilotos similares luchando por el campeonato?<\/b>\u00ab, le pregunta la prensa.\u00a0<\/p>\n<p class=\"c-paragraph\">Su respuesta es clara: \u00abS\u00ed, siempre corres ese riesgo, pero no creo que el caso sea exactamente lo mismo. Ya sabes, en 2007 recuerdo a Ron Dennis (l\u00edder de McLaren entonces)\u00a0decir en China 2007: <b>\u00abCorremos contra Fernando. Nuestra carrera es contra Fernando y no contra Kimi'\u00bb<\/b>, rememora.<\/p>\n<p class=\"c-paragraph\">\u00abImagina que Zak dijera: &#8216;Nuestra carrera es contra Oscar, no contra Max&#8217;&#8230; s\u00ed, la situaci\u00f3n es muy distinta ahora\u00bb, recuerda con un aire ir\u00f3nico.<\/p>\n<p>Andrea Stella, sin \u00abfavoritismos\u00bb<\/p>\n<p class=\"c-paragraph\">Mientras Alonso ironiza sobre la &#8216;igualdad de lucha&#8217; en McLaren, en la escuder\u00eda papaya tratan de mantener la neutralidad al m\u00e1ximo. Al menos as\u00ed lo reflejan de puertas para afuera con declaraciones como las de Andrea Stella, <b>director del equipo McLaren Racing con F\u00f3rmula 1<\/b>.\u00a0<\/p>\n<p class=\"c-paragraph\">\u00ab\u00bfFavoritismos? Esto es como si tuvieras dos hijos y alguien te preguntara: <b>&#8216;\u00bfCu\u00e1l es tu hijo preferido?&#8217; <\/b>\u00a1Pero si son mis dos hijos!\u00bb, clam\u00f3 en declaraciones al p\u00f3dcast\u00a0Beyond The Grid.<\/p>\n<p class=\"c-paragraph\">A lo que a\u00f1adi\u00f3: \u00abCreo que a veces la gente no entiende realmente lo que significa tener dos pilotos que te acompa\u00f1en en este camino en la F\u00f3rmula 1, as\u00ed que, <b>sinceramente, me siento muy agradecido a ambos<\/b>\u00ab, zanja.<\/p>\n","protected":false},"excerpt":{"rendered":"El Mundial de F\u00f3rmula 1 est\u00e1 al rojo vivo. Los dos McLaren tienen opciones claras de asaltar el&hellip;\n","protected":false},"author":2,"featured_media":224982,"comment_status":"","ping_status":"","sticky":false,"template":"","format":"standard","meta":{"footnotes":""},"categories":[93],"tags":[4095,168,25,24,11928,2704,14072,23,167,5556],"class_list":{"0":"post-224981","1":"post","2":"type-post","3":"status-publish","4":"format-standard","5":"has-post-thumbnail","7":"category-deportes","8":"tag-batalla","9":"tag-deportes","10":"tag-es","11":"tag-espana","12":"tag-malos","13":"tag-mclaren","14":"tag-recuerdos","15":"tag-spain","16":"tag-sports","17":"tag-trae"},"share_on_mastodon":{"url":"https:\/\/pubeurope.com\/@es\/115513841743357819","error":""},"_links":{"self":[{"href":"https:\/\/www.europesays.com\/es\/wp-json\/wp\/v2\/posts\/224981","targetHints":{"allow":["GET"]}}],"collection":[{"href":"https:\/\/www.europesays.com\/es\/wp-json\/wp\/v2\/posts"}],"about":[{"href":"https:\/\/www.europesays.com\/es\/wp-json\/wp\/v2\/types\/post"}],"author":[{"embeddable":true,"href":"https:\/\/www.europesays.com\/es\/wp-json\/wp\/v2\/users\/2"}],"replies":[{"embeddable":true,"href":"https:\/\/www.europesays.com\/es\/wp-json\/wp\/v2\/comments?post=224981"}],"version-history":[{"count":0,"href":"https:\/\/www.europesays.com\/es\/wp-json\/wp\/v2\/posts\/224981\/revisions"}],"wp:featuredmedia":[{"embeddable":true,"href":"https:\/\/www.europesays.com\/es\/wp-json\/wp\/v2\/media\/224982"}],"wp:attachment":[{"href":"https:\/\/www.europesays.com\/es\/wp-json\/wp\/v2\/media?parent=224981"}],"wp:term":[{"taxonomy":"category","embeddable":true,"href":"https:\/\/www.europesays.com\/es\/wp-json\/wp\/v2\/categories?post=224981"},{"taxonomy":"post_tag","embeddable":true,"href":"https:\/\/www.europesays.com\/es\/wp-json\/wp\/v2\/tags?post=224981"}],"curies":[{"name":"wp","href":"https:\/\/api.w.org\/{rel}","templated":true}]}}