{"id":225003,"date":"2025-11-08T11:45:08","date_gmt":"2025-11-08T11:45:08","guid":{"rendered":"https:\/\/www.europesays.com\/es\/225003\/"},"modified":"2025-11-08T11:45:08","modified_gmt":"2025-11-08T11:45:08","slug":"el-guggenheim-de-bilbao-se-convierte-en-el-primer-museo-espacio-cerebroprotegido","status":"publish","type":"post","link":"https:\/\/www.europesays.com\/es\/225003\/","title":{"rendered":"El Guggenheim de Bilbao se convierte en el primer museo &#8216;Espacio Cerebroprotegido&#8217;"},"content":{"rendered":"<p>El\u00a0<a data-external=\"1\" href=\"https:\/\/www.guggenheim-bilbao.eus\/\" rel=\"follow nofollow noopener\" target=\"_self\" title=\"Guggenheim Bilbao\">Guggenheim Bilbao<\/a> se ha convertido en el\u00a0<strong>primer museo en obtener la certificaci\u00f3n de &#8216;Espacio Cerebroprotegido&#8217;<\/strong>, que otorga\u00a0la\u00a0<strong><a data-external=\"1\" href=\"https:\/\/www.frenoalictus.org\/\" rel=\"nofollow noopener\" target=\"_blank\" title=\"Fundaci\u00f3n Freno al Ictus\">Fundaci\u00f3n Freno al Ictus<\/a>. <\/strong>M\u00e1s del 80% de su personal ha recibido sobre esta enfermedad formaci\u00f3n especializada,\u00a0avalada por la\u00a0Sociedad Espa\u00f1ola de Neurolog\u00eda (SEN)<a data-external=\"1\" href=\"https:\/\/www.sen.es\/\" rel=\"nofollow noopener\" target=\"_blank\" title=\"Sociedad Espa\u00f1ola de Neurolog\u00eda (SEN)\">Sociedad Espa\u00f1ola de Neurolog\u00eda (SEN)<\/a><strong>,\u00a0<\/strong>que les capacita para reconocer sus s\u00edntomas y actuar con rapidez ante una posible emergencia, pues en estos casos <a data-external=\"1\" href=\"https:\/\/www.elplural.com\/sociedad\/avances-en-tratamiento-ictus-isquemico_288013102\" rel=\"nofollow noopener\" target=\"_blank\" title=\"cada minuto cuenta\">cada minuto cuenta<\/a>.\u00a0<\/p>\n<p>Los profesionales de la entidad han podido adquirir las herramientas necesarias para distinguir las se\u00f1ales de alarma, activar la alerta a trav\u00e9s del 112 y acelerar la cadena <strong>&#8216;c\u00f3digo ictus&#8217;,<\/strong> lo que permite aumentan las posibilidades de recuperaci\u00f3n del paciente y reducir las secuelas.\u00a0<\/p>\n<p>\u00abEn un lugar como el Museo, que acoge <strong>m\u00e1s de un mill\u00f3n de personas al a\u00f1o<\/strong>, nos parece fundamental dotarnos de las herramientas y conocimientos necesarios para abordar de la mejor manera posible cualquier situaci\u00f3n de riesgo. Y el ictus es, por desgracia, una causa clara por su alta incidencia\u00bb, apunta Miren Arzalluz, directora general del\u00a0Guggenheim Bilbao.<\/p>\n<p>Por su vez, <strong>Julio Agredano<\/strong>, presidente de la Fundaci\u00f3n Freno al Ictus apunta\u00a0 que la implicaci\u00f3n del Museo con el proyecto \u00abes un ejemplo de compromiso con la salud de las personas y con la sociedad\u00bb. \u00abEstar preparados para actuar ante un ictus significa estar preparados para salvar vidas\u00bb, enfatiza.<\/p>\n<p>Primera causa de muerte mujeres\u00a0<\/p>\n<p>M\u00e1s de\u00a0120.000 personas en Espa\u00f1a sufren cada a\u00f1o un ictus, una enfermedad que constituye la\u00a0<strong>primera causa de muerte en mujeres y una de las principales causas de discapacidad adquirida en adultos.\u00a0<\/strong><\/p>\n<p>Se trata de episodios de inicio brusco en los\u00a0que se produce una\u00a0<b>alteraci\u00f3n en el flujo sangu\u00edneo cerebral<\/b>. En funci\u00f3n de c\u00f3mo sea esta, el ictus es\u00a0<b>hemorr\u00e1gico o isqu\u00e9mico<\/b>. En el primero de los casos la sangre se sale de la arteria y da\u00f1a el cerebro directamente; en el segundo, se produce una trombosis, una interrupci\u00f3n del flujo sangu\u00edneo que impide que la sangre llegue a la parte que depende de la arteria afectada. Aproximadamente el 80 por ciento de los ictus son de este \u00faltimo tipo y se les conoce como\u00a0<b>infarto cerebral.\u00a0<\/b><\/p>\n<p>\u00a0<\/p>\n<p>Reconocer los s\u00edntomas y actuar lo m\u00e1s r\u00e1pidamente posible es fundamental para <strong>evitar la mortalidad y reducir las secuelas<\/strong>. Estos se presentan de forma\u00a0muy brusca e incluyen, dolor de cabeza, mareos, visi\u00f3n doble, dificultad en la articulaci\u00f3n del lenguaje, debilidad de un brazo, una pierna o de la mitad del cuerpo y desviaci\u00f3n de la comisura de la boca.\u00a0 Sin embargo, el paciente puede experimentar simplemente trastornos sensitivos.\u00a0Cualquier combinaci\u00f3n de estos s\u00edntomas, cuando aparecen s\u00fabitamente, debe constituir una se\u00f1al de alerta.\u00a0<\/p>\n<p>Las <strong>secuelas <\/strong>que el ictus puede dejar dependen en gran medida del tiempo que transcurre desde que se presenta el episodio hasta que se recibe tratamiento y var\u00edan en funci\u00f3n de la zona del cerebro que se haya visto da\u00f1ada. Pueden ser\u00a0del lenguaje, sensitivas, motoras o de comportamiento; y ser <strong>transitorias o permanentes.\u00a0<\/strong><\/p>\n<p>Una enfermedad evitable en muchos casos<\/p>\n<p>Una parte muy importante de los ictus se puede evitar, pues est\u00e1n directamente relacionados con el estilo de vida. Aunque la edad y los antecedentes familiares son factores de riesgo que no se pueden controlar, hay otros que s\u00ed como la\u00a0<b>hipertensi\u00f3n arterial<\/b>, <strong>el\u00a0tabaquismo, el sedentarismo, la hipercolesterolemia, la hipertrigliceridemia y el sobrepeso<\/strong>. Tambi\u00e9n el\u00a0<strong>uso de anticonceptivos hormonales<\/strong>\u00a0incrementa el riesgo de sufrir un ictus, m\u00e1s a\u00fan si se combina con el tabaco.\u00a0\u00a0<\/p>\n<p>\u00a0<\/p>\n","protected":false},"excerpt":{"rendered":"El\u00a0Guggenheim Bilbao se ha convertido en el\u00a0primer museo en obtener la certificaci\u00f3n de &#8216;Espacio Cerebroprotegido&#8217;, que otorga\u00a0la\u00a0Fundaci\u00f3n Freno&hellip;\n","protected":false},"author":2,"featured_media":225004,"comment_status":"","ping_status":"","sticky":false,"template":"","format":"standard","meta":{"footnotes":""},"categories":[173],"tags":[229,233,231,230,232,234,146,147,25,24,23],"class_list":{"0":"post-225003","1":"post","2":"type-post","3":"status-publish","4":"format-standard","5":"has-post-thumbnail","7":"category-arte-y-diseno","8":"tag-arte","9":"tag-arte-y-diseno","10":"tag-arts","11":"tag-arts-and-design","12":"tag-design","13":"tag-diseno","14":"tag-entertainment","15":"tag-entretenimiento","16":"tag-es","17":"tag-espana","18":"tag-spain"},"share_on_mastodon":{"url":"https:\/\/pubeurope.com\/@es\/115513912452114681","error":""},"_links":{"self":[{"href":"https:\/\/www.europesays.com\/es\/wp-json\/wp\/v2\/posts\/225003","targetHints":{"allow":["GET"]}}],"collection":[{"href":"https:\/\/www.europesays.com\/es\/wp-json\/wp\/v2\/posts"}],"about":[{"href":"https:\/\/www.europesays.com\/es\/wp-json\/wp\/v2\/types\/post"}],"author":[{"embeddable":true,"href":"https:\/\/www.europesays.com\/es\/wp-json\/wp\/v2\/users\/2"}],"replies":[{"embeddable":true,"href":"https:\/\/www.europesays.com\/es\/wp-json\/wp\/v2\/comments?post=225003"}],"version-history":[{"count":0,"href":"https:\/\/www.europesays.com\/es\/wp-json\/wp\/v2\/posts\/225003\/revisions"}],"wp:featuredmedia":[{"embeddable":true,"href":"https:\/\/www.europesays.com\/es\/wp-json\/wp\/v2\/media\/225004"}],"wp:attachment":[{"href":"https:\/\/www.europesays.com\/es\/wp-json\/wp\/v2\/media?parent=225003"}],"wp:term":[{"taxonomy":"category","embeddable":true,"href":"https:\/\/www.europesays.com\/es\/wp-json\/wp\/v2\/categories?post=225003"},{"taxonomy":"post_tag","embeddable":true,"href":"https:\/\/www.europesays.com\/es\/wp-json\/wp\/v2\/tags?post=225003"}],"curies":[{"name":"wp","href":"https:\/\/api.w.org\/{rel}","templated":true}]}}