{"id":225016,"date":"2025-11-08T11:54:11","date_gmt":"2025-11-08T11:54:11","guid":{"rendered":"https:\/\/www.europesays.com\/es\/225016\/"},"modified":"2025-11-08T11:54:11","modified_gmt":"2025-11-08T11:54:11","slug":"brownie-abrira-su-primera-tienda-fisica-en-el-centro-de-leon","status":"publish","type":"post","link":"https:\/\/www.europesays.com\/es\/225016\/","title":{"rendered":"Brownie abrir\u00e1 su primera tienda f\u00edsica en el centro de Le\u00f3n"},"content":{"rendered":"<p><a class=\"v-mdl-ath__fig-a\" href=\"https:\/\/www.leonoticias.com\/autor\/ruben-farinas-2865.html\" title=\"Rub\u00e9n Fari\u00f1as\" rel=\"nofollow noopener\" target=\"_blank\"><br \/>\n<img decoding=\"async\" class=\"v-mdl-ath__img\" src=\"https:\/\/www.europesays.com\/es\/wp-content\/uploads\/2025\/10\/autor-2865-foto-3.jpeg\" alt=\"Rub\u00e9n Fari\u00f1as\"\/><br \/>\n<\/a><\/p>\n<p class=\"v-mdl-ath__p v-mdl-ath__p--6\">\nS\u00e1bado, 8 de noviembre 2025, 09:23<\/p>\n<p>| Actualizado 11:19h.<\/p>\n<p class=\"v-p\">Una marca que donde llega arrasa entre la juventud. Tras una experiencia de cinco a\u00f1os en El Corte Ingl\u00e9s, Brownie se hace mayor en Le\u00f3n y opta por montar su primera tienda f\u00edsica en la ciudad.<\/p>\n<p class=\"v-p\">La conocida tienda de ropa ya busca trabajadores para su nueva apertura con requisitos de experiencia m\u00ednima de un a\u00f1o y estudios m\u00ednimos de bachiller.<\/p>\n<p class=\"v-p\">El estilo de esta marca ha triunfado entre las mujeres y adolescentes. Fundada en Barcelona en 2006, trae hasta Le\u00f3n sus colecciones basadas en el Mediterr\u00e1neo tanto en ropa como en complementos juveniles. Desde prendas de vestir hasta gymwear, pasando por lencer\u00eda o bisuter\u00eda.<\/p>\n<p class=\"v-p\">Brownie abrir\u00e1 sus puertas, adem\u00e1s, en el centro de la ciudad. La ubicaci\u00f3n elegida es Ordo\u00f1o II y, presumiblemente, lo har\u00e1 en el local que ha dejado vac\u00edo Artesa tras mudarse a El Burgo Nuevo.<\/p>\n<p class=\"v-p\">Para su primera tienda f\u00edsica en Le\u00f3n, <a href=\"https:\/\/www.leonoticias.com\/gente-estilo\/moda\/brownie-llega-leon-20200224105239-nt.html\" data-voc-vtm-id=\"in-text-traffic\" title=\"tras el c\u00f3rner que tiene en El Corte Ingl\u00e9s\" data-mrf-link=\"www.leonoticias.com\" rel=\"nofollow noopener\" target=\"_blank\">tras el c\u00f3rner que tiene en El Corte Ingl\u00e9s<\/a>, est\u00e1 buscando seis empleados para jornadas de 20 y 30 horas semanales, con contrato indefinido, y en horario de lunes a s\u00e1bado.<\/p>\n<p><a href=\"http:\/\/www.leonoticias.com\/leon\/cierre-bershka-paso-estreno-conocida-marca-moda-20250904125222-nt.html#vtm_modulosEngag=mod-rel:leon:noticia:1:cmp:1-not\" class=\"v-a-link\" aria-label=\"Imagen\" rel=\"nofollow noopener\" target=\"_blank\"><\/p>\n<p><img decoding=\"async\" loading=\"lazy\" src=\"https:\/\/www.europesays.com\/es\/wp-content\/uploads\/2025\/11\/Bershka-kWyG--366x256@Leonoticias.jpg\" class=\"v-a-img\" width=\"258\" height=\"180\" alt=\"\" data-voc-vtm-id=\"in-text-traffic\"\/><\/p>\n<p><\/a><\/p>\n<p class=\"v-p\">La marca ocupa as\u00ed el vac\u00edo que dejaron <a href=\"https:\/\/www.leonoticias.com\/leon\/conocida-marca-juvenil-baja-persiana-tres-tiendas-20250907092332-nt.html\" data-voc-vtm-id=\"in-text-traffic\" title=\"la salida de Inside y Bershka\" data-mrf-link=\"www.leonoticias.com\" rel=\"nofollow noopener\" target=\"_blank\">la salida de Inside y Bershka<\/a> en los \u00faltimos meses. En uno de esos locales est\u00e1 <a href=\"https:\/\/www.leonoticias.com\/leon\/nueva-tienda-leon-bendecida-cura-apertura-20251104081239-nt.html\" data-voc-vtm-id=\"in-text-traffic\" title=\"a punto de abrir su negocio \u00c1lvaro Moreno\" data-mrf-link=\"www.leonoticias.com\" rel=\"nofollow noopener\" target=\"_blank\">a punto de abrir su negocio \u00c1lvaro Moreno<\/a>.<\/p>\n<p class=\"v-p\">La apertura se espera en pocas semanas ya que los trabajos en el interior del local est\u00e1n en marcha con el objetivo de rehabilitarlo como tienda de ropa juvenil.<\/p>\n<p>Reporta un error<\/p>\n","protected":false},"excerpt":{"rendered":"S\u00e1bado, 8 de noviembre 2025, 09:23 | Actualizado 11:19h. Una marca que donde llega arrasa entre la juventud.&hellip;\n","protected":false},"author":2,"featured_media":225017,"comment_status":"","ping_status":"","sticky":false,"template":"","format":"standard","meta":{"footnotes":""},"categories":[80],"tags":[82,95,94,25,24,3133,2552,1023,795,41280,59476,7108,23,11613],"class_list":{"0":"post-225016","1":"post","2":"type-post","3":"status-publish","4":"format-standard","5":"has-post-thumbnail","7":"category-economia","8":"tag-business","9":"tag-economia","10":"tag-economy","11":"tag-es","12":"tag-espana","13":"tag-juvenil","14":"tag-local","15":"tag-moda","16":"tag-nueva","17":"tag-ocupara","18":"tag-ordono","19":"tag-popular","20":"tag-spain","21":"tag-tienda"},"share_on_mastodon":{"url":"https:\/\/pubeurope.com\/@es\/115513948008591036","error":""},"_links":{"self":[{"href":"https:\/\/www.europesays.com\/es\/wp-json\/wp\/v2\/posts\/225016","targetHints":{"allow":["GET"]}}],"collection":[{"href":"https:\/\/www.europesays.com\/es\/wp-json\/wp\/v2\/posts"}],"about":[{"href":"https:\/\/www.europesays.com\/es\/wp-json\/wp\/v2\/types\/post"}],"author":[{"embeddable":true,"href":"https:\/\/www.europesays.com\/es\/wp-json\/wp\/v2\/users\/2"}],"replies":[{"embeddable":true,"href":"https:\/\/www.europesays.com\/es\/wp-json\/wp\/v2\/comments?post=225016"}],"version-history":[{"count":0,"href":"https:\/\/www.europesays.com\/es\/wp-json\/wp\/v2\/posts\/225016\/revisions"}],"wp:featuredmedia":[{"embeddable":true,"href":"https:\/\/www.europesays.com\/es\/wp-json\/wp\/v2\/media\/225017"}],"wp:attachment":[{"href":"https:\/\/www.europesays.com\/es\/wp-json\/wp\/v2\/media?parent=225016"}],"wp:term":[{"taxonomy":"category","embeddable":true,"href":"https:\/\/www.europesays.com\/es\/wp-json\/wp\/v2\/categories?post=225016"},{"taxonomy":"post_tag","embeddable":true,"href":"https:\/\/www.europesays.com\/es\/wp-json\/wp\/v2\/tags?post=225016"}],"curies":[{"name":"wp","href":"https:\/\/api.w.org\/{rel}","templated":true}]}}