{"id":225023,"date":"2025-11-08T12:02:13","date_gmt":"2025-11-08T12:02:13","guid":{"rendered":"https:\/\/www.europesays.com\/es\/225023\/"},"modified":"2025-11-08T12:02:13","modified_gmt":"2025-11-08T12:02:13","slug":"djokovic-amenaza-con-dar-calabazas-a-las-atp-finals-decidire-tras-atenas","status":"publish","type":"post","link":"https:\/\/www.europesays.com\/es\/225023\/","title":{"rendered":"Djokovic \u2018amenaza\u2019 con dar calabazas a las ATP Finals: \u201cDecidir\u00e9 tras Atenas\u201d"},"content":{"rendered":"<p class=\"\"><a href=\"https:\/\/as.com\/noticias\/novak-djokovic\/\" target=\"_self\" rel=\"nofollow noopener\" title=\"https:\/\/as.com\/noticias\/novak-djokovic\/\">Novak Djokovic<\/a> sigue jugando al despiste <b>horas antes de que comience la acci\u00f3n en el Inalpi Arena<\/b> con motivo de las <a href=\"https:\/\/as.com\/tenis\/final_atp\/\" target=\"_self\" rel=\"nofollow noopener\" title=\"https:\/\/as.com\/tenis\/final_atp\/\">ATP Finals<\/a>. El tenista serbio, que disputar\u00e1 la final del ATP 250 de Atenas ante Lorenzo Musetti, ha asegurado que tomar\u00e1 una decisi\u00f3n sobre su participaci\u00f3n o no en la Copa de Maestros <b>una vez concluya el torneo de la capital griega<\/b>.<\/p>\n<p class=\"\"><b>Tras derrotar al alem\u00e1n Yannick Hanfmann en las semifinales por 6-3 y 6-4<\/b><a href=\"https:\/\/as.com\/tenis\/djokovic-bate-a-hanfmann-para-volver-a-una-final-167-dias-despues-f202511-n\/\" target=\"_self\" rel=\"nofollow noopener\" title=\"https:\/\/as.com\/tenis\/djokovic-bate-a-hanfmann-para-volver-a-una-final-167-dias-despues-f202511-n\/\"> para colarse en una nueva final 167 d\u00edas despu\u00e9s<\/a>, el 24 veces campe\u00f3n de Grand Slams se mostr\u00f3 contundente en rueda de prensa al ser preguntado por su presencia en la prestigiosa prueba turinesa: \u201c<b>He visto el sorteo y los grupos, pero eso no cambia nada. Tomar\u00e9 la decisi\u00f3n final cuando acabe este torneo en Atenas<\/b>\u201d.<\/p>\n<p class=\"\">Su renuncia supondr\u00eda un bombazo en el mundo del tenis teniendo en cuenta que<b> la organizaci\u00f3n ha contado con su presencia de forma indudable<\/b>, hasta el punto de quedar encuadrado <a href=\"https:\/\/as.com\/tenis\/final_atp\/el-camino-de-alcaraz-para-recuperar-el-numero-uno-en-las-atp-finals-f202511-n\/\" target=\"_self\" rel=\"nofollow noopener\" title=\"https:\/\/as.com\/tenis\/final_atp\/el-camino-de-alcaraz-para-recuperar-el-numero-uno-en-las-atp-finals-f202511-n\/\">en el grupo Jimmy Connors junto a Carlos Alcaraz, Taylor Fritz y Alex de Mi\u00f1aur<\/a>. <\/p>\n<p class=\"\">Si termina rechazando las ATP Finals, <b>su baja acabar\u00eda de encajar las piezas de un puzzle que todav\u00eda no est\u00e1 resuelto<\/b>. Y es que cabe recordar que Felix Auger-Aliassime y Musetti se est\u00e1n jugando la \u00faltima plaza, <a href=\"https:\/\/as.com\/tenis\/djokovic-bate-a-hanfmann-para-volver-a-una-final-167-dias-despues-f202511-n\/\" target=\"_self\" rel=\"nofollow noopener\" title=\"https:\/\/as.com\/tenis\/djokovic-bate-a-hanfmann-para-volver-a-una-final-167-dias-despues-f202511-n\/\">que depender\u00e1 de lo que ocurra en la final de Atenas<\/a>.<b> Si Musetti derrota a Djokovic, acudir\u00eda \u00e9l<\/b>. <b>De lo contrario, el canadiense se saldr\u00eda con la suya<\/b>. Sin embargo, el desplante del serbio <b>har\u00eda que ambos accedieran directamente<\/b>; uno a cada grupo.<\/p>\n<p class=\"\">Cabe destacar que Nole ya dimiti\u00f3 el a\u00f1o pasado de disputar las ATP Finals, <b>aunque en aquella ocasi\u00f3n fue debido a una lesi\u00f3n<\/b>. Habr\u00e1 que esperar para comprobar si renuncia o no a intentar ser maestro por octava vez tras una temporada en la que ha escogido minuciosamente sus citas ten\u00edsticas <b>sabedor de que se acerca su ocaso como jugador<\/b>.<\/p>\n<p>Noticias relacionadas<a href=\"https:\/\/as.com\/tenis\/final_atp\/la-primera-jornada-de-las-finals-es-una-chapuza-con-precedentes-f202511-n\/\" class=\"s_m_w _rt-16x9\" title=\"Aunque llama mucho la atenci\u00f3n, no es la primera vez que en la Copa de Maestros se juegan partidos de diferentes grupos en una misma jornada.\" data-tb-link=\"\" rel=\"nofollow noopener\" target=\"_blank\"><img decoding=\"async\" src=\"https:\/\/www.europesays.com\/es\/wp-content\/uploads\/2025\/11\/1762603331_186_Y7V33TBWVVHVTHV7T55OWVEH4Q.jpg\" alt=\"La primera jornada de las Finals es una chapuza con precedentes\" class=\"\" height=\"1\" width=\"1\"   loading=\"lazy\" data-tb-thumbnail=\"\"\/><\/a><a href=\"https:\/\/as.com\/tenis\/a-que-hora-es-el-alcaraz-de-minaur-tv-horario-donde-y-como-ver-las-atp-finals-f202511-n\/\" class=\"s_m_w _rt-16x9\" title=\"Consulta el horario y c\u00f3mo y d\u00f3nde ver en televisi\u00f3n el primer partido de las ATP Finals de Tur\u00edn entre Carlos Alcaraz y Alex de Mi\u00f1aur. En AS, amplia cobertura.\" data-tb-link=\"\" rel=\"nofollow noopener\" target=\"_blank\"><img decoding=\"async\" src=\"https:\/\/www.europesays.com\/es\/wp-content\/uploads\/2025\/11\/1762603333_428_FVDSME3LMFIDHJJVA5TBRJBWYQ.jpg\" alt=\"\u00bfA qu\u00e9 hora se juega el Alcaraz - De Mi\u00f1aur? Canal TV, horario d\u00f3nde y c\u00f3mo ver las ATP Finals\" class=\"\" height=\"1\" width=\"1\"   loading=\"lazy\" data-tb-thumbnail=\"\"\/><\/a><\/p>\n<p class=\"\"><b>\u00a1Tus opiniones importan!<\/b> Comenta en los art\u00edculos y suscr\u00edbete gratis a nuestra <a href=\"https:\/\/asfan.as.com\/newsletters\/\" rel=\"nofollow noopener\" title=\"https:\/\/asfan.as.com\/newsletters\/\" target=\"_blank\">newsletter<\/a> y a las alertas informativas en la <a href=\"https:\/\/as.com\/aplicacion-de-as-n\/\" rel=\"nofollow noopener\" title=\"https:\/\/as.com\/aplicacion-de-as-n\/\" target=\"_blank\">App<\/a> o el canal de <a href=\"https:\/\/www.whatsapp.com\/channel\/0029VaAasdA7j6g745nz9M10\" rel=\"nofollow noopener\" title=\"https:\/\/www.whatsapp.com\/channel\/0029VaAasdA7j6g745nz9M10\" target=\"_blank\">WhatsApp<\/a>.<\/p>\n<p class=\"\">\u00bfBuscas licenciar contenido? Haz clic <a href=\"https:\/\/profesional.elpais.com\/soluciones-sindicacion?utm_medium=interno&amp;utm_source=crosslinking&amp;utm_campaign=sindicacion_as_pie_articulos\" rel=\"nofollow noopener\" title=\"https:\/\/profesional.elpais.com\/soluciones-sindicacion?utm_medium=interno&amp;utm_source=crosslinking&amp;utm_campaign=sindicacion_as_pie_articulos\" target=\"_blank\">aqu\u00ed<\/a><\/p>\n","protected":false},"excerpt":{"rendered":"Novak Djokovic sigue jugando al despiste horas antes de que comience la acci\u00f3n en el Inalpi Arena con&hellip;\n","protected":false},"author":2,"featured_media":225024,"comment_status":"","ping_status":"","sticky":false,"template":"","format":"standard","meta":{"footnotes":""},"categories":[274],"tags":[168,25,24,23,167,327,326],"class_list":{"0":"post-225023","1":"post","2":"type-post","3":"status-publish","4":"format-standard","5":"has-post-thumbnail","7":"category-tenis","8":"tag-deportes","9":"tag-es","10":"tag-espana","11":"tag-spain","12":"tag-sports","13":"tag-tenis","14":"tag-tennis"},"share_on_mastodon":{"url":"https:\/\/pubeurope.com\/@es\/115513979653725914","error":""},"_links":{"self":[{"href":"https:\/\/www.europesays.com\/es\/wp-json\/wp\/v2\/posts\/225023","targetHints":{"allow":["GET"]}}],"collection":[{"href":"https:\/\/www.europesays.com\/es\/wp-json\/wp\/v2\/posts"}],"about":[{"href":"https:\/\/www.europesays.com\/es\/wp-json\/wp\/v2\/types\/post"}],"author":[{"embeddable":true,"href":"https:\/\/www.europesays.com\/es\/wp-json\/wp\/v2\/users\/2"}],"replies":[{"embeddable":true,"href":"https:\/\/www.europesays.com\/es\/wp-json\/wp\/v2\/comments?post=225023"}],"version-history":[{"count":0,"href":"https:\/\/www.europesays.com\/es\/wp-json\/wp\/v2\/posts\/225023\/revisions"}],"wp:featuredmedia":[{"embeddable":true,"href":"https:\/\/www.europesays.com\/es\/wp-json\/wp\/v2\/media\/225024"}],"wp:attachment":[{"href":"https:\/\/www.europesays.com\/es\/wp-json\/wp\/v2\/media?parent=225023"}],"wp:term":[{"taxonomy":"category","embeddable":true,"href":"https:\/\/www.europesays.com\/es\/wp-json\/wp\/v2\/categories?post=225023"},{"taxonomy":"post_tag","embeddable":true,"href":"https:\/\/www.europesays.com\/es\/wp-json\/wp\/v2\/tags?post=225023"}],"curies":[{"name":"wp","href":"https:\/\/api.w.org\/{rel}","templated":true}]}}