{"id":225081,"date":"2025-11-08T12:52:07","date_gmt":"2025-11-08T12:52:07","guid":{"rendered":"https:\/\/www.europesays.com\/es\/225081\/"},"modified":"2025-11-08T12:52:07","modified_gmt":"2025-11-08T12:52:07","slug":"kylian-mbappe-responde-a-las-criticas-del-rapero-orelsan-por-el-caen-nos-suplicaba-y-no-tenia-ni-un-centavo-20minutos","status":"publish","type":"post","link":"https:\/\/www.europesays.com\/es\/225081\/","title":{"rendered":"Kylian Mbapp\u00e9 responde a las cr\u00edticas del rapero OrelSan por el Caen: &quot;Nos suplicaba y no ten\u00eda ni un centavo&quot; &#8211; 20Minutos"},"content":{"rendered":"<ol>\n<li><a href=\"https:\/\/news.google.com\/rss\/articles\/CBMi5wFBVV95cUxPcmNHYUZZcTdyeVdOellSNllXTjBwVW1SRkFGNFllY3pKTmpTWThkUnFaZU5vdWRIRWdqLXBsdk5BcG5NQ1gtUWlfaFR1QmktcDlZT0lsZ0MyNHk2d2t3Q0QxeEhkaTJzcnA1WXRaT2tfX1huSHhEUTcyZXBjN1RlSHR2cU9xZ3lCZklrZEp5NWNDTFNtNER6MUpEaWpXMDBsbHRmSk0xUXVVbzhwdjlZWVJvU2ZVR2dYNWc4QVBLM0FmREN0Zk9lUFVVTDZRSW5STkZrNHVOaEM5aG9KT1J6cjFDQ19PNVXSAewBQVVfeXFMTjVsRXhkRTkzY3dUbF90aUpJemktTUZnU1YyUGl6bnZ6NUVSc285bXRabWpzR3cwcXlsajNkeVN1RHJhUEN0XzFnQ0h2Q1g3alk4UWxTZ1lPQ2pHUnREVExQaHJWbUhNeGhCbHRRVW1wZEhMbWpxTUg2MWFySnFXaUMzM19LQVc4VFJKUVZBTnRFWmNTOV9JeU5xcmh3dU5kRnZfdmlqVlpYUTl3WmdjM2FCNnd0NGJOektieXZrOWN6RnB6aDFDYkswakVvMDVjZXZMRWxyQ1dSWWtBY0U3anNvQW5Vc29rQ3ZaTlY?oc=5\" target=\"_blank\" rel=\"nofollow noopener\">Kylian Mbapp\u00e9 responde a las cr\u00edticas del rapero OrelSan por el Caen: \u00abNos suplicaba y no ten\u00eda ni un centavo\u00bb<\/a>&nbsp;&nbsp;20Minutos<\/li>\n<li><a href=\"https:\/\/news.google.com\/rss\/articles\/CBMizgFBVV95cUxOeXBXUl9NRUlzblFCM1lLcHg0eDQzWU9kNzZ4SG9oNVFyWXVlOXlTRURXQkt4dlhFNklXMDFFdjRzM2FfOTFra2xvSXI5ZDJ6RC1vdjQwWGo0eS1kVEtrcE5xZUxabk5RWlVhU19nZmRXdTUtcjk0RHRjTWZDN0c1LVZDVEFuNVZwNkx3QVJmSG1QT3VrSTNmR09GNXdaMDlrQmxnYlpxOXdsXzhPZElnMkZlbk5LUWE0dUtGTml0Y2RGMmhBdG9jYVZ2YkpDUdIB2wFBVV95cUxOc0R0WS1RcmNPOVYwT1VfS1BDQXdfbVBaOXQ2TTh4M3dqeXFwTWNHVU83S1l4ZXZ5Q2l0MXpvU2Q3U09kWmItOHdCcDJPS1NLTTA1VHlQR05JNmo2RHdSZGloQy1qbHBFb3oxZG50M201VjhMeWY1MFpvT3lOMG05WE84SDVyZDZDVmtJQkxmcVRWYXQ1blFiMHBiSGlVSWx3U2cxY3BFVzF6eTRzU0hJUTc4Q3JtcFFmMUtpMWFKeDVUazBGNXBYNzVsMmd3MlBMWklaWUNwMGFpZDA?oc=5\" target=\"_blank\" rel=\"nofollow noopener\">Dur\u00edsima respuesta de Mbapp\u00e9: \u00abNo paraba de suplicarnos y no ten\u00eda ni un centavo\u00bb<\/a>&nbsp;&nbsp;Mundo Deportivo<\/li>\n<li><a href=\"https:\/\/news.google.com\/rss\/articles\/CBMilwFBVV95cUxNM1JDTXVBbklOU3d4RldZcWNqT2RYZ2pxbkpuTnoyT2JiZjRvYnZnRE1uanlwOWxGMjRRdUF4S0Nnc3MwVGtLb0pFcXlaR3V0b0JsOGV5eGZZNnMxcmVKaDB6MFg0ektleXBwcHRQcTU5cUxIbVZWV250amprLVRUclFMd1I4WDFQSzZYUWIyTTR6SU9IUmtJ0gGXAUFVX3lxTFBiWE9Ubkh6a1BPd3NfZTVpZlpnQWl2S25meXZRWmRodmJlU241czQ3R2dXN2xtZmItRTlhOVBmUGZWSjVabUQ3RjhfdHFQMVJFcjVJY3BDMERrbGU2dkdPa29lVmk5WTJYdFBJaHREWUx6dTR5MnpyWVVSUlFiM3M4YWYwUWpFODBLYm93S0RuUkRqMkJ0RVE?oc=5\" target=\"_blank\" rel=\"nofollow noopener\">Mbapp\u00e9 responde con dureza a OrelSan: \u00abNo tienes ni 1 centavo para entrar al estadio\u00bb<\/a>&nbsp;&nbsp;SPORT<\/li>\n<li><a href=\"https:\/\/news.google.com\/rss\/articles\/CBMi2wFBVV95cUxORW1TV1JqQ055Z3hDZ0JVcTBLczdqTTk1Y3VVaTBBdGh0ZTVRWnM2OEZYQkJXRUo0TTIwekZ0NGRSQUdPclNSOHpndFBXYy1CWDkwdFVJQXVVemxpbkFQZGRNN05lRGpXMXhPanR1MjktaVktb1VCVElGMHJPcGZlTmg5dUliaFFPZ0JQVkFXX1k5VF85X1ZMSkdlWXZSbUQzSkpfcG1KYXF2SFd1V2U2dVFkd3cyZ3N2LXNJSEQ5Rll5WDZrblh2ZXpJX05zWXdXQm85Ynl0QkY0MUXSAe8BQVVfeXFMUGtBNDcxSnBueTlWTi1ha3E0M2xJa1ZfcHNuOWlJY1dsanFoRHkwSFZsOVNLOXIxY3NSWGdBaFBFYUZWZzdRQVF2ZHR0OHY0bDloM3Q3blV2QzVweHJIci1McERHY0ctZzcwVzdraEZNR0tPVzRHeGx4TXJCaWg0bUk2ZGNCQ3VqeHlmTHhYRnFZbGJONTJ3T1R0Q3ozeEttTmV2TVhidllJeThMaGJjRjRwaFZuSWlyMVAxSTZTZHQ2bDd1bHR0Q0lrOEE3OU9OYndOd09SaWJHMllLdjMwUkswMmxjOUgwUm5SSkdteUk?oc=5\" target=\"_blank\" rel=\"nofollow noopener\">El enganch\u00f3n de Mbapp\u00e9 en redes con el rapero que hab\u00eda criticado su gesti\u00f3n del Caen<\/a>&nbsp;&nbsp;La Raz\u00f3n<\/li>\n<li><a href=\"https:\/\/news.google.com\/rss\/articles\/CBMizAFBVV95cUxOS2lqd0xBd1d1WV9vcWowWE5USktpajI1MW81NnJVeFRfTlJHdUhYb2Zmb3NaV0VVcFJwUmZEYWk1ZGwwRFhHR2lXb01HNXZlQ0ZZYW8xME5HSTdBVXA4WjVvOHlNZEFkOU4teU9NdTI2NXRWRUM2b3lJWGt2ZUpYTjlLNVNvbGdvMU52X0sxd1h5U09nbjZIRlJUX2NXOFZSWUdqLXU5SDEwZkIwR29mVlNBM3Utbk9sQ2NGOUtoa3ZLMENJelcyRGJhMTDSAdIBQVVfeXFMTXN2QUlzbWUycDVOWHhETzl5c1E1OU5Pd2RuZ2RKSVAxcjk3MUxqNVlJdGZqU291WHNSa1dzbkdteFBvQ0RQNmZ2VzU4UlpMX0tKWEZ2LS1hNS1uampTV3VXNVB6ZmsyY3hkS2EzdlVSdHhNMG9OX1JJdlBRTklraDM3eTZING9zRnZXcFNVTHJrUFhHdWEwRXJFa2ZIazV2RFhYTmJiN3RuZk9kUlR3V0VPSXVQd0g3T2wxcExjeHBOREVna2owWnlLeDRCbTFhalBn?oc=5\" target=\"_blank\" rel=\"nofollow noopener\">Mbapp\u00e9 responde al cantante que raja de su gesti\u00f3n en el Caen: \u00abNo paraba de suplicarnos para entrar\u00bb<\/a>&nbsp;&nbsp;OkDiario<\/li>\n<\/ol>\n","protected":false},"excerpt":{"rendered":"Kylian Mbapp\u00e9 responde a las cr\u00edticas del rapero OrelSan por el Caen: \u00abNos suplicaba y no ten\u00eda ni&hellip;\n","protected":false},"author":2,"featured_media":173191,"comment_status":"","ping_status":"","sticky":false,"template":"","format":"standard","meta":{"footnotes":""},"categories":[268],"tags":[24171,168,34001,25,24,280,282,59487,24904,1259,281,23,167],"class_list":{"0":"post-225081","1":"post","2":"type-post","3":"status-publish","4":"format-standard","5":"has-post-thumbnail","7":"category-futbol","8":"tag-con","9":"tag-deportes","10":"tag-dureza","11":"tag-es","12":"tag-espana","13":"tag-football","14":"tag-futbol","15":"tag-kylian","16":"tag-mbappe","17":"tag-responde","18":"tag-soccer","19":"tag-spain","20":"tag-sports"},"share_on_mastodon":{"url":"https:\/\/pubeurope.com\/@es\/115514176043849604","error":""},"_links":{"self":[{"href":"https:\/\/www.europesays.com\/es\/wp-json\/wp\/v2\/posts\/225081","targetHints":{"allow":["GET"]}}],"collection":[{"href":"https:\/\/www.europesays.com\/es\/wp-json\/wp\/v2\/posts"}],"about":[{"href":"https:\/\/www.europesays.com\/es\/wp-json\/wp\/v2\/types\/post"}],"author":[{"embeddable":true,"href":"https:\/\/www.europesays.com\/es\/wp-json\/wp\/v2\/users\/2"}],"replies":[{"embeddable":true,"href":"https:\/\/www.europesays.com\/es\/wp-json\/wp\/v2\/comments?post=225081"}],"version-history":[{"count":0,"href":"https:\/\/www.europesays.com\/es\/wp-json\/wp\/v2\/posts\/225081\/revisions"}],"wp:featuredmedia":[{"embeddable":true,"href":"https:\/\/www.europesays.com\/es\/wp-json\/wp\/v2\/media\/173191"}],"wp:attachment":[{"href":"https:\/\/www.europesays.com\/es\/wp-json\/wp\/v2\/media?parent=225081"}],"wp:term":[{"taxonomy":"category","embeddable":true,"href":"https:\/\/www.europesays.com\/es\/wp-json\/wp\/v2\/categories?post=225081"},{"taxonomy":"post_tag","embeddable":true,"href":"https:\/\/www.europesays.com\/es\/wp-json\/wp\/v2\/tags?post=225081"}],"curies":[{"name":"wp","href":"https:\/\/api.w.org\/{rel}","templated":true}]}}