{"id":225107,"date":"2025-11-08T13:23:07","date_gmt":"2025-11-08T13:23:07","guid":{"rendered":"https:\/\/www.europesays.com\/es\/225107\/"},"modified":"2025-11-08T13:23:07","modified_gmt":"2025-11-08T13:23:07","slug":"rosalia-en-los40-music-awards-santander-uno-de-los-mejores-momentos-junto-al-discurso-de-aitana-el-pais","status":"publish","type":"post","link":"https:\/\/www.europesays.com\/es\/225107\/","title":{"rendered":"Rosal\u00eda en Los40 Music Awards Santander, uno de los mejores momentos junto al discurso de Aitana &#8211; EL PA\u00cdS"},"content":{"rendered":"<ol>\n<li><a href=\"https:\/\/news.google.com\/rss\/articles\/CBMi0wFBVV95cUxNd3ViWk51MWx1OXhad0o1bVE1VDdZd3cxc1hUZlZIeEhNNHF6SDFqZWNjSUY4aXBFNExXVjB6a2JkQjhNRHpGcllERURyampJcTlvUXVybm9lY1NSZkNfd25CajZYeFBZZDZNSUlrSEJuSVF5aHE0X2hVcXd4aHhpTW5wTU55Tk41c2pTa05TbVMydlZ1akxTWTNLZGZ4X082QXp6YW5oQ0ctaGNkOWZxankzR3pZamJZM2I3MzlyMXdmbUZURDBrLVhuTml2RllwVXc4?oc=5\" target=\"_blank\" rel=\"nofollow noopener\">Rosal\u00eda en Los40 Music Awards Santander, uno de los mejores momentos junto al discurso de Aitana<\/a>&nbsp;&nbsp;EL PA\u00cdS<\/li>\n<li><a href=\"https:\/\/news.google.com\/rss\/articles\/CBMiuwFBVV95cUxPbkQ2M1NCVWE4QTkteUxhWVB6ZWpabUNvQ3Ffb3VhdnZrc1N0Z0lHdEw2eXNmUTJxSU0yN2RGbVJFWDFjbExTc2Q3OTZYNFNaNnhXSXZaMkZoZlhIVTFoU2FoUF81YjExdWtjVmFVMUp4WEFVT0hqNzYtWW9maE9Day04MUR3UFFiRHhuV1Z1OEUwT1FydTBjUnlIcGVkZldDazRCNVhIb29HWHRMUGZMODdBMGc4YzdWT1dN?oc=5\" target=\"_blank\" rel=\"nofollow noopener\">Un relajado Juan Roig, la complicidad de Pablo Albor\u00e1n o la reacci\u00f3n de Rosal\u00eda al premio a Rauw Alejandro: LOS40 Music Awards, desde dentro<\/a>&nbsp;&nbsp;Vanitatis<\/li>\n<li><a href=\"https:\/\/news.google.com\/rss\/articles\/CBMimgFBVV95cUxQVk9telFtSlFBcVhMQ2g1cnZOSGxvemNNMUEtVFF0RWNfUnNUdm5VT1ZPTGtVZGExQnp0M2RzMzg0dDdVTmNWampjcWx0VjdWQ0ZMWUZHZXJWR0w5YXJUWW1vbWRHZHprQWdnTndwT2JOU1dfbXZEQUZzcUROZzhDRGZmaENQTWE4RjdpMUxNVnV3RlBLWHVCVWRR?oc=5\" target=\"_blank\" rel=\"nofollow noopener\">De la ternura de Plex a Aitana al magnetismo de Rosal\u00eda: todo lo que no viste de los LOS40 Music Awards<\/a>&nbsp;&nbsp;HOLA<\/li>\n<li><a href=\"https:\/\/news.google.com\/rss\/articles\/CBMihAFBVV95cUxQRzBzRXJMTlh4R1BwTlBvZG5STG8weGVXZDhBNGRYVTlsTUhjd2daSzVhOTdjR29wX0IxWU10Y0lLak5JbndJRVZJNUZaLWw1c2diUXlGYjZmZGVTaTRUNmNtYm9DaWpLcmxVLVBIYjUxcW1PSUxGdlVvWm9sSEVOa3lyUTY?oc=5\" target=\"_blank\" rel=\"nofollow noopener\">El \u00e9xtasis de Rosal\u00eda en Val\u00e8ncia: as\u00ed fue el debut de \u2018Lux\u2019 ante el gran p\u00fablico<\/a>&nbsp;&nbsp;vogue.es<\/li>\n<\/ol>\n","protected":false},"excerpt":{"rendered":"Rosal\u00eda en Los40 Music Awards Santander, uno de los mejores momentos junto al discurso de Aitana&nbsp;&nbsp;EL PA\u00cdS Un&hellip;\n","protected":false},"author":2,"featured_media":225108,"comment_status":"","ping_status":"","sticky":false,"template":"","format":"standard","meta":{"footnotes":""},"categories":[170],"tags":[5521,208,1681,47099,3067,146,147,25,24,59491,52148,184,185,4147,23,235],"class_list":{"0":"post-225107","1":"post","2":"type-post","3":"status-publish","4":"format-standard","5":"has-post-thumbnail","7":"category-musica","8":"tag-aitana-ocana","9":"tag-conciertos","10":"tag-dana","11":"tag-dani-martin","12":"tag-ed-sheeran","13":"tag-entertainment","14":"tag-entretenimiento","15":"tag-es","16":"tag-espana","17":"tag-los40-live-show","18":"tag-los40-music-awards","19":"tag-music","20":"tag-musica","21":"tag-rosalia","22":"tag-spain","23":"tag-valencia"},"share_on_mastodon":{"url":"https:\/\/pubeurope.com\/@es\/115514297896739503","error":""},"_links":{"self":[{"href":"https:\/\/www.europesays.com\/es\/wp-json\/wp\/v2\/posts\/225107","targetHints":{"allow":["GET"]}}],"collection":[{"href":"https:\/\/www.europesays.com\/es\/wp-json\/wp\/v2\/posts"}],"about":[{"href":"https:\/\/www.europesays.com\/es\/wp-json\/wp\/v2\/types\/post"}],"author":[{"embeddable":true,"href":"https:\/\/www.europesays.com\/es\/wp-json\/wp\/v2\/users\/2"}],"replies":[{"embeddable":true,"href":"https:\/\/www.europesays.com\/es\/wp-json\/wp\/v2\/comments?post=225107"}],"version-history":[{"count":0,"href":"https:\/\/www.europesays.com\/es\/wp-json\/wp\/v2\/posts\/225107\/revisions"}],"wp:featuredmedia":[{"embeddable":true,"href":"https:\/\/www.europesays.com\/es\/wp-json\/wp\/v2\/media\/225108"}],"wp:attachment":[{"href":"https:\/\/www.europesays.com\/es\/wp-json\/wp\/v2\/media?parent=225107"}],"wp:term":[{"taxonomy":"category","embeddable":true,"href":"https:\/\/www.europesays.com\/es\/wp-json\/wp\/v2\/categories?post=225107"},{"taxonomy":"post_tag","embeddable":true,"href":"https:\/\/www.europesays.com\/es\/wp-json\/wp\/v2\/tags?post=225107"}],"curies":[{"name":"wp","href":"https:\/\/api.w.org\/{rel}","templated":true}]}}