{"id":225116,"date":"2025-11-08T13:30:10","date_gmt":"2025-11-08T13:30:10","guid":{"rendered":"https:\/\/www.europesays.com\/es\/225116\/"},"modified":"2025-11-08T13:30:10","modified_gmt":"2025-11-08T13:30:10","slug":"petro-dobla-su-apuesta-diplomatica-con-la-cumbre-celac-ue-en-el-corazon-del-mundo","status":"publish","type":"post","link":"https:\/\/www.europesays.com\/es\/225116\/","title":{"rendered":"Petro dobla su apuesta diplom\u00e1tica con la cumbre Celac-UE en el \u201ccoraz\u00f3n del mundo\u201d"},"content":{"rendered":"<p class=\"\">Gustavo Petro dobla su apuesta diplom\u00e1tica por diversificar los socios de Colombia con la <a href=\"https:\/\/elpais.com\/america-colombia\/2025-11-07\/petro-remata-una-ofensiva-diplomatica-con-la-cumbre-celac-ue-de-santa-marta.html\" target=\"_self\" rel=\"nofollow noopener\" title=\"https:\/\/elpais.com\/america-colombia\/2025-11-07\/petro-remata-una-ofensiva-diplomatica-con-la-cumbre-celac-ue-de-santa-marta.html\">IV cumbre entre la Comunidad de Estados Latinoamericanos y Caribe\u00f1os (Celac) y la Uni\u00f3n Europea<\/a> de este domingo. Su Gobierno lleva meses preparando la cita en el \u201ccoraz\u00f3n del mundo\u201d, como suele referirse el presidente al puerto de Santa Marta y a la Sierra Nevada colindante, por su significado espiritual para los ind\u00edgenas kogui. \u201cVolveremos a encontrarnos para abrazarnos y darnos la mano entre civilizaciones en una uni\u00f3n que nos lleve a convertirnos en el faro democr\u00e1tico que gu\u00ede al mundo hacia una econom\u00eda descarbonizada y protectora de nuestro futuro com\u00fan\u201d, escrib\u00eda este viernes en sus redes sociales, en una \u00faltima convocatoria. A\u00fan se mantiene algo de incertidumbre sobre cuantos jefes de Estado atiendan a su llamado en un momento tormentoso. <\/p>\n<p class=\"\">La reuni\u00f3n congrega a los 27 pa\u00edses de la Uni\u00f3n Europea y a los 33 de Am\u00e9rica Latina y el Caribe. Se espera a una docena de l\u00edderes, de los 60 que suman ambos bloques. A pesar de la sensible ausencia de la presidenta de la UE, Ursula von der Leyen, estar\u00e1n en la ciudad caribe\u00f1a el presidente del Consejo Europeo, Rodrigo Costa; el jefe de Gobierno espa\u00f1ol, Pedro S\u00e1nchez; el primer ministro de Portugal, Luis Montenegro; y el presidente de Brasil, <a href=\"https:\/\/elpais.com\/america-colombia\/2025-11-04\/la-confirmacion-de-ultima-hora-de-lula-salva-una-cumbre-ue-celac-lastrada-por-las-ausencias.html\" target=\"_self\" rel=\"nofollow noopener\" title=\"https:\/\/elpais.com\/america-colombia\/2025-11-04\/la-confirmacion-de-ultima-hora-de-lula-salva-una-cumbre-ue-celac-lastrada-por-las-ausencias.html\">Luiz In\u00e1cio Lula da Silva,<\/a> entre otros. La presencia del uruguayo Yamand\u00fa Orsi segu\u00eda en vilo hasta el \u00faltimo minuto.<\/p>\n<p class=\"\">La agenda incluye temas tan diversos como la transici\u00f3n energ\u00e9tica y digital, el cambio clim\u00e1tico, la seguridad o la migraci\u00f3n. \u201cUn bloque de 60 pa\u00edses no debe dejar pasar esta oportunidad para avanzar en temas que los conectan y benefician, y all\u00ed es donde hay que sacar provecho. Antes que atizar las diferencias, hay que hacer causa com\u00fan en aquello que beneficia a todos\u201d, apuntaba el editorial del peri\u00f3dico El Tiempo, que invocaba el pragmatismo pol\u00edtico. \u201cColombia deber\u00eda aprovechar <a href=\"https:\/\/elpais.com\/america\/2025-09-25\/ue-celac-una-cumbre-importante.html#?rel=mas\" target=\"_self\" rel=\"nofollow noopener\" title=\"https:\/\/elpais.com\/america\/2025-09-25\/ue-celac-una-cumbre-importante.html#?rel=mas\">este excepcional escenario<\/a> para atemperar su discurso y estrechar relaciones con un continente que tambi\u00e9n quiere y necesita acercarse a Am\u00e9rica Latina en el marco del nuevo orden global que se perfila\u201d. <\/p>\n<p class=\"\">M\u00e1s all\u00e1 de la acostumbrada grandilocuencia de Petro, la cumbre se celebra en medio de las tensiones que producen en toda la regi\u00f3n los bombardeos de la Administraci\u00f3n de <a href=\"https:\/\/elpais.com\/america-colombia\/2025-10-21\/los-enfrentamientos-entre-petro-y-trump-en-cinco-actos.html\" target=\"_self\" rel=\"nofollow noopener\" title=\"https:\/\/elpais.com\/america-colombia\/2025-10-21\/los-enfrentamientos-entre-petro-y-trump-en-cinco-actos.html\">Donald Trump<\/a> contra supuestas narcolanchas en el Caribe y \u2013en menor medida\u2013 el Pac\u00edfico. En v\u00edsperas del encuentro, <a href=\"https:\/\/elpais.com\/internacional\/2025-11-07\/estados-unidos-hunde-otra-supuesta-narcolancha-y-eleva-a-69-los-muertos-en-ataques-extrajudiciales-en-el-caribe-y-el-pacifico.html\" target=\"_self\" rel=\"nofollow noopener\" title=\"https:\/\/elpais.com\/internacional\/2025-11-07\/estados-unidos-hunde-otra-supuesta-narcolancha-y-eleva-a-69-los-muertos-en-ataques-extrajudiciales-en-el-caribe-y-el-pacifico.html\">tres personas murieron este jueves<\/a> en una nueva operaci\u00f3n del ej\u00e9rcito estadounidense contra un bote en aguas caribe\u00f1as. Con esta, ya son 18 las embarcaciones hundidas en apenas dos meses de ataques extrajudiciales, que se han cobrado la vida de al menos 69 civiles. <\/p>\n<p class=\"\">Aunque ese despliegue naval estaba dirigido originalmente contra los carteles narcotraficantes venezolanos, en lo que se interpretaba como un mecanismo de presi\u00f3n sobre el r\u00e9gimen de Nicol\u00e1s Maduro, al menos cuatro de los ataques han tenido una <a href=\"https:\/\/elpais.com\/america-colombia\/2025-10-22\/las-embarcaciones-bombardeadas-por-trump-y-relacionadas-con-colombia-un-pescador-desaparecido-un-sobreviviente-de-un-narcosubmarino-el-rastro-del-eln-y-la-primera-lancha-en-el-pacifico.html\" target=\"_self\" rel=\"nofollow noopener\" title=\"https:\/\/elpais.com\/america-colombia\/2025-10-22\/las-embarcaciones-bombardeadas-por-trump-y-relacionadas-con-colombia-un-pescador-desaparecido-un-sobreviviente-de-un-narcosubmarino-el-rastro-del-eln-y-la-primera-lancha-en-el-pacifico.html\">relaci\u00f3n directa con Colombia<\/a>, lo que enrarece el ambiente que rodea a la cumbre. <\/p>\n<p class=\"\">El presidente Petro, uno de los cr\u00edticos m\u00e1s vocales de esas operaciones, sospecha que entre los muertos hay varios colombianos. Tambi\u00e9n ha denunciado que al menos uno de los bombardeos del Caribe ocurri\u00f3 \u201cpresumiblemente\u201d en aguas colombianas. Se refiere al que mat\u00f3 a un \u201chumilde pescador\u201d, oriundo precisamente de Santa Marta. Las autoridades estadounidenses han dicho que otro de los ataques, el primero en el Pac\u00edfico, ocurri\u00f3 \u201cfrente a las costas colombianas\u201d, sin demasiados detalles. Adem\u00e1s, <a href=\"https:\/\/elpais.com\/america-colombia\/2025-11-04\/el-colombiano-que-sobrevivio-al-ataque-de-estados-unidos-a-un-narcosubmarino-sale-del-hospital-libre-y-sin-cargos.html\" target=\"_self\" rel=\"nofollow noopener\" title=\"https:\/\/elpais.com\/america-colombia\/2025-11-04\/el-colombiano-que-sobrevivio-al-ataque-de-estados-unidos-a-un-narcosubmarino-sale-del-hospital-libre-y-sin-cargos.html\">uno de los pocos sobrevivientes es colombiano<\/a> y otro de los bombardeos estaba dirigido contra una embarcaci\u00f3n relacionada por Washington con la guerrilla del ELN \u2013que ha negado ese v\u00ednculo\u2013.<\/p>\n<p class=\"\">Uno de los asistentes de m\u00e1s alto perfil que se esperan en Santa Marta se refiri\u00f3 al elefante en la habitaci\u00f3n. La cumbre Celac-UE \u201csolo tiene sentido\u201d si se discute \u201cesta cuesti\u00f3n de los buques de guerra estadounidenses en los mares de Am\u00e9rica Latina\u201d, apunt\u00f3 Lula cuando confirm\u00f3 su presencia. Los l\u00edderes europeos, por contraste, no se muestran tan ansiosos por abordar ese espinoso tema, tan ajeno a las relaciones comerciales o la cooperaci\u00f3n entre los dos bloques. <\/p>\n<p class=\"\">Otra serie de factores han ensombrecido el encuentro. A la guerra en Ucrania por cuenta de la invasi\u00f3n rusa \u2013que no ha recibido una condena un\u00e1nime en Am\u00e9rica Latina\u2013, las disputas comerciales y la creciente presencia de China en la regi\u00f3n, se suman las recientes sanciones del Tesoro estadounidense contra Petro, al que la Casa Blanca vincula sin pruebas con el narcotr\u00e1fico. <\/p>\n<p class=\"\">A pesar de ese tel\u00f3n de fondo, las expectativas se mantienen altas en el pa\u00eds anfitri\u00f3n. \u201cNunca antes en Colombia hab\u00edamos podido tener dos regiones juntas, al margen del nivel de los l\u00edderes que asistan\u201d, apunta <a href=\"https:\/\/elpais.com\/america-colombia\/2025-03-07\/petro-reivindica-la-huella-arabe-en-colombia-con-cargos-en-el-gobierno-y-la-diplomacia.html\" target=\"_self\" rel=\"nofollow noopener\" title=\"https:\/\/elpais.com\/america-colombia\/2025-03-07\/petro-reivindica-la-huella-arabe-en-colombia-con-cargos-en-el-gobierno-y-la-diplomacia.html\">Mauricio Jaramillo Jassir<\/a>, el viceministro de Asuntos Multilaterales de Colombia. Destaca que en este momento, cuando hay una ofensiva contra el multilateralismo y el derecho internacional, son las dos regiones del mundo que tienen m\u00e1s democracias. \u201cTenemos una compatibilidad de intereses y valores\u201d, subraya. Esta es la segunda cumbre m\u00e1s importante de la que Colombia ha sido sede, asegura, solo comparable con la de Pa\u00edses No Alineados de 1995, en Cartagena. <\/p>\n<p class=\"\">La cumbre de Pa\u00edses No Alineados, que se asemeja a lo que hoy se entiende como el sur global, ocurri\u00f3 justamente en el mandato de otro presidente colombiano enemistado con la Casa Blanca: <a href=\"https:\/\/elpais.com\/america-colombia\/2025-10-29\/ernesto-samper-nadie-en-colombia-cree-ese-cuento-de-que-petro-sea-un-narcotraficante.html\" target=\"_self\" rel=\"nofollow noopener\" title=\"https:\/\/elpais.com\/america-colombia\/2025-10-29\/ernesto-samper-nadie-en-colombia-cree-ese-cuento-de-que-petro-sea-un-narcotraficante.html\">Ernesto Samper<\/a> (1994-1998). En su periodo, Bogot\u00e1 sufri\u00f3 por primera ocasi\u00f3n la temida descertificaci\u00f3n en la lucha antinarc\u00f3ticos, un castigo que ahora se repite con Petro. A ambos tambi\u00e9n les revocaron sus visas. A pesar de ese estigma, Samper despu\u00e9s trabaj\u00f3 por la integraci\u00f3n latinoamericana desde Unasur o el Grupo de Puebla.<\/p>\n<p class=\"\">\u201cEste momento es oportuno porque tanto Europa como Am\u00e9rica Latina estamos viviendo la misma crisis, una de desorden, de desorientaci\u00f3n\u201d, apunta Samper en di\u00e1logo con EL PA\u00cdS. \u201cPara Am\u00e9rica Latina es muy importante el papel que puede jugar Europa. Nosotros tenemos que replantear la agenda con Estados Unidos, es demasiado hegem\u00f3nica para lo que son nuestras necesidades de integraci\u00f3n\u201d, asegura. \u201cCuando pase este hurac\u00e1n, vamos a tener la posibilidad de encontrar nuevos esquemas globales de convivencia, de reconocer que hay otros polos que pueden de servir de equilibrio. Necesitamos que el mundo cambie, pero que cambie a las buenas y no a las malas\u201d. <\/p>\n","protected":false},"excerpt":{"rendered":"Gustavo Petro dobla su apuesta diplom\u00e1tica por diversificar los socios de Colombia con la IV cumbre entre la&hellip;\n","protected":false},"author":2,"featured_media":225117,"comment_status":"","ping_status":"","sticky":false,"template":"","format":"standard","meta":{"footnotes":""},"categories":[42],"tags":[889,17,18,59500,1803,15229,59501,13,14,3916,11,61,62,63,64,19,20,1804,3219,9,10,15,16,15489,12,21,22,1617,65,66,67],"class_list":{"0":"post-225116","1":"post","2":"type-post","3":"status-publish","4":"format-standard","5":"has-post-thumbnail","7":"category-internacional","8":"tag-america","9":"tag-breaking-news","10":"tag-breakingnews","11":"tag-celac","12":"tag-colombia","13":"tag-diplomacia","14":"tag-ernesto-samper-pizano","15":"tag-featured-news","16":"tag-featurednews","17":"tag-gustavo-petro","18":"tag-headlines","19":"tag-internacional","20":"tag-international","21":"tag-international-news","22":"tag-internationalnews","23":"tag-latest-news","24":"tag-latestnews","25":"tag-latinoamerica","26":"tag-lula-da-silva","27":"tag-news","28":"tag-noticias","29":"tag-noticias-destacadas","30":"tag-noticiasdestacadas","31":"tag-relaciones-exteriores","32":"tag-titulares","33":"tag-ultimas-noticias","34":"tag-ultimasnoticias","35":"tag-union-europea","36":"tag-world","37":"tag-world-news","38":"tag-worldnews"},"share_on_mastodon":{"url":"","error":"Validation failed: Text character limit of 500 exceeded"},"_links":{"self":[{"href":"https:\/\/www.europesays.com\/es\/wp-json\/wp\/v2\/posts\/225116","targetHints":{"allow":["GET"]}}],"collection":[{"href":"https:\/\/www.europesays.com\/es\/wp-json\/wp\/v2\/posts"}],"about":[{"href":"https:\/\/www.europesays.com\/es\/wp-json\/wp\/v2\/types\/post"}],"author":[{"embeddable":true,"href":"https:\/\/www.europesays.com\/es\/wp-json\/wp\/v2\/users\/2"}],"replies":[{"embeddable":true,"href":"https:\/\/www.europesays.com\/es\/wp-json\/wp\/v2\/comments?post=225116"}],"version-history":[{"count":0,"href":"https:\/\/www.europesays.com\/es\/wp-json\/wp\/v2\/posts\/225116\/revisions"}],"wp:featuredmedia":[{"embeddable":true,"href":"https:\/\/www.europesays.com\/es\/wp-json\/wp\/v2\/media\/225117"}],"wp:attachment":[{"href":"https:\/\/www.europesays.com\/es\/wp-json\/wp\/v2\/media?parent=225116"}],"wp:term":[{"taxonomy":"category","embeddable":true,"href":"https:\/\/www.europesays.com\/es\/wp-json\/wp\/v2\/categories?post=225116"},{"taxonomy":"post_tag","embeddable":true,"href":"https:\/\/www.europesays.com\/es\/wp-json\/wp\/v2\/tags?post=225116"}],"curies":[{"name":"wp","href":"https:\/\/api.w.org\/{rel}","templated":true}]}}