{"id":225118,"date":"2025-11-08T13:31:15","date_gmt":"2025-11-08T13:31:15","guid":{"rendered":"https:\/\/www.europesays.com\/es\/225118\/"},"modified":"2025-11-08T13:31:15","modified_gmt":"2025-11-08T13:31:15","slug":"un-presidente-transitorio-y-las-peticiones-de-vox-asi-avanzan-las-negociaciones-discretas-para-sustituir-a-mazon-el-pais-expres","status":"publish","type":"post","link":"https:\/\/www.europesays.com\/es\/225118\/","title":{"rendered":"Un presidente transitorio y las peticiones de Vox: as\u00ed avanzan las negociaciones (discretas) para sustituir a Maz\u00f3n | El PA\u00cdS Expr\u00e9s"},"content":{"rendered":"<p><img fetchpriority=\"high\" decoding=\"auto\" class=\"_re  a_m-h\" height=\"414\"  width=\"414\"  src=\"https:\/\/www.europesays.com\/es\/wp-content\/uploads\/2025\/11\/DFWXFXCQJBBJDKI3TT646Z5KLM.JPG\" loading=\"eager\"\/>COMUNIDAD VALENCIANA DVD129111\/03\/2025.- El presidente de la Generalitat, Carlos Maz\u00f3n, al finalizar su comparecencia en la que ha anunciado que dimitir\u00e1 al frente del Gobierno valenciano, pero seguir\u00e1 como diputado en Les Corts Valencianes y no convocar\u00e1 elecciones auton\u00f3micas anticipadas.&#13;<br \/>\n FOTO M\u00d2NICA TORRES EL PA\u00cdS.Foto: M\u00f2nica Torres<\/p>\n<p class=\"\">El PP y Vox han empezado las negociaciones para encontrar el sustituto de Carlos Maz\u00f3n, cuyo cese como presidente de la Generalitat Valenciana se hizo oficial este viernes en el BOE (pero sin el habitual agradecimiento \u201ca los servicios prestados\u201d).<\/p>\n<p class=\"\"><b>El proceso se est\u00e1 llevando a cabo de manera muy discreta<\/b>. G\u00e9nova ha dejado el control al PP valenciano, aunque la c\u00fapula de Feij\u00f3o revisar\u00e1 el resultado. <\/p>\n<p class=\"\"><b>\u00bfQu\u00e9 pide Vox? <\/b>La prioridad de Abascal es el rechazo al Pacto Verde europeo y un compromiso por parte del nuevo president de que se opondr\u00e1 a la acogida de menores inmigrantes irregulares.<\/p>\n<p class=\"\"><b>\u00bfQu\u00e9 posibilidades se est\u00e1n considerando?<\/b> La idea que sobrevuela es el de un presidente transitorio, que aguantar\u00eda hasta los comicios de 2027, o al menos hasta el pr\u00f3ximo congreso regional del PP valenciano, para el que todav\u00eda no hay una fecha.<\/p>\n<p class=\"\"><b>El nombre que m\u00e1s suena es Juanfran P\u00e9rez Llorca. <\/b>Mano derecha de Maz\u00f3n, es el \u00fanico miembro del Gobierno auton\u00f3mico que es tambi\u00e9n diputado en las Cortes Valencianas, requisito fundamental para ser president. <\/p>\n<p class=\"\"><b>Hay novedades sobre la investigaci\u00f3n de la dana.<\/b> El Centro de Coordinaci\u00f3n de Emergencias de la Generlaitat manejaba un borrador del mensaje Es-Alert a las 18:37 horas, una hora y media antes de mandarlo. <\/p>\n<p class=\"\">\u00a9Foto: M\u00f2nica Torres<\/p>\n<p class=\"\"><a href=\"https:\/\/elpais.com\/espana\/2025-11-08\/pp-y-vox-negocian-en-secreto-el-sustituto-de-mazon-con-los-menores-migrantes-como-principal-escollo.html\" target=\"_self\" rel=\"nofollow noopener\" title=\"https:\/\/elpais.com\/espana\/2025-11-08\/pp-y-vox-negocian-en-secreto-el-sustituto-de-mazon-con-los-menores-migrantes-como-principal-escollo.html\">Si quieres saber m\u00e1s, puedes leer aqu\u00ed. <\/a><\/p>\n","protected":false},"excerpt":{"rendered":"COMUNIDAD VALENCIANA DVD129111\/03\/2025.- El presidente de la Generalitat, Carlos Maz\u00f3n, al finalizar su comparecencia en la que ha&hellip;\n","protected":false},"author":2,"featured_media":225119,"comment_status":"","ping_status":"","sticky":false,"template":"","format":"standard","meta":{"footnotes":""},"categories":[8],"tags":[17,18,2007,242,25,24,13,14,11,19,20,9,10,15,16,956,23,12,21,22,624],"class_list":{"0":"post-225118","1":"post","2":"type-post","3":"status-publish","4":"format-standard","5":"has-post-thumbnail","7":"category-espana","8":"tag-breaking-news","9":"tag-breakingnews","10":"tag-carlos-mazon","11":"tag-comunidad-valenciana","12":"tag-es","13":"tag-espana","14":"tag-featured-news","15":"tag-featurednews","16":"tag-headlines","17":"tag-latest-news","18":"tag-latestnews","19":"tag-news","20":"tag-noticias","21":"tag-noticias-destacadas","22":"tag-noticiasdestacadas","23":"tag-pp","24":"tag-spain","25":"tag-titulares","26":"tag-ultimas-noticias","27":"tag-ultimasnoticias","28":"tag-vox"},"share_on_mastodon":{"url":"https:\/\/pubeurope.com\/@es\/115514329581673331","error":""},"_links":{"self":[{"href":"https:\/\/www.europesays.com\/es\/wp-json\/wp\/v2\/posts\/225118","targetHints":{"allow":["GET"]}}],"collection":[{"href":"https:\/\/www.europesays.com\/es\/wp-json\/wp\/v2\/posts"}],"about":[{"href":"https:\/\/www.europesays.com\/es\/wp-json\/wp\/v2\/types\/post"}],"author":[{"embeddable":true,"href":"https:\/\/www.europesays.com\/es\/wp-json\/wp\/v2\/users\/2"}],"replies":[{"embeddable":true,"href":"https:\/\/www.europesays.com\/es\/wp-json\/wp\/v2\/comments?post=225118"}],"version-history":[{"count":0,"href":"https:\/\/www.europesays.com\/es\/wp-json\/wp\/v2\/posts\/225118\/revisions"}],"wp:featuredmedia":[{"embeddable":true,"href":"https:\/\/www.europesays.com\/es\/wp-json\/wp\/v2\/media\/225119"}],"wp:attachment":[{"href":"https:\/\/www.europesays.com\/es\/wp-json\/wp\/v2\/media?parent=225118"}],"wp:term":[{"taxonomy":"category","embeddable":true,"href":"https:\/\/www.europesays.com\/es\/wp-json\/wp\/v2\/categories?post=225118"},{"taxonomy":"post_tag","embeddable":true,"href":"https:\/\/www.europesays.com\/es\/wp-json\/wp\/v2\/tags?post=225118"}],"curies":[{"name":"wp","href":"https:\/\/api.w.org\/{rel}","templated":true}]}}