{"id":225120,"date":"2025-11-08T13:32:36","date_gmt":"2025-11-08T13:32:36","guid":{"rendered":"https:\/\/www.europesays.com\/es\/225120\/"},"modified":"2025-11-08T13:32:36","modified_gmt":"2025-11-08T13:32:36","slug":"es-importante-la-confianza-del-club","status":"publish","type":"post","link":"https:\/\/www.europesays.com\/es\/225120\/","title":{"rendered":"Es importante la confianza del Club"},"content":{"rendered":"<p>El <strong>Bar\u00e7a <\/strong>se enfrenta a una visita m\u00e1s que complicada a <strong>Vigo<\/strong>, en el \u00faltimo partido antes de un nuevo par\u00f3n de selecciones, el \u00faltimo hasta marzo. Enfrente tendr\u00e1 a un <strong>Celta <\/strong>en racha, con cinco victorias consecutivas entre Liga, Copa y Europa League, y que es dif\u00edcil de descifrar, con un t\u00e9cnico muy intervencionista y rotaciones constantes en las alineaciones de Claudio Gir\u00e1ldez.<\/p>\n<p>Agradece la confianza del Club<\/p>\n<p>Flick ha reconocido, sobre el duelo, que \u00abel Celta est\u00e1 en un buen momento, quiz\u00e1s en una mejor situaci\u00f3n que nosotros. Pero todo depender\u00e1 de nuestra actitud. <strong>Queremos ganar para irnos al par\u00f3n con tres puntos<\/strong>.\u00bb El t\u00e9cnico alem\u00e1n ha agradecido la confianza del Club, tras las muestras p\u00fablicas del presidente Laporta y de Deco, ya que \u00absiempre es importante.\u00bb Deportivamente, ha admitido que \u00aben Brujas vimos que nuestra l\u00ednea a veces est\u00e1 muy profunda. Los delanteros est\u00e1n m\u00e1s lejos de lo que deber\u00edan y debemos estar m\u00e1s conectados, con bal\u00f3n y sin \u00e9l. Lo hemos hablado y espero que lo mejoremos.\u00bb<\/p>\n<p>Descarta a Joan Garc\u00eda; Kound\u00e9, duda seria<\/p>\n<p>De cara al partido en Bala\u00eddos, Flick ha<strong> descartado a Joan Garc\u00eda<\/strong>, aunque ha asegurado que est\u00e1 \u00abmuy contento con su evoluci\u00f3n\u00bb, pero que \u00abdespu\u00e9s del par\u00f3n podr\u00e1 volver.\u00bb Quien queda con m\u00e1s dudas es Jules Kounde, que no ha completado el \u00faltimo entrenamiento antes del partido. Por otra parte, el entrenador del Bar\u00e7a tambi\u00e9n ha reflexionado sobre la gran jornada del viernes que vivi\u00f3 a t\u00edtulo personal, y todo el Club, con el entrenamiento a puertas abiertas que reuni\u00f3 a 21.795 personas en el Spotify Camp Nou.<\/p>\n<p>                <img decoding=\"async\" src=\"https:\/\/www.europesays.com\/es\/wp-content\/uploads\/2025\/11\/flcik-fans.jpg\" alt=\"flcik fans\" class=\"embeddable-photo__image\"\/><\/p>\n<p>Enamorado del Spotify Camp Nou<\/p>\n<p>Sobre esto, Flick ha asegurado que \u00abla primera impresi\u00f3n fue fant\u00e1stica. Se pod\u00eda respirar la historia del estadio.\u00bb Ahora, ya piensa en vivirlo en d\u00eda de partido, ya que cree que \u00abcuando podamos jugar all\u00ed nos ayudar\u00e1 seguro.\u00bb Pero, ampliando la mirada, sabe que \u00abpara el futuro del Club es muy importante\u00bb y por eso ha querido \u00abfelicitar a todos los que han trabajado en ello.\u00bb<\/p>\n","protected":false},"excerpt":{"rendered":"El Bar\u00e7a se enfrenta a una visita m\u00e1s que complicada a Vigo, en el \u00faltimo partido antes de&hellip;\n","protected":false},"author":2,"featured_media":225121,"comment_status":"","ping_status":"","sticky":false,"template":"","format":"standard","meta":{"footnotes":""},"categories":[5],"tags":[17,18,25,24,13,14,11,19,20,9,10,15,16,23,2288,12,21,22],"class_list":{"0":"post-225120","1":"post","2":"type-post","3":"status-publish","4":"format-standard","5":"has-post-thumbnail","7":"category-titulares","8":"tag-breaking-news","9":"tag-breakingnews","10":"tag-es","11":"tag-espana","12":"tag-featured-news","13":"tag-featurednews","14":"tag-headlines","15":"tag-latest-news","16":"tag-latestnews","17":"tag-news","18":"tag-noticias","19":"tag-noticias-destacadas","20":"tag-noticiasdestacadas","21":"tag-spain","22":"tag-text","23":"tag-titulares","24":"tag-ultimas-noticias","25":"tag-ultimasnoticias"},"share_on_mastodon":{"url":"https:\/\/pubeurope.com\/@es\/115514333372365682","error":""},"_links":{"self":[{"href":"https:\/\/www.europesays.com\/es\/wp-json\/wp\/v2\/posts\/225120","targetHints":{"allow":["GET"]}}],"collection":[{"href":"https:\/\/www.europesays.com\/es\/wp-json\/wp\/v2\/posts"}],"about":[{"href":"https:\/\/www.europesays.com\/es\/wp-json\/wp\/v2\/types\/post"}],"author":[{"embeddable":true,"href":"https:\/\/www.europesays.com\/es\/wp-json\/wp\/v2\/users\/2"}],"replies":[{"embeddable":true,"href":"https:\/\/www.europesays.com\/es\/wp-json\/wp\/v2\/comments?post=225120"}],"version-history":[{"count":0,"href":"https:\/\/www.europesays.com\/es\/wp-json\/wp\/v2\/posts\/225120\/revisions"}],"wp:featuredmedia":[{"embeddable":true,"href":"https:\/\/www.europesays.com\/es\/wp-json\/wp\/v2\/media\/225121"}],"wp:attachment":[{"href":"https:\/\/www.europesays.com\/es\/wp-json\/wp\/v2\/media?parent=225120"}],"wp:term":[{"taxonomy":"category","embeddable":true,"href":"https:\/\/www.europesays.com\/es\/wp-json\/wp\/v2\/categories?post=225120"},{"taxonomy":"post_tag","embeddable":true,"href":"https:\/\/www.europesays.com\/es\/wp-json\/wp\/v2\/tags?post=225120"}],"curies":[{"name":"wp","href":"https:\/\/api.w.org\/{rel}","templated":true}]}}