{"id":225126,"date":"2025-11-08T13:42:08","date_gmt":"2025-11-08T13:42:08","guid":{"rendered":"https:\/\/www.europesays.com\/es\/225126\/"},"modified":"2025-11-08T13:42:08","modified_gmt":"2025-11-08T13:42:08","slug":"no-se-parece-en-nada-a-mi","status":"publish","type":"post","link":"https:\/\/www.europesays.com\/es\/225126\/","title":{"rendered":"\u00abNo se parece en nada a m\u00ed\u00bb"},"content":{"rendered":"<p class=\"paragraph\">El director favorito de muchos aficionados al cine de todo el mundo, sin desde\u00f1ar en modo alguno su desempe\u00f1o y su <b>extraordinaria carrera<\/b> como actor (a pesar de que <a href=\"https:\/\/www.eldebate.com\/cine-tv-series\/20250615\/sorpresa-encontro-henry-fonda-cuando-trabajo-fin-sergio-leone_307037.html\" title=\"La sorpresa que se encontr\u00f3 Henry Fonda cuando trabaj\u00f3 al fin con Sergio Leone\" rel=\"nofollow noopener\" target=\"_blank\">Sergio Leone<\/a> dijera de Clint Eastwood que solo tiene dos expresiones: una con sombrero y otra sin sombrero) tiene, como todos, sus <b>actores favoritos<\/b>. Especialmente uno, como refleja el libro Clint Eastwood: Entrevistas en una conversaci\u00f3n del cineasta con Patrick McGilligan. Es ah\u00ed donde <a href=\"https:\/\/www.eldebate.com\/cine-tv-series\/20250729\/mejor-director-historia-segun-clint-eastwood-sabia-cine-nadie_321219.html\" title=\"El mejor director de la historia, seg\u00fan Clint Eastwood: \u00abSab\u00eda de cine m\u00e1s que nadie\u00bb\" rel=\"nofollow noopener\" target=\"_blank\">Eastwood<\/a> mostr\u00f3 su debilidad por <b>James Cagney<\/b>.<\/p>\n<p class=\"paragraph\">\u00abNo se parece en nada a m\u00ed. Cuando empec\u00e9 como actor, todas las secretarias me llamaban Coop porque pensaban que me parec\u00eda a Gary Cooper, hace ya bastantes a\u00f1os\u00bb, explic\u00f3 Clint Eastwood, que no por ello dej\u00f3 de admirar a Cooper \u2013bien al contrario\u2013 pero que decidi\u00f3 fijarse en otro actor muy diferente tanto en el f\u00edsico como en su forma de actuar. \u00abSiempre me gust\u00f3 el estilo y la energ\u00eda de Cagney. Era intr\u00e9pido. La mayor\u00eda de esos tipos lo eran\u00bb, reconoci\u00f3 en su entrevista con Patrick McGilligan.<\/p>\n<p class=\"paragraph\">James Cagney gan\u00f3 el Oscar al mejor actor en 1943 por Yanqui Dandy y fue nominado en otras dos ocasiones en la misma categor\u00eda: en 1939 por \u00c1ngeles con caras sucias, que protagoniz\u00f3 junto a Humphrey Bogart y Pat O\u2019Brien, y en 1956 por Qui\u00e9reme o d\u00e9jame, con Doris Day. Son solo tres pel\u00edculas de James Cagney dentro de una lista que incluye tambi\u00e9n t\u00edtulos como Al rojo vivo, Uno, dos, tres, El hombre de las mil caras, Escala en Haw\u00e1i o La ley de la horca.<\/p>\n<p class=\"paragraph\">En otras entrevistas, <b>Clint Eastwood<\/b> fue ampliando su lista de <b>actores favoritos<\/b>, siempre sin dejar de lado a James Cagney, y ha citado tambi\u00e9n en ocasiones a Humphrey Bogart, <a href=\"https:\/\/www.eldebate.com\/cine-tv-series\/20240827\/siete-remakes-son-mejores-peliculas-originales_222504.html\" title=\"Siete remakes que son mejores que sus pel\u00edculas originales\" rel=\"nofollow noopener\" target=\"_blank\">Robert Mitchum<\/a> y Gary Cooper, el mismo con el que le comparaban aquellas secretarias al inicio de su carrera, como otros int\u00e9rpretes por los que siente debilidad.<\/p>\n","protected":false},"excerpt":{"rendered":"El director favorito de muchos aficionados al cine de todo el mundo, sin desde\u00f1ar en modo alguno su&hellip;\n","protected":false},"author":2,"featured_media":225127,"comment_status":"","ping_status":"","sticky":false,"template":"","format":"standard","meta":{"footnotes":""},"categories":[174],"tags":[255,146,147,25,24,256,23],"class_list":{"0":"post-225126","1":"post","2":"type-post","3":"status-publish","4":"format-standard","5":"has-post-thumbnail","7":"category-famosos","8":"tag-celebrities","9":"tag-entertainment","10":"tag-entretenimiento","11":"tag-es","12":"tag-espana","13":"tag-famosos","14":"tag-spain"},"share_on_mastodon":{"url":"https:\/\/pubeurope.com\/@es\/115514372916076049","error":""},"_links":{"self":[{"href":"https:\/\/www.europesays.com\/es\/wp-json\/wp\/v2\/posts\/225126","targetHints":{"allow":["GET"]}}],"collection":[{"href":"https:\/\/www.europesays.com\/es\/wp-json\/wp\/v2\/posts"}],"about":[{"href":"https:\/\/www.europesays.com\/es\/wp-json\/wp\/v2\/types\/post"}],"author":[{"embeddable":true,"href":"https:\/\/www.europesays.com\/es\/wp-json\/wp\/v2\/users\/2"}],"replies":[{"embeddable":true,"href":"https:\/\/www.europesays.com\/es\/wp-json\/wp\/v2\/comments?post=225126"}],"version-history":[{"count":0,"href":"https:\/\/www.europesays.com\/es\/wp-json\/wp\/v2\/posts\/225126\/revisions"}],"wp:featuredmedia":[{"embeddable":true,"href":"https:\/\/www.europesays.com\/es\/wp-json\/wp\/v2\/media\/225127"}],"wp:attachment":[{"href":"https:\/\/www.europesays.com\/es\/wp-json\/wp\/v2\/media?parent=225126"}],"wp:term":[{"taxonomy":"category","embeddable":true,"href":"https:\/\/www.europesays.com\/es\/wp-json\/wp\/v2\/categories?post=225126"},{"taxonomy":"post_tag","embeddable":true,"href":"https:\/\/www.europesays.com\/es\/wp-json\/wp\/v2\/tags?post=225126"}],"curies":[{"name":"wp","href":"https:\/\/api.w.org\/{rel}","templated":true}]}}