{"id":225128,"date":"2025-11-08T13:43:10","date_gmt":"2025-11-08T13:43:10","guid":{"rendered":"https:\/\/www.europesays.com\/es\/225128\/"},"modified":"2025-11-08T13:43:10","modified_gmt":"2025-11-08T13:43:10","slug":"arquitectura-para-no-perderse-tres-ejemplos-de-edificios-para-mejorar-la-vida-de-las-personas-con-alzheimer","status":"publish","type":"post","link":"https:\/\/www.europesays.com\/es\/225128\/","title":{"rendered":"Arquitectura para no perderse: tres ejemplos de edificios para mejorar la vida de las personas con Alzheimer"},"content":{"rendered":"<p class=\"paragraph font__body-regular\">A 15 minutos en tren de \u00c1msterdam, en Pa\u00edses Bajos, existe un lugar que <b>parece un peque\u00f1o pueblo <\/b>pero en realidad es un <b>escenario cuidadosamente dise\u00f1ado<\/b>. Se llama <a href=\"https:\/\/tn.com.ar\/internacional\/2022\/05\/12\/the-truman-show-en-la-vida-real-villa-demencia-el-pueblo-en-donde-solo-viven-enfermos-de-alzheimer\/\" target=\"_self\" rel=\"nofollow noopener\" title=\"https:\/\/tn.com.ar\/internacional\/2022\/05\/12\/the-truman-show-en-la-vida-real-villa-demencia-el-pueblo-en-donde-solo-viven-enfermos-de-alzheimer\/\"><b>Hogeweyk<\/b><\/a>, aunque muchos lo conocen como \u201cVilla Demencia\u201d: <b>una especie de ciudad creada especialmente para personas con Alzheimer o demencia senil<\/b>.<\/p>\n<p class=\"paragraph font__body-regular\">Sus calles, plazas, comercios y cafeter\u00edas forman parte de una <b>simulaci\u00f3n terap\u00e9utica<\/b>. Los enfermeros y cuidadores trabajan sin uniforme y asumen distintos roles \u2014de <b>comerciantes<\/b>,<b> mozos o vecinos<\/b>\u2014 para acompa\u00f1ar la vida cotidiana de los pacientes sin interrumpirla.<\/p>\n<p class=\"paragraph font__body-regular\"><b>Le\u00e9 tambi\u00e9n: <\/b><a href=\"https:\/\/tn.com.ar\/salud\/bienestar\/2025\/11\/05\/cuidar-el-planeta-es-cuidar-la-salud-expertos-destacan-el-impacto-del-medioambiente-en-nuestro-bienestar\/\" rel=\"nofollow noopener\" target=\"_blank\"><b>Cuidar el planeta es cuidar la salud: expertos destacan el impacto del medioambiente en nuestro bienestar<\/b><\/a><\/p>\n<p class=\"paragraph font__body-regular\">El objetivo no es ocultar la enfermedad, sino recrear un entorno reconocible y seguro, donde los residentes puedan<b> seguir tomando decisiones y conservar cierta independencia <\/b>dentro de un per\u00edmetro controlado. <\/p>\n<p class=\"paragraph font__body-regular\">El Alzheimer, una forma de demencia que <b>deteriora progresivamente la memoria, la orientaci\u00f3n y el lenguaje<\/b>, vuelve esencial que el espacio habitado ayude a compensar esas p\u00e9rdidas.<\/p>\n<p><img decoding=\"async\" loading=\"lazy\" fetchpriority=\"low\" data-testid=\"loading-testid\" class=\"image content-image image_placeholder\" alt=\"En Villa Demencia viven 150 ancianos con Alzheimer o demencia senil. (Foto: Hogeweyk Village)\" width=\"767\" height=\"511\" src=\"https:\/\/www.europesays.com\/es\/wp-content\/uploads\/2025\/11\/en-villa-demencia-viven-150-ancianos-con-alzheimer-o-demencia-senil-foto-hogeweyk-village-VI6LDPPBIB.jpeg\"\/><\/p>\n<p>En Villa Demencia viven 150 ancianos con Alzheimer o demencia senil. (Foto: Hogeweyk Village)<\/p>\n<p class=\"paragraph font__body-regular\">En este contexto, el modelo de Pa\u00edses Bajos, iniciado como ensayo en 1993 y consolidado en 2009, combina <b>arquitectura y gerontolog\u00eda<\/b>. <\/p>\n<p class=\"paragraph font__body-regular\">Con 15.000 metros cuadrados y 27 casas, \u201cVilla Demencia\u201d es una aldea cerrada que busca una libertad posible: proteger sin encerrar. La vida cotidiana \u2014<b>ir al supermercado, asistir a una obra de teatro, tomar un caf\u00e9<\/b>\u2014 se mantiene dentro de un entorno que<b> amortigua el desorden de la memoria<\/b>. <\/p>\n<p class=\"paragraph font__body-regular\">As\u00ed, el proyecto marc\u00f3 un cambio de paradigma: entender que <b>la arquitectura tambi\u00e9n puede ser una forma de medicina<\/b>.<\/p>\n<p class=\"paragraph font__body-regular\">La idea se expandi\u00f3 y lleg\u00f3 a inspirar modelos similares en Canad\u00e1, Noruega, Italia y Australia. En<b> Francia<\/b>, el concepto se adapt\u00f3 con una mirada propia; y la<b> Argentina<\/b> no se qued\u00f3 afuera. <\/p>\n<p><img decoding=\"async\" loading=\"lazy\" fetchpriority=\"low\" data-testid=\"loading-testid\" class=\"image content-image image_placeholder\" alt=\"Villa Demencia cuenta con m\u00e1s de 15.000 metros cuadrados y est\u00e1 cerrado al mundo exterior. (Foto: Hogeweyk Village)\" width=\"767\" height=\"1151\" src=\"https:\/\/www.europesays.com\/es\/wp-content\/uploads\/2025\/11\/villa-demencia-cuenta-con-mas-de-15000-metros-cuadrados-y-esta-cerrado-al-mundo-exterior-foto-hogewe.jpeg\"\/><\/p>\n<p>Villa Demencia cuenta con m\u00e1s de 15.000 metros cuadrados y est\u00e1 cerrado al mundo exterior. (Foto: Hogeweyk Village)<\/p>\n<p class=\"paragraph font__body-regular\">En Dax, al suroeste de Francia, la Villa del Alzheimer propone un enfoque distinto. A diferencia de Villa Demencia, que recrea un pueblo entero y funciona como una simulaci\u00f3n donde los residentes viven una versi\u00f3n adaptada de la vida cotidiana, el complejo franc\u00e9s <b>no imita una ciudad ni oculta su car\u00e1cter institucional<\/b>. <\/p>\n<p class=\"paragraph font__body-regular\">Hay una tienda, un espacio para peinarse y cortarse el pelo, una plaza y un restaurante, pero todo dentro de un entorno institucional. La idea no es reproducir una ficci\u00f3n de la vida anterior, sino <b>acompa\u00f1ar la vida presente<\/b> en un espacio reconocible, tranquilo y seguro. Un sendero circular atraviesa el predio y evita los callejones sin salida, permitiendo caminar sin perderse.<\/p>\n<p class=\"paragraph font__body-regular\"><b>Le\u00e9 tambi\u00e9n: <\/b><a href=\"https:\/\/tn.com.ar\/economia\/2024\/10\/16\/generacion-plateada-el-grupo-de-adultos-que-redefinio-su-rol-y-empezo-a-cambiar-la-economia-global\/\" rel=\"nofollow noopener\" target=\"_blank\"><b>Generaci\u00f3n plateada: el grupo de adultos que redefini\u00f3 su rol y empez\u00f3 a cambiar la econom\u00eda global<\/b><\/a><\/p>\n<p class=\"paragraph font__body-regular\">\u201cPara las personas con Alzheimer o demencia, es fundamental que el entorno sea reconocible. No debe suponer un reto ni perturbar sus capacidades cognitivas\u201d, explic\u00f3 el arquitecto <b>Morten Gregersen<\/b>, del estudio NORD Architects, responsable del dise\u00f1o de Dax. <\/p>\n<p class=\"paragraph font__body-regular\">El proyecto franc\u00e9s se apoya en una premisa sencilla: el <b>reconocimiento<\/b> genera continuidad y<b> sentido de pertenencia<\/b>. Por eso, m\u00e1s que la ficci\u00f3n, son fundamentales<b> las texturas, los colores y los materiales <\/b>presentes en la ciudad, para que el espacio resulte familiar. <\/p>\n<p><img decoding=\"async\" loading=\"lazy\" fetchpriority=\"low\" data-testid=\"loading-testid\" class=\"image content-image image_placeholder\" alt=\"El entorno natural es la clave del dise\u00f1o de la residencia Dax, en Francia. (Foto: Nord Architects)\" width=\"767\" height=\"431\" src=\"https:\/\/www.europesays.com\/es\/wp-content\/uploads\/2025\/11\/el-entorno-natural-es-la-clave-del-diseno-de-la-residencia-dax-en-francia-foto-nord-architects-6ERKH.jpeg\"\/><\/p>\n<p>El entorno natural es la clave del dise\u00f1o de la residencia Dax, en Francia. (Foto: Nord Architects)<\/p>\n<p class=\"paragraph font__body-regular\">A miles de kil\u00f3metros de distancia, en<b> Buenos Aires<\/b>, un tercer modelo lleva la misma idea a otra escala: un edificio de siete plantas dise\u00f1ado desde los cimientos para acompa\u00f1ar el Alzheimer sin recurrir a la simulaci\u00f3n. Residencia Manantial es, hoy, <b>la \u00fanica instituci\u00f3n en la Argentina concebida arquitect\u00f3nicamente para personas con deterioro cognitivo<\/b>.<\/p>\n<p class=\"paragraph font__body-regular\">Su director, Fernando Shalom, lo explica a <b>TN<\/b>: \u201c<b>La arquitectura puede cuidar<\/b>. Este espacio fue construido para que cada persona mantenga -el mayor tiempo posible-, <b>la capacidad de dirigir su vida<\/b> seg\u00fan sus deseos, creencias, gustos e intereses\u201d. <\/p>\n<p class=\"paragraph font__body-regular\"><b>Le\u00e9 tambi\u00e9n: <\/b><a href=\"https:\/\/tn.com.ar\/salud\/noticias\/2023\/06\/06\/la-discriminacion-por-edad-un-problema-de-salud-publica-que-afecta-a-un-tercio-de-la-poblacion\/\" rel=\"nofollow noopener\" target=\"_blank\"><b>La discriminaci\u00f3n por edad, un problema de salud p\u00fablica que afecta a un tercio de la poblaci\u00f3n<\/b><\/a><\/p>\n<p class=\"paragraph font__body-regular\">El dise\u00f1o, elaborado junto al arquitecto<b> <\/b>Manuel Schopflocher, evita los pasillos cerrados y apuesta por <b>pisos circulares<\/b>, <b>barandas continuas<\/b> y <b>jardines sinf\u00edn<\/b> que permiten caminar sin riesgos. <\/p>\n<p class=\"paragraph font__body-regular\">Las <b>baldosas<\/b> replican las veredas t\u00edpicas de Buenos Aires y los espacios verdes evocan recuerdos urbanos. Cada planta concentra los ambientes esenciales: habitaciones, comedor, cocina, enfermer\u00eda y \u00e1reas de estimulaci\u00f3n.<\/p>\n<p class=\"paragraph font__body-regular\">\u201cNo se trata de que la persona se adapte al edificio, sino de<b> que el edificio se adapte a la persona<\/b>\u201d, explica Mara Maslavski, coordinadora gerontol\u00f3gica de la residencia. \u201cLa rutina se estructura sobre tres pilares: el abordaje asistencial, terap\u00e9utico y arquitect\u00f3nico\u201d. <\/p>\n<p><img decoding=\"async\" loading=\"lazy\" fetchpriority=\"low\" data-testid=\"loading-testid\" class=\"image content-image image_placeholder\" alt=\"El plano del edificio pensado para personas con demencia en Buenos Aires. (Imagen: gentileza Manantial)\" width=\"767\" height=\"204\" src=\"https:\/\/www.europesays.com\/es\/wp-content\/uploads\/2025\/11\/el-plano-del-edificio-pensado-para-personas-con-demencia-en-buenos-aires-imagen-gentileza-manantial-.jpeg\"\/><\/p>\n<p>El plano del edificio pensado para personas con demencia en Buenos Aires. (Imagen: gentileza Manantial)<\/p>\n<p class=\"paragraph font__body-regular\">Aunque los tres proyectos son distintos, comparten un diagn\u00f3stico: el entorno f\u00edsico <b>influye tanto como la medicaci\u00f3n<\/b>.<\/p>\n<p class=\"paragraph font__body-regular\">En este sentido, Shalom explica la l\u00f3gica detr\u00e1s del edificio porte\u00f1o: \u201cUna persona con demencia no entiende que no puede salir a la calle. Si ve la puerta y no comprende el peligro, se angustia. Por eso,<b> en lugar de ofrecerle lo que no puede tener, se construye un entorno donde pueda moverse con libertad sin estar en peligro<\/b>\u201c. <\/p>\n<p class=\"paragraph font__body-regular\">Las decisiones de dise\u00f1o buscan resolver lo cotidiano con precisi\u00f3n. En las habitaciones, una <b>vitrina iluminada junto a la puerta<\/b> contiene objetos personales \u2014fotos, trofeos, reliquias\u2014 que ayudan a reconocer el espacio propio. <\/p>\n<p class=\"paragraph font__body-regular\">Los <b>ba\u00f1os<\/b> est\u00e1n pensados para ser visibles desde la cama, con iluminaci\u00f3n directa sobre el inodoro para estimular su uso. Las <b>teclas de luz<\/b> contrastan con la pared para invitar al movimiento o se mimetizan cuando conviene que pasen desapercibidas. <\/p>\n<p><img decoding=\"async\" loading=\"lazy\" fetchpriority=\"low\" data-testid=\"loading-testid\" class=\"image content-image image_placeholder\" alt=\"Los ba\u00f1os est\u00e1n pensados para ser visibles desde la cama, con iluminaci\u00f3n directa sobre el inodoro para estimular su uso. (Foto: gentileza Manantial)\" width=\"767\" height=\"512\" src=\"https:\/\/www.europesays.com\/es\/wp-content\/uploads\/2025\/11\/los-banos-estan-pensados-para-ser-visibles-desde-la-cama-con-iluminacion-directa-sobre-el-inodoro-pa.jpeg\"\/><\/p>\n<p>Los ba\u00f1os est\u00e1n pensados para ser visibles desde la cama, con iluminaci\u00f3n directa sobre el inodoro para estimular su uso. (Foto: gentileza Manantial)<\/p>\n<p class=\"paragraph font__body-regular\">Las <b>camas<\/b> bajan al nivel del piso para evitar ca\u00eddas, y los <b>placares<\/b> ordenan la ropa seg\u00fan la secuencia de uso, de modo que vestirse siga siendo un acto propio.<\/p>\n<p class=\"paragraph font__body-regular\">\u201c<b>Cuanta m\u00e1s ayuda damos sin necesidad<\/b>,<b> m\u00e1s r\u00e1pido se anulan facultades que a\u00fan est\u00e1n presentes<\/b>\u201d, dice Shalom y agrega: \u201cDise\u00f1amos para preservar la autonom\u00eda, no para reemplazarla prematuramente\u201d. <\/p>\n<p class=\"paragraph font__body-regular\">El modelo argentino se apoya tambi\u00e9n en evidencia. \u201cNuestros estudios internos muestran que, tras seis o nueve meses, <b>un 30% de los residentes mejora su funcionalidad y m\u00e1s del 60% mantiene sus capacidades<\/b>\u201d, se\u00f1ala Maslavski. No hay promesas de cura, pero s\u00ed una mejora concreta en la vida diaria.<\/p>\n<p class=\"paragraph font__body-regular\">El testimonio de <b>Graciela Saracco<\/b>, residente, traduce esa experiencia en palabras simples: \u201cMe siento muy a gusto y por eso realizo todas las actividades. Me siento acompa\u00f1ada. En la habitaci\u00f3n me gusta la cama y el escritorio donde tengo las fotos de mi familia. Todas las noches las miro y les env\u00edo un beso a cada uno\u201d.<\/p>\n<p><img decoding=\"async\" loading=\"lazy\" fetchpriority=\"low\" data-testid=\"loading-testid\" class=\"image content-image image_placeholder\" alt=\"El dise\u00f1o, elaborado junto al arquitecto Manuel Schopflocher, evita los pasillos cerrados y apuesta por pisos circulares y barandas continuas. (Foto: gentileza Manantial)\" width=\"767\" height=\"512\" src=\"https:\/\/www.europesays.com\/es\/wp-content\/uploads\/2025\/11\/el-diseno-elaborado-junto-al-arquitecto-manuel-schopflocher-evita-los-pasillos-cerrados-y-apuesta-po.jpeg\"\/><\/p>\n<p>El dise\u00f1o, elaborado junto al arquitecto Manuel Schopflocher, evita los pasillos cerrados y apuesta por pisos circulares y barandas continuas. (Foto: gentileza Manantial)<\/p>\n<p class=\"paragraph font__body-regular\">Su hija, Sandra Preter, habla desde otro lugar: \u201cNo quer\u00edamos que mi mam\u00e1 fuera un n\u00famero m\u00e1s. Quiero verla activa, conectada, conversando. Siempre fue una persona sociable, y ac\u00e1 eso se mantiene\u201d.<\/p>\n<p class=\"paragraph font__body-regular\">El Alzheimer es uno de los grandes desaf\u00edos sanitarios del siglo XXI: una enfermedad progresiva, sin cura, que exige <b>nuevos modos de cuidado<\/b>. La arquitectura, en ese contexto, deja de ser decorado para volverse protagonista.<\/p>\n<p class=\"paragraph font__body-regular\">Los tres modelos \u2014la <b>ciudad simulada<\/b> de Hogeweyk; la <b>aldea natural<\/b> de Dax y el <b>hogar terap\u00e9utico<\/b> de Buenos Aires\u2014 exploran c\u00f3mo un entorno puede reducir la ansiedad, evitar sujeciones y prolongar la autonom\u00eda.<\/p>\n<p class=\"paragraph font__body-regular\">No hay romanticismo posible frente a una enfermedad que borra recuerdos, pero s\u00ed una constataci\u00f3n emp\u00edrica: el espacio incide en la calidad de vida. <b>Un pasillo circular puede evitar el miedo<\/b>.<b> Una luz bien colocada puede prevenir una crisis<\/b>.<b> Una vitrina con objetos familiares puede reactivar la orientaci\u00f3n<\/b>. \u201cApostamos por el proyecto y queremos generar conciencia, la arquitectura puede ayudar a vivir mejor\u201d, cierra Shalom. <\/p>\n","protected":false},"excerpt":{"rendered":"A 15 minutos en tren de \u00c1msterdam, en Pa\u00edses Bajos, existe un lugar que parece un peque\u00f1o pueblo&hellip;\n","protected":false},"author":2,"featured_media":225129,"comment_status":"","ping_status":"","sticky":false,"template":"","format":"standard","meta":{"footnotes":""},"categories":[173],"tags":[3350,801,229,233,231,230,33385,232,234,146,147,25,24,23],"class_list":{"0":"post-225128","1":"post","2":"type-post","3":"status-publish","4":"format-standard","5":"has-post-thumbnail","7":"category-arte-y-diseno","8":"tag-alzheimer","9":"tag-arquitectura","10":"tag-arte","11":"tag-arte-y-diseno","12":"tag-arts","13":"tag-arts-and-design","14":"tag-cuidados","15":"tag-design","16":"tag-diseno","17":"tag-entertainment","18":"tag-entretenimiento","19":"tag-es","20":"tag-espana","21":"tag-spain"},"share_on_mastodon":{"url":"https:\/\/pubeurope.com\/@es\/115514377028989708","error":""},"_links":{"self":[{"href":"https:\/\/www.europesays.com\/es\/wp-json\/wp\/v2\/posts\/225128","targetHints":{"allow":["GET"]}}],"collection":[{"href":"https:\/\/www.europesays.com\/es\/wp-json\/wp\/v2\/posts"}],"about":[{"href":"https:\/\/www.europesays.com\/es\/wp-json\/wp\/v2\/types\/post"}],"author":[{"embeddable":true,"href":"https:\/\/www.europesays.com\/es\/wp-json\/wp\/v2\/users\/2"}],"replies":[{"embeddable":true,"href":"https:\/\/www.europesays.com\/es\/wp-json\/wp\/v2\/comments?post=225128"}],"version-history":[{"count":0,"href":"https:\/\/www.europesays.com\/es\/wp-json\/wp\/v2\/posts\/225128\/revisions"}],"wp:featuredmedia":[{"embeddable":true,"href":"https:\/\/www.europesays.com\/es\/wp-json\/wp\/v2\/media\/225129"}],"wp:attachment":[{"href":"https:\/\/www.europesays.com\/es\/wp-json\/wp\/v2\/media?parent=225128"}],"wp:term":[{"taxonomy":"category","embeddable":true,"href":"https:\/\/www.europesays.com\/es\/wp-json\/wp\/v2\/categories?post=225128"},{"taxonomy":"post_tag","embeddable":true,"href":"https:\/\/www.europesays.com\/es\/wp-json\/wp\/v2\/tags?post=225128"}],"curies":[{"name":"wp","href":"https:\/\/api.w.org\/{rel}","templated":true}]}}