{"id":225130,"date":"2025-11-08T13:45:11","date_gmt":"2025-11-08T13:45:11","guid":{"rendered":"https:\/\/www.europesays.com\/es\/225130\/"},"modified":"2025-11-08T13:45:11","modified_gmt":"2025-11-08T13:45:11","slug":"esta-talent-se-rompe-en-los-ensayos-y-emociona-a-malu-tenia-muchos-fantasmas","status":"publish","type":"post","link":"https:\/\/www.europesays.com\/es\/225130\/","title":{"rendered":"Esta talent se rompe en los ensayos y emociona a Mal\u00fa: \u201cTen\u00eda muchos fantasmas\u201d"},"content":{"rendered":"<p>Los<b> Asaltos<\/b> son uno de los momentos m\u00e1s especiales en todas la ediciones, para realizar una buena actuaci\u00f3n los<b> coaches<\/b> arropan a todos los miembros de sus equipos durante los ensayos. Mal\u00fa ha mostrado su lado m\u00e1s sentimental con <b>Diva<\/b> y su <b><a title=\"interpretaci\u00f3n de fado\" href=\"https:\/\/www.antena3.com\/programas\/la-voz\/diva-emociona-cantar-fado-pone-piel-gallina-maria-becerra_20251107690e69f45442607f2ff0244e.html\" target=\"_blank\" rel=\"nofollow noopener\">interpretaci\u00f3n de fado<\/a><\/b>, estilo musical del mismo origen que ella.<\/p>\n<p>La coach no ha podido resistir las l\u00e1grimas al escuchar la <b>canci\u00f3n<\/b> original portuguesa interpretada por Diva, quien desconoc\u00eda la canci\u00f3n y ha a\u00f1adido que \u00abfue en <b>La Voz<\/b> donde empec\u00e9 a cantar el fado\u00bb. <b>Mal\u00fa<\/b> le ha dado las gracias a la talent por enaltecer la canci\u00f3n y haberle \u00abllevado a un sitio muy bonito\u00bb.<\/p>\n<p>Durante el ensayo las l\u00e1grimas y los sentimientos se han hecho protagonistas en el escenario de La Voz, ambas cantantes han acabado y dedic\u00e1ndose palabras muy bonitas la una a la otra. \u00abMe ha escogido la m\u00fasica\u00bb le ha confesado Diva a su coach, mientras se secaba las <b>l\u00e1grimas<\/b>, a lo que ha a\u00f1adido la <b>fuerza<\/b> y confianza que le ha aportado su padre para impulsarse en el mundo musical.<\/p>\n<p>\u00a1Revive el momento de complicidad entre Mal\u00fa y Diva entrando en el v\u00eddeo!<\/p>\n<p>   <img decoding=\"async\" title=\"\u00a1Robo sorpresa! Mika se lleva a Diva del equipo de Mal\u00fa\" alt=\"\u00a1Robo sorpresa! Mika se lleva a Diva del equipo de Mal\u00fa\" width=\"480\" height=\"270\" src=\"https:\/\/www.europesays.com\/es\/wp-content\/uploads\/2025\/11\/1762609511_784_70.jpg\" loading=\"lazy\" class=\"lazy\"\/><\/p>\n","protected":false},"excerpt":{"rendered":"Los Asaltos son uno de los momentos m\u00e1s especiales en todas la ediciones, para realizar una buena actuaci\u00f3n&hellip;\n","protected":false},"author":2,"featured_media":225131,"comment_status":"","ping_status":"","sticky":false,"template":"","format":"standard","meta":{"footnotes":""},"categories":[171],"tags":[146,147,25,24,23,214],"class_list":{"0":"post-225130","1":"post","2":"type-post","3":"status-publish","4":"format-standard","5":"has-post-thumbnail","7":"category-tv","8":"tag-entertainment","9":"tag-entretenimiento","10":"tag-es","11":"tag-espana","12":"tag-spain","13":"tag-tv"},"share_on_mastodon":{"url":"","error":""},"_links":{"self":[{"href":"https:\/\/www.europesays.com\/es\/wp-json\/wp\/v2\/posts\/225130","targetHints":{"allow":["GET"]}}],"collection":[{"href":"https:\/\/www.europesays.com\/es\/wp-json\/wp\/v2\/posts"}],"about":[{"href":"https:\/\/www.europesays.com\/es\/wp-json\/wp\/v2\/types\/post"}],"author":[{"embeddable":true,"href":"https:\/\/www.europesays.com\/es\/wp-json\/wp\/v2\/users\/2"}],"replies":[{"embeddable":true,"href":"https:\/\/www.europesays.com\/es\/wp-json\/wp\/v2\/comments?post=225130"}],"version-history":[{"count":0,"href":"https:\/\/www.europesays.com\/es\/wp-json\/wp\/v2\/posts\/225130\/revisions"}],"wp:featuredmedia":[{"embeddable":true,"href":"https:\/\/www.europesays.com\/es\/wp-json\/wp\/v2\/media\/225131"}],"wp:attachment":[{"href":"https:\/\/www.europesays.com\/es\/wp-json\/wp\/v2\/media?parent=225130"}],"wp:term":[{"taxonomy":"category","embeddable":true,"href":"https:\/\/www.europesays.com\/es\/wp-json\/wp\/v2\/categories?post=225130"},{"taxonomy":"post_tag","embeddable":true,"href":"https:\/\/www.europesays.com\/es\/wp-json\/wp\/v2\/tags?post=225130"}],"curies":[{"name":"wp","href":"https:\/\/api.w.org\/{rel}","templated":true}]}}