{"id":225134,"date":"2025-11-08T13:47:08","date_gmt":"2025-11-08T13:47:08","guid":{"rendered":"https:\/\/www.europesays.com\/es\/225134\/"},"modified":"2025-11-08T13:47:08","modified_gmt":"2025-11-08T13:47:08","slug":"leo-from-chicago-10-de-noviembre-estreno-del-documental-sobre-las-raices-del-papa-en-ee-uu","status":"publish","type":"post","link":"https:\/\/www.europesays.com\/es\/225134\/","title":{"rendered":"\u201cLeo from Chicago\u201d: 10 de noviembre estreno del documental sobre las ra\u00edces del Papa en EE.UU."},"content":{"rendered":"<p>La producci\u00f3n audiovisual se difundir\u00e1 a las 18:00 horas en ingl\u00e9s, italiano y espa\u00f1ol, a trav\u00e9s de los canales de Vatican News. Habr\u00e1 un preestreno para los periodistas acreditados en la Sala de Prensa de la Santa Sede en la Filmoteca el 10 de noviembre a las 16:00 horas.<\/p>\n<p><b>Vatican News<\/b><\/p>\n<p>A seis meses de la elecci\u00f3n del Papa Le\u00f3n XIV, Radio Vaticana \u2013 Vatican News publican Leo from Chicago, un documental que recorre la historia, las ra\u00edces familiares, los estudios y la vocaci\u00f3n agustina de Robert Francis Prevost en su tierra natal: Estados Unidos. Un itinerario que se desarrolla a partir de su infancia en Dolton, a trav\u00e9s de los recuerdos de sus hermanos Louis y John, y contin\u00faa entre escuelas y universidades, comunidades y parroquias, con los testimonios de religiosos, profesores, compa\u00f1eros de estudios y amigos de toda la vida.<\/p>\n<p>Leo from Chicago sigue al documental Le\u00f3n de Per\u00fa, presentado el pasado mes de junio, sobre los a\u00f1os de misi\u00f3n del futuro Pont\u00edfice en el pa\u00eds sudamericano. Es una producci\u00f3n de la Direcci\u00f3n Editorial del Dicasterio para la Comunicaci\u00f3n, en colaboraci\u00f3n con la Arquidi\u00f3cesis de Chicago y el Apostolado El Sembrador Nueva Evangelizaci\u00f3n (ESNE). Ha sido realizado por los periodistas Deborah Castellano-Lubov, Salvatore Cernuzio y Felipe Herrera-Espaliat, con el montaje de Jaime Vizca\u00edno Haro.<\/p>\n<p>A las 18:00 horas (hora de Roma) del lunes 10 de noviembre, el documental se publicar\u00e1 en los canales de YouTube de Vatican News en ingl\u00e9s, italiano y espa\u00f1ol, y se difundir\u00e1 a trav\u00e9s de otros medios de comunicaci\u00f3n internacionales. Para los periodistas acreditados en la Sala de Prensa de la Santa Sede, est\u00e1 prevista una proyecci\u00f3n previa en la Filmoteca Vaticana siempre el mismo lunes a las 16:00 horas.<\/p>\n<p><b>MODALIDAD DE ACREDITACI\u00d3N<\/b><\/p>\n<p>Los periodistas y operadores de medios de comunicaci\u00f3n que deseen participar deben enviar su solicitud a trav\u00e9s del Sistema de Acreditaci\u00f3n en l\u00ednea de la Sala de Prensa de la Santa Sede, en la direcci\u00f3n: <a href=\"http:\/\/press.vatican.va\/accreditamenti\" target=\"_blank\" rel=\"external nofollow noopener\">press.vatican.va\/accreditamenti<\/a><\/p>\n<p>\n   Vea el documental \u00abLe\u00f3n de Per\u00fa\u00bb sobre los a\u00f1os de misi\u00f3n del papa Le\u00f3n XIV.\n  <\/p>\n","protected":false},"excerpt":{"rendered":"La producci\u00f3n audiovisual se difundir\u00e1 a las 18:00 horas en ingl\u00e9s, italiano y espa\u00f1ol, a trav\u00e9s de los&hellip;\n","protected":false},"author":2,"featured_media":225135,"comment_status":"","ping_status":"","sticky":false,"template":"","format":"standard","meta":{"footnotes":""},"categories":[169],"tags":[177,38237,146,147,25,24,629,176,2950,175,400,59502,12631,23,403],"class_list":{"0":"post-225134","1":"post","2":"type-post","3":"status-publish","4":"format-standard","5":"has-post-thumbnail","7":"category-cine","8":"tag-cine","9":"tag-dicasterio-para-la-comunicacion","10":"tag-entertainment","11":"tag-entretenimiento","12":"tag-es","13":"tag-espana","14":"tag-estados-unidos","15":"tag-film","16":"tag-medios-de-comunicacion","17":"tag-movies","18":"tag-papa-leon-xiv","19":"tag-radio-vaticano","20":"tag-santa-sede","21":"tag-spain","22":"tag-vaticano"},"share_on_mastodon":{"url":"https:\/\/pubeurope.com\/@es\/115514392202816493","error":""},"_links":{"self":[{"href":"https:\/\/www.europesays.com\/es\/wp-json\/wp\/v2\/posts\/225134","targetHints":{"allow":["GET"]}}],"collection":[{"href":"https:\/\/www.europesays.com\/es\/wp-json\/wp\/v2\/posts"}],"about":[{"href":"https:\/\/www.europesays.com\/es\/wp-json\/wp\/v2\/types\/post"}],"author":[{"embeddable":true,"href":"https:\/\/www.europesays.com\/es\/wp-json\/wp\/v2\/users\/2"}],"replies":[{"embeddable":true,"href":"https:\/\/www.europesays.com\/es\/wp-json\/wp\/v2\/comments?post=225134"}],"version-history":[{"count":0,"href":"https:\/\/www.europesays.com\/es\/wp-json\/wp\/v2\/posts\/225134\/revisions"}],"wp:featuredmedia":[{"embeddable":true,"href":"https:\/\/www.europesays.com\/es\/wp-json\/wp\/v2\/media\/225135"}],"wp:attachment":[{"href":"https:\/\/www.europesays.com\/es\/wp-json\/wp\/v2\/media?parent=225134"}],"wp:term":[{"taxonomy":"category","embeddable":true,"href":"https:\/\/www.europesays.com\/es\/wp-json\/wp\/v2\/categories?post=225134"},{"taxonomy":"post_tag","embeddable":true,"href":"https:\/\/www.europesays.com\/es\/wp-json\/wp\/v2\/tags?post=225134"}],"curies":[{"name":"wp","href":"https:\/\/api.w.org\/{rel}","templated":true}]}}