{"id":225156,"date":"2025-11-08T14:08:10","date_gmt":"2025-11-08T14:08:10","guid":{"rendered":"https:\/\/www.europesays.com\/es\/225156\/"},"modified":"2025-11-08T14:08:10","modified_gmt":"2025-11-08T14:08:10","slug":"horario-y-donde-ver-en-television-el-malaga-cordoba","status":"publish","type":"post","link":"https:\/\/www.europesays.com\/es\/225156\/","title":{"rendered":"Horario y d\u00f3nde ver en televisi\u00f3n el M\u00e1laga-C\u00f3rdoba"},"content":{"rendered":"<p>El M\u00e1laga regresa a La Rosaleda con el objetivo de, por tercera vez consecutiva (lo hizo frente al Deportivo y el Andorra), compensar en casa  &#8230; los resultados negativos que cosecha fuera (recibi\u00f3 una remontada en el descuento el pasado domingo en Castell\u00f3n), pues tan s\u00f3lo ha sumado tres puntos de 18 posibles a domicilio (cinco derrotas consecutivas como visitante), si bien es cierto que est\u00e1 mostrando un excelente rendimiento como local.<\/p>\n<p class=\"v-p\">Recibe al C\u00f3rdoba por tercera temporada seguida, en lo que supone un atractivo derbi andaluz en el que el conjunto cordob\u00e9s est\u00e1 mandando \u00faltimamente (el M\u00e1laga ha sufrido dos derrotas y dos empates en los \u00faltimos cuatro enfrentamientos). El cuadro blanquiverde ha dejado atr\u00e1s su inicio dubitativo y llega al partido en un gran momento, pues acumula siete jornadas sin perder, y cuatro triunfos en los \u00faltimos cinco compromisos ligueros. Ahora mismo es octavo con 19 puntos, a s\u00f3lo uno del cuarto puesto.<\/p>\n<p>Cadenas que lo emiten<\/p>\n<p class=\"v-p\">El M\u00e1laga-C\u00f3rdoba (s\u00e1bado, 21.00 horas), se podr\u00e1 ver a trav\u00e9s de llos canales La Liga Hypermotion TV y F\u00fatbol 2, a los que se puede acceder a trav\u00e9s de distintas plataformas y operadores como Movistar, Orange, Vodafone, Digi TV, DAZN, Prime Video (contratando el paquete de La Liga Hypermotion y una cuenta Prime), Yoigo, M\u00e1sM\u00f3vil, Virgin Telco, Euskaltel, Finetwork, 7Play, PTV Telecom, Populoos, Cableworld y Olin.<\/p>\n","protected":false},"excerpt":{"rendered":"El M\u00e1laga regresa a La Rosaleda con el objetivo de, por tercera vez consecutiva (lo hizo frente al&hellip;\n","protected":false},"author":2,"featured_media":225157,"comment_status":"","ping_status":"","sticky":false,"template":"","format":"standard","meta":{"footnotes":""},"categories":[171],"tags":[146,147,25,24,319,59517,23,807,214,809],"class_list":{"0":"post-225156","1":"post","2":"type-post","3":"status-publish","4":"format-standard","5":"has-post-thumbnail","7":"category-tv","8":"tag-entertainment","9":"tag-entretenimiento","10":"tag-es","11":"tag-espana","12":"tag-horario","13":"tag-malagacordoba","14":"tag-spain","15":"tag-television","16":"tag-tv","17":"tag-ver"},"share_on_mastodon":{"url":"https:\/\/pubeurope.com\/@es\/115514474927879380","error":""},"_links":{"self":[{"href":"https:\/\/www.europesays.com\/es\/wp-json\/wp\/v2\/posts\/225156","targetHints":{"allow":["GET"]}}],"collection":[{"href":"https:\/\/www.europesays.com\/es\/wp-json\/wp\/v2\/posts"}],"about":[{"href":"https:\/\/www.europesays.com\/es\/wp-json\/wp\/v2\/types\/post"}],"author":[{"embeddable":true,"href":"https:\/\/www.europesays.com\/es\/wp-json\/wp\/v2\/users\/2"}],"replies":[{"embeddable":true,"href":"https:\/\/www.europesays.com\/es\/wp-json\/wp\/v2\/comments?post=225156"}],"version-history":[{"count":0,"href":"https:\/\/www.europesays.com\/es\/wp-json\/wp\/v2\/posts\/225156\/revisions"}],"wp:featuredmedia":[{"embeddable":true,"href":"https:\/\/www.europesays.com\/es\/wp-json\/wp\/v2\/media\/225157"}],"wp:attachment":[{"href":"https:\/\/www.europesays.com\/es\/wp-json\/wp\/v2\/media?parent=225156"}],"wp:term":[{"taxonomy":"category","embeddable":true,"href":"https:\/\/www.europesays.com\/es\/wp-json\/wp\/v2\/categories?post=225156"},{"taxonomy":"post_tag","embeddable":true,"href":"https:\/\/www.europesays.com\/es\/wp-json\/wp\/v2\/tags?post=225156"}],"curies":[{"name":"wp","href":"https:\/\/api.w.org\/{rel}","templated":true}]}}