{"id":225163,"date":"2025-11-08T14:12:09","date_gmt":"2025-11-08T14:12:09","guid":{"rendered":"https:\/\/www.europesays.com\/es\/225163\/"},"modified":"2025-11-08T14:12:09","modified_gmt":"2025-11-08T14:12:09","slug":"salud-al-dia-como-controlar-y-mejorar-la-calidad-de-vida-de-los-pacientes-con-diabetes","status":"publish","type":"post","link":"https:\/\/www.europesays.com\/es\/225163\/","title":{"rendered":"Salud al d\u00eda | C\u00f3mo controlar y mejorar la calidad de vida de los pacientes con diabetes"},"content":{"rendered":"<p>El <strong>14 de noviembre<\/strong> se celebra el<strong> D\u00eda Mundial de la Diabetes<\/strong> y por este motivo hemos queridos hablar con el doctor <strong>Fernando Garc\u00ed<\/strong>a, especialista en Endocrinolog\u00eda, que nos explica c\u00f3mo prevenir y tratar esta enfermedad cada vez m\u00e1s extendida.<\/p>\n<p>La diabetes es una enfermedad metab\u00f3lica caracterizada por unos niveles de glucosa elevados. Principalmente, existen dos tipos de diabetes: la diabetes tipo 1 y la tipo 2.<\/p>\n<p>La <strong>diabetes tipo 1<\/strong> es una enfermedad autoinmune, en la que el organismo produce anticuerpos que destruyen c\u00e9lulas que producen insulina. Representa al 5 por ciento de los casos, suele aparecer en ni\u00f1os y su tratamiento requiere desde el inicio insulina.<\/p>\n<p>La <strong>diabetes de tipo 2<\/strong> representa el 90 al 95 por ciento de los afectados. Est\u00e1 \u00edntimamente ligada con el sobrepeso del paciente y con antecedentes de diabetes en la familia. Suele aparecer con el paso de los a\u00f1os.<\/p>\n<p>La alimentaci\u00f3n es fundamental en pacientes con diabetes. Y es que puede tanto mejorar como perjudicar la vida del paciente. <strong>Aqu\u00ed te contamos qu\u00e9 tipo de alimentos deben comer las personas diab\u00e9ticas y qu\u00e9 evitar. C\u00f3mo controlar la diabetes o c\u00f3mo darnos cuenta de que podemos estar empezando a padecerla.<\/strong><\/p>\n","protected":false},"excerpt":{"rendered":"El 14 de noviembre se celebra el D\u00eda Mundial de la Diabetes y por este motivo hemos queridos&hellip;\n","protected":false},"author":2,"featured_media":225164,"comment_status":"","ping_status":"","sticky":false,"template":"","format":"standard","meta":{"footnotes":""},"categories":[92],"tags":[59523,59522,59521,17167,16527,25,24,165,59524,166,59520,23],"class_list":{"0":"post-225163","1":"post","2":"type-post","3":"status-publish","4":"format-standard","5":"has-post-thumbnail","7":"category-salud","8":"tag-alimentacion-de-diabeticos","9":"tag-como-saber-que-tienes-diabetes","10":"tag-dia-mundial-de-la-diabetes","11":"tag-diabetes-tipo-1","12":"tag-diabetes-tipo-2","13":"tag-es","14":"tag-espana","15":"tag-health","16":"tag-prevenir-la-diabetes","17":"tag-salud","18":"tag-salud-al-dia","19":"tag-spain"},"share_on_mastodon":{"url":"https:\/\/pubeurope.com\/@es\/115514490482444003","error":""},"_links":{"self":[{"href":"https:\/\/www.europesays.com\/es\/wp-json\/wp\/v2\/posts\/225163","targetHints":{"allow":["GET"]}}],"collection":[{"href":"https:\/\/www.europesays.com\/es\/wp-json\/wp\/v2\/posts"}],"about":[{"href":"https:\/\/www.europesays.com\/es\/wp-json\/wp\/v2\/types\/post"}],"author":[{"embeddable":true,"href":"https:\/\/www.europesays.com\/es\/wp-json\/wp\/v2\/users\/2"}],"replies":[{"embeddable":true,"href":"https:\/\/www.europesays.com\/es\/wp-json\/wp\/v2\/comments?post=225163"}],"version-history":[{"count":0,"href":"https:\/\/www.europesays.com\/es\/wp-json\/wp\/v2\/posts\/225163\/revisions"}],"wp:featuredmedia":[{"embeddable":true,"href":"https:\/\/www.europesays.com\/es\/wp-json\/wp\/v2\/media\/225164"}],"wp:attachment":[{"href":"https:\/\/www.europesays.com\/es\/wp-json\/wp\/v2\/media?parent=225163"}],"wp:term":[{"taxonomy":"category","embeddable":true,"href":"https:\/\/www.europesays.com\/es\/wp-json\/wp\/v2\/categories?post=225163"},{"taxonomy":"post_tag","embeddable":true,"href":"https:\/\/www.europesays.com\/es\/wp-json\/wp\/v2\/tags?post=225163"}],"curies":[{"name":"wp","href":"https:\/\/api.w.org\/{rel}","templated":true}]}}