{"id":225180,"date":"2025-11-08T14:28:04","date_gmt":"2025-11-08T14:28:04","guid":{"rendered":"https:\/\/www.europesays.com\/es\/225180\/"},"modified":"2025-11-08T14:28:04","modified_gmt":"2025-11-08T14:28:04","slug":"en-2026-espero-que-dios-me-sorprenda-siento-que-los-angeles-me-llevan-sobre-sus-alas","status":"publish","type":"post","link":"https:\/\/www.europesays.com\/es\/225180\/","title":{"rendered":"\u00abEn 2026 espero que Dios me sorprenda, siento que los \u00e1ngeles me llevan sobre sus alas \u00bb"},"content":{"rendered":"<p style=\"\">Con motivo de su centenario, la Denominaci\u00f3n de Origen Calificada Rioja ha reivindicado la tradici\u00f3n y la vanguardia de sus vinos, llenos de historia y reconocimientos. Para la ocasi\u00f3n, esta semana organiz\u00f3 una velada inolvidable en los Cines Callao de Madrid, a la que asistieron  &#8230; rostros conocidos, entre ellos <strong>Tamara Falc\u00f3<\/strong>, criada entre vi\u00f1edos, que acudi\u00f3 derrochando felicidad junto a su marido, <strong>\u00cd\u00f1igo Onieva<\/strong>, muy centrado en sus negocios de hosteler\u00eda y en sus retos deportivos. ABC tuvo la ocasi\u00f3n de conversar con la marquesa de Gri\u00f1\u00f3n.<\/p>\n<p class=\"voc-p\" style=\"\"><strong>Tamara, una celebraci\u00f3n muy esperada, \u00bfno?<\/strong><\/p>\n<p class=\"voc-p\" style=\"\">Por supuesto. Me parece muy importante que la DOCa Rioja haya conseguido tener una marca personal tan s\u00f3lida. Su calidad se aprecia tanto dentro como fuera de nuestro pa\u00eds. Son unos embajadores maravillosos en el mundo.<\/p>\n<p class=\"voc-p\" style=\"\"><strong>Con cientos de referencias y denominaciones de origen en el mercado, \u00bfdir\u00eda que estamos viviendo una \u00e9poca gloriosa del vino?<\/strong><\/p>\n<p class=\"voc-p\" style=\"\">Creo que no. Antes, en todas las comidas no pod\u00eda faltar el vino, y ahora se reserva m\u00e1s para ocasiones especiales o para cuando te apetece relajarte con una buena copa.<\/p>\n<p class=\"voc-p\" style=\"\"><strong>\u00bfEs una cuesti\u00f3n de paladar o cree que ha influido el mito de que el vino engorda?<\/strong><\/p>\n<p class=\"voc-p\" style=\"\">Es verdad que, cuando bajamos la calidad, los vinos est\u00e1n llenos de sulfitos o aditivos. No quiero sonar esnob, pero en mi caso prefiero no beber vino a beber uno malo.<\/p>\n<p class=\"voc-p\" style=\"\"><strong>Entonces, \u00bfes de las que invierte en buenos vinos?<\/strong><\/p>\n<p class=\"voc-p\" style=\"\">Por supuesto, y me hace mucha ilusi\u00f3n. No es que sepa much\u00edsimo, pero al final viene de familia. A los Falc\u00f3 nos encanta el vino y siempre nos lo han inculcado como parte de nuestra cultura. Por eso no mido tanto el precio, sino la experiencia.<\/p>\n<p class=\"voc-p\" style=\"\"><strong>Queda poco para terminar 2025. \u00bfQu\u00e9 balance hace del a\u00f1o?<\/strong><\/p>\n<p class=\"voc-p\" style=\"\">Ha sido estupendo. Puedo decir que las cosas se han ido alineando tras unos a\u00f1os duros de enfermedades y p\u00e9rdidas. Me alegra ver a mi madre emocionada con su libro de memorias, a mi hermana Ana viviendo feliz en Doha, a mis sobrinos estudiando carreras que les gustan\u2026 Es un momento bonito.<\/p>\n<p class=\"voc-p\" style=\"\"><strong>Y a nivel profesional, \u00bfc\u00f3mo ha ido?<\/strong><\/p>\n<p class=\"voc-p\" style=\"\">Creo que he conseguido un equilibrio entre el trabajo, el disfrute, la familia y los amigos, que es lo m\u00e1s dif\u00edcil de alcanzar.<\/p>\n<p>\n\u00abSigo una rutina de entrenamiento muy militar\u00bb\n<\/p>\n<p class=\"voc-p\" style=\"\"><strong>En ese equilibrio habr\u00e1 influido mucho su nueva faceta deportiva, \u00bfno?<\/strong><\/p>\n<p class=\"voc-p\" style=\"\">Bueno, lleg\u00f3 porque estaba obligada a ello. En enero decid\u00ed que quer\u00eda cuidarme de verdad y me puse en manos de Teresa Armenta, una nutricionista que me recomendaron. Me dise\u00f1\u00f3 una dieta, me lo puso muy f\u00e1cil y me motiv\u00f3 mucho. Empec\u00e9 a bajar peso, aunque los resultados tardan en notarse; la gente empez\u00f3 a darse cuenta cuando ya llevaba siete meses. Hubo momentos frustrantes porque me estanqu\u00e9, y Teresa me dijo que, si no hac\u00eda ejercicio y aumentaba la masa muscular, iba a engordar por poco que comiera.<\/p>\n<p class=\"voc-p\" style=\"\"><strong>\u00bfY no hac\u00eda nada de ejercicio?<\/strong><\/p>\n<p class=\"voc-p\" style=\"\">Nunca hab\u00eda dejado de hacerlo, ten\u00eda mis entrenadores, pero Teresa me recomend\u00f3 a Juan Luis Mart\u00edn (es la primera vez que lo menciono p\u00fablicamente). Tard\u00e9 unos meses en llamarle, pero al final lo hice. Me dijo que no se fiaba nada de m\u00ed, que solo aceptaba a gente motivada y que tuviera como prioridad estar bien. Ya sabes que las mujeres tendemos a anteponer nuestro bienestar al de los dem\u00e1s.<\/p>\n<p class=\"voc-p\" style=\"\"><strong>\u00bfY cu\u00e1l es el secreto?<\/strong><\/p>\n<p class=\"voc-p\" style=\"\">Es un entrenador s\u00faper formado, ha trabajado con muchos atletas profesionales. Fue muy honesto: me dijo que entrenar es un co\u00f1azo, pero hay que hacerlo. Y ahora me encanta, porque me encuentro fenomenal, me sienta bien la ropa y, sobre todo, me ha servido mentalmente. Es un entrenamiento muy militar, y a m\u00ed ese m\u00e9todo me va muy bien. Recuerdo que en una clase le dije que iba a vomitar, y me respondi\u00f3: \u00abVomita, no pasa nada, y despu\u00e9s seguimos\u00bb.<\/p>\n<p class=\"voc-p\" style=\"\"><strong>\u00bfY tiene ya esa sensaci\u00f3n de estar &#8216;enganchada&#8217; al deporte?<\/strong><\/p>\n<p class=\"voc-p\" style=\"\">Voy a ser muy honesta: me cuesta mi esfuerzo, y cuando un ejercicio empieza a gustarme, me lo cambia (r\u00ede). Pero me lo he tomado como parte de mi trabajo, y ahora me encanta entrenar cinco o seis d\u00edas a la semana. Para m\u00ed, lo m\u00e1s importante es estar sana y alcanzar ese grado muscular que estaba buscando.<\/p>\n<p class=\"voc-p\" style=\"\"><strong>Que su marido, \u00cd\u00f1igo Onieva, se haya hecho un triatl\u00f3n y est\u00e9 intentando completar los Six Majors (las seis grandes maratones) debe de ayudar.<\/strong><\/p>\n<p class=\"voc-p\" style=\"\">Por supuesto, sus retos son una motivaci\u00f3n. El entorno es fundamental para cualquier h\u00e1bito. Nos animamos mutuamente: le veo haciendo 180 kil\u00f3metros en bici y pienso, \u00abpues yo tambi\u00e9n tengo que hacer algo\u00bb.<\/p>\n<p>\n\u00abLa historia de mis t\u00edos era un tema tab\u00fa en la familia\u00bb\n<\/p>\n<p class=\"voc-p\" style=\"\"><strong>Cuando ha hecho balance del a\u00f1o, ha dicho que estaba feliz con las memorias de su madre. Ahora que ya las ha podido leer enteras, \u00bfqu\u00e9 es lo que m\u00e1s le ha sorprendido?<\/strong><\/p>\n<p class=\"voc-p\" style=\"\">Me ha sorprendido mucho que se abriera acerca de mis t\u00edos, porque era un tema muy tab\u00fa dentro de la familia. De hecho, lo habl\u00e9 con mis hermanos y coincidimos en que ni siquiera nosotros lo sab\u00edamos todo. Me parece muy valiente por su parte contarlo. Como bien dice en el libro, para mi abuela era algo tan doloroso que no pod\u00eda ni hablar de ello.<\/p>\n<p class=\"voc-p\" style=\"\"><strong>\u00bfY lo que m\u00e1s le ha gustado?<\/strong><\/p>\n<p class=\"voc-p\" style=\"\">Su faceta laboral. No sab\u00eda que, de repente, hab\u00eda querido ponerse a trabajar y que en su primera entrevista el entrevistador intent\u00f3 camel\u00e1rsela. Pienso en lo dif\u00edcil que deb\u00eda de ser, en aquella \u00e9poca, incorporarse al mundo laboral siendo madre de tres hijos. La recuerdo sentada en la casa de Arga, repasando las entrevistas que hac\u00eda para &#8216;\u00a1Hola!&#8217; con su grabadora, porque ya sabes que es perfeccionista al m\u00e1ximo. Y ahora entiendo el porqu\u00e9 de esa gran amistad con Eduardo S\u00e1nchez Junco.<\/p>\n<p class=\"voc-p\" style=\"\"><strong>\u00bfQu\u00e9 opina sobre la pol\u00e9mica que se ha generado por la publicaci\u00f3n de algunas de las cartas de Mario Vargas Llosa?<\/strong><\/p>\n<p class=\"voc-p\" style=\"\">Bueno, yo creo que al final si t\u00fa defiendes una postura tienes que poder probarla. Pienso que la publicaci\u00f3n es una buena manera de cerrar bocas.<\/p>\n<p class=\"voc-p\" style=\"\"><strong>\u00bfCu\u00e1l de las \u00faltimas informaciones sobre usted es la que m\u00e1s le ha molestado?<\/strong><\/p>\n<p class=\"voc-p\" style=\"\">Ninguna, la verdad. Intento alejarme de las pol\u00e9micas.<\/p>\n<p class=\"voc-p\" style=\"\"><strong>\u00bfNi siquiera las cr\u00edticas por haber comprado, en lugar de adoptar, a sus perritas?<\/strong><\/p>\n<p class=\"voc-p\" style=\"\">No. Mis perritas son ideales, las quiero much\u00edsimo, y creo que cada uno debe hacer lo que quiera.<\/p>\n<p class=\"voc-p\" style=\"\"><strong>\u00bfQu\u00e9 planes tiene para estas Navidades?<\/strong><\/p>\n<p class=\"voc-p\" style=\"\">Por supuesto, pasarlas en familia, aunque a\u00fan no tenemos claro si estaremos todas aqu\u00ed en Espa\u00f1a.<\/p>\n<p class=\"voc-p\" style=\"\"><strong>\u00bfY qu\u00e9 le pide al 2026?<\/strong><\/p>\n<p class=\"voc-p\" style=\"\">A m\u00ed me encanta que Dios me sorprenda. Siento que los \u00e1ngeles me llevan sobre sus alas, como \u00c9l me dice. As\u00ed que me dejo llevar, porque siempre es muy bueno conmigo.<\/p>\n","protected":false},"excerpt":{"rendered":"Con motivo de su centenario, la Denominaci\u00f3n de Origen Calificada Rioja ha reivindicado la tradici\u00f3n y la vanguardia&hellip;\n","protected":false},"author":2,"featured_media":225181,"comment_status":"","ping_status":"","sticky":false,"template":"","format":"standard","meta":{"footnotes":""},"categories":[174],"tags":[3076,31194,26319,255,5093,146,147,25,24,12694,5177,256,9160,8019,57,59526,23,5176],"class_list":{"0":"post-225180","1":"post","2":"type-post","3":"status-publish","4":"format-standard","5":"has-post-thumbnail","7":"category-famosos","8":"tag-3076","9":"tag-alas","10":"tag-angeles","11":"tag-celebrities","12":"tag-dios","13":"tag-entertainment","14":"tag-entretenimiento","15":"tag-es","16":"tag-espana","17":"tag-espero","18":"tag-falco","19":"tag-famosos","20":"tag-llevan","21":"tag-siento","22":"tag-sobre","23":"tag-sorprenda","24":"tag-spain","25":"tag-tamara"},"share_on_mastodon":{"url":"https:\/\/pubeurope.com\/@es\/115514553396357190","error":""},"_links":{"self":[{"href":"https:\/\/www.europesays.com\/es\/wp-json\/wp\/v2\/posts\/225180","targetHints":{"allow":["GET"]}}],"collection":[{"href":"https:\/\/www.europesays.com\/es\/wp-json\/wp\/v2\/posts"}],"about":[{"href":"https:\/\/www.europesays.com\/es\/wp-json\/wp\/v2\/types\/post"}],"author":[{"embeddable":true,"href":"https:\/\/www.europesays.com\/es\/wp-json\/wp\/v2\/users\/2"}],"replies":[{"embeddable":true,"href":"https:\/\/www.europesays.com\/es\/wp-json\/wp\/v2\/comments?post=225180"}],"version-history":[{"count":0,"href":"https:\/\/www.europesays.com\/es\/wp-json\/wp\/v2\/posts\/225180\/revisions"}],"wp:featuredmedia":[{"embeddable":true,"href":"https:\/\/www.europesays.com\/es\/wp-json\/wp\/v2\/media\/225181"}],"wp:attachment":[{"href":"https:\/\/www.europesays.com\/es\/wp-json\/wp\/v2\/media?parent=225180"}],"wp:term":[{"taxonomy":"category","embeddable":true,"href":"https:\/\/www.europesays.com\/es\/wp-json\/wp\/v2\/categories?post=225180"},{"taxonomy":"post_tag","embeddable":true,"href":"https:\/\/www.europesays.com\/es\/wp-json\/wp\/v2\/tags?post=225180"}],"curies":[{"name":"wp","href":"https:\/\/api.w.org\/{rel}","templated":true}]}}