{"id":225190,"date":"2025-11-08T14:35:10","date_gmt":"2025-11-08T14:35:10","guid":{"rendered":"https:\/\/www.europesays.com\/es\/225190\/"},"modified":"2025-11-08T14:35:10","modified_gmt":"2025-11-08T14:35:10","slug":"la-enfermedad-renal-cronica-es-la-novena-causa-principal-de-muerte-en-el-mundo","status":"publish","type":"post","link":"https:\/\/www.europesays.com\/es\/225190\/","title":{"rendered":"La enfermedad renal cr\u00f3nica es la novena causa principal de muerte en el mundo"},"content":{"rendered":"<p class=\"paragraph\">La <b>enfermedad<\/b><b> renal cr\u00f3nica <\/b>se ha m\u00e1s que <b>duplicado <\/b>en el mundo desde 1990 y, en 2023, fue la <b>novena causa de muerte<\/b>. Am\u00e9rica Latina y el Caribe es una de las regiones con mayor prevalencia (15,4 %), con Hait\u00ed, Panam\u00e1, M\u00e9xico, Costa Rica y Nicaragua entre los pa\u00edses con mayor carga. <\/p>\n<p class=\"paragraph\">Esta enfermedad <b>afecta a casi 800 millones de personas<\/b> y en 2023 fue la responsable de casi 1,5 millones de fallecimientos (un aumento del 6 % desde 1993), seg\u00fan publica en The Lancet el programa de investigaci\u00f3n Carga Global de Enfermedades. <\/p>\n<p class=\"paragraph\">El estudio est\u00e1 dirigido por la<b> NYU Langone Health<\/b>, la Universidad de Glasgow y el Instituto de M\u00e9tricas y Evaluaci\u00f3n de la Salud (IHME) de la Universidad de Washington. <\/p>\n<p class=\"paragraph\">Alrededor del 14 % de los adultos de 20 a\u00f1os o m\u00e1s padece enfermedad renal cr\u00f3nica (ERC). Los casos leves pueden no presentar s\u00edntomas, mientras que los m\u00e1s graves pueden requerir di\u00e1lisis, terapia de reemplazo renal o un trasplante de \u00f3rgano. <\/p>\n<p class=\"paragraph\">La diabetes, la hipertensi\u00f3n arterial y la obesidad son los principales factores que impulsan la ERC, junto con riesgos diet\u00e9ticos y factores ambientales <\/p>\n<p class=\"paragraph\">A diferencia de la mayor\u00eda de las principales causas de muerte, las tasas de mortalidad contin\u00faan aumentando a nivel mundial, se\u00f1ala el estudio. <\/p>\n<p class=\"paragraph\">La prevalencia m\u00e1s alta, seg\u00fan el informe, se observ\u00f3 en \u00c1frica del Norte y Oriente Medio (18,0 %), Asia meridional (15,8 %) y \u00c1frica subsahariana (15,6 %). <\/p>\n<p class=\"paragraph\"><b>Am\u00e9rica Latina y Caribe <\/b>es la cuarta regi\u00f3n con mayor prevalencia estandarizada por edad de ERC (15,4 %). Pa\u00edses como Hait\u00ed (22 %), Panam\u00e1 (21 %), M\u00e9xico (19 %) y Costa Rica (19 %) presentan algunas de las tasas m\u00e1s altas del mundo. <\/p>\n<p class=\"paragraph\">Nicaragua tambi\u00e9n se encuentra entre los pa\u00edses con las tasas m\u00e1s altas de mortalidad estandarizada por edad debido a la ERC, con 107,3 muertes por cada 100.000 habitantes en 2023, indic\u00f3 el IHME. <\/p>\n<p class=\"paragraph\">China y la India, con algunas de las poblaciones m\u00e1s numerosas del mundo, tienen el mayor n\u00famero de personas afectadas (152 millones y 138 millones, respectivamente). <\/p>\n<p class=\"paragraph\">Estados Unidos, Indonesia, Jap\u00f3n, Brasil, Rusia, M\u00e9xico, Nigeria, Pakist\u00e1n, Bangladesh, Ir\u00e1n, Filipinas, Vietnam, Tailandia y Turqu\u00eda registran cada uno m\u00e1s de 10 millones de adultos que viven con ERC. <\/p>\n<p class=\"paragraph\">El an\u00e1lisis, que abarca 204 pa\u00edses y territorios, presenta estimaciones nacionales que pueden ayudar a guiar pol\u00edticas de prevenci\u00f3n, detecci\u00f3n temprana y atenci\u00f3n equitativa. <\/p>\n<p class=\"paragraph\">La ERC contribuye de forma importante a las muertes cardiovasculares y la enfermedad represent\u00f3 casi el 12 % de los fallecimientos cardiovasculares a nivel mundial en 2023. <\/p>\n<p class=\"paragraph\">Adem\u00e1s fue la duod\u00e9cima causa principal de disminuci\u00f3n de la calidad de vida por discapacidad.<\/p>\n<p class=\"paragraph\">El trabajo demuestra que esta afecci\u00f3n es \u00abfrecuente, mortal y cada vez m\u00e1s grave, lo que la convierte en un importante problema de salud p\u00fablica\u00bb, destac\u00f3 el coautor principal del estudio Josef Coresh, de la NYU Langone. <\/p>\n<p class=\"paragraph\">La mayor\u00eda de los enfermos est\u00e1 en las etapas 1 a 3, lo que resalta la importancia de los programas de detecci\u00f3n temprana, el control de la presi\u00f3n arterial y la glucosa y el acceso a tratamientos que reduzcan el riesgo, retrasen la progresi\u00f3n y disminuyan la mortalidad cardiovascular. <\/p>\n<p class=\"paragraph\">El acceso a la terapia de reemplazo renal sigue siendo limitado y desigual a nivel mundial, lo que refuerza la necesidad de prevenir la progresi\u00f3n y ampliar el acceso equitativo a la atenci\u00f3n. <\/p>\n<p class=\"paragraph\">Un tratamiento r\u00e1pido con medicamentos y cambios en el estilo de vida puede evitar la necesidad de intervenciones m\u00e1s dr\u00e1sticas y costosas, como la di\u00e1lisis y el trasplante de ri\u00f1\u00f3n. <\/p>\n<p class=\"paragraph\">El informe, que -seg\u00fan sus autores- es la estimaci\u00f3n m\u00e1s completa de la afecci\u00f3n en casi una d\u00e9cada, identifica 14 factores de riesgo detallados, de los que la diabetes, la hipertensi\u00f3n arterial y la obesidad son los que provocan la mayor p\u00e9rdida de a\u00f1os de vida saludable. <\/p>\n<p class=\"paragraph\">Los factores diet\u00e9ticos, como el bajo consumo de frutas y verduras y el alto consumo de sodio, tambi\u00e9n contribuyen de manera significativa. <\/p>\n<p class=\"paragraph\">La Organizaci\u00f3n Mundial de la Salud (OMS) a\u00f1adi\u00f3 este a\u00f1o, de forma oficial, la ERC a su agenda para reducir en un tercio las muertes prematuras por enfermedades no contagiosas antes de 2030.<\/p>\n","protected":false},"excerpt":{"rendered":"La enfermedad renal cr\u00f3nica se ha m\u00e1s que duplicado en el mundo desde 1990 y, en 2023, fue&hellip;\n","protected":false},"author":2,"featured_media":225191,"comment_status":"","ping_status":"","sticky":false,"template":"","format":"standard","meta":{"footnotes":""},"categories":[92],"tags":[15274,25,24,165,166,23],"class_list":{"0":"post-225190","1":"post","2":"type-post","3":"status-publish","4":"format-standard","5":"has-post-thumbnail","7":"category-salud","8":"tag-enfermedad-renal-cronica","9":"tag-es","10":"tag-espana","11":"tag-health","12":"tag-salud","13":"tag-spain"},"share_on_mastodon":{"url":"https:\/\/pubeurope.com\/@es\/115514581175404726","error":""},"_links":{"self":[{"href":"https:\/\/www.europesays.com\/es\/wp-json\/wp\/v2\/posts\/225190","targetHints":{"allow":["GET"]}}],"collection":[{"href":"https:\/\/www.europesays.com\/es\/wp-json\/wp\/v2\/posts"}],"about":[{"href":"https:\/\/www.europesays.com\/es\/wp-json\/wp\/v2\/types\/post"}],"author":[{"embeddable":true,"href":"https:\/\/www.europesays.com\/es\/wp-json\/wp\/v2\/users\/2"}],"replies":[{"embeddable":true,"href":"https:\/\/www.europesays.com\/es\/wp-json\/wp\/v2\/comments?post=225190"}],"version-history":[{"count":0,"href":"https:\/\/www.europesays.com\/es\/wp-json\/wp\/v2\/posts\/225190\/revisions"}],"wp:featuredmedia":[{"embeddable":true,"href":"https:\/\/www.europesays.com\/es\/wp-json\/wp\/v2\/media\/225191"}],"wp:attachment":[{"href":"https:\/\/www.europesays.com\/es\/wp-json\/wp\/v2\/media?parent=225190"}],"wp:term":[{"taxonomy":"category","embeddable":true,"href":"https:\/\/www.europesays.com\/es\/wp-json\/wp\/v2\/categories?post=225190"},{"taxonomy":"post_tag","embeddable":true,"href":"https:\/\/www.europesays.com\/es\/wp-json\/wp\/v2\/tags?post=225190"}],"curies":[{"name":"wp","href":"https:\/\/api.w.org\/{rel}","templated":true}]}}