{"id":225223,"date":"2025-11-08T15:02:08","date_gmt":"2025-11-08T15:02:08","guid":{"rendered":"https:\/\/www.europesays.com\/es\/225223\/"},"modified":"2025-11-08T15:02:08","modified_gmt":"2025-11-08T15:02:08","slug":"los-mercadillos-navidenos-europeos-sacados-de-un-cuento","status":"publish","type":"post","link":"https:\/\/www.europesays.com\/es\/225223\/","title":{"rendered":"Los mercadillos navide\u00f1os Europeos sacados de un cuento"},"content":{"rendered":"<p>\n        Cuando noviembre asoma y el fr\u00edo empieza a te\u00f1ir de blanco los tejados, <a href=\"https:\/\/www.deia.eus\/tags\/europa\/\" title=\"Europa\" target=\"_blank\" class=\"link copy\" rel=\"nofollow noopener\">Europa<\/a> se transforma. Las plazas se llenan de casetas de madera, los escaparates huelen a canela y vino caliente, y los villancicos se entremezclan con las risas de los viajeros.<strong> Es tiempo de abrigarse con bufandas gruesas, ponerse los guantes y lanzarse a recorrer algunos de los mercadillos navide\u00f1os m\u00e1s bellos del continente, verdaderos escenarios de cuento donde cada ciudad luce su mejor versi\u00f3n inverna<\/strong>l. A continuaci\u00f3n, le llevamos por un recorrido m\u00e1gico, prep\u00e1rese para descubrir la Europa m\u00e1s navide\u00f1a.\n<\/p>\n<p>  La magia que une a toda Europa<\/p>\n<p class=\"article-body__text \">\n        <strong>De Budapest a Dresde, de Estrasburgo a Praga, los mercadillos navide\u00f1os europeos comparten algo m\u00e1s que luces y villancicos: un esp\u00edritu com\u00fan que celebra la calidez humana en medio del fr\u00edo<\/strong>. En cada vaso de vino caliente, en cada adorno tallado a mano o en cada canci\u00f3n improvisada bajo un \u00e1rbol iluminado, late la misma idea: que la <a href=\"https:\/\/www.deia.eus\/tags\/navidad\/\" title=\"Navidad\" target=\"_blank\" class=\"link copy\" rel=\"nofollow noopener\">Navidad<\/a> es, sobre todo, una excusa para volver a creer en la magia.\n<\/p>\n<p class=\"article-body__text \">\n        As\u00ed que este invierno, mete en la maleta tus guantes, bufanda y gorro, y d\u00e9jate envolver por el encanto de una Europa que, bajo las luces de diciembre, parece detener el tiempo.\n<\/p>\n<p>  Budapest, Hungr\u00eda:\u00a0la joya del Danubio\u00a0en modo navide\u00f1o<\/p>\n<p class=\"article-body__text \">\n        <strong>Dicen que el de Budapest es uno de los mejores mercadillos navide\u00f1os de Europa<\/strong>, y no es exageraci\u00f3n. La capital h\u00fangara se viste de gala desde mediados de noviembre, cuando m\u00e1s de un centenar de mercadillos iluminan sus calles<strong>. El epicentro de la magia est\u00e1 en la plaza de San Esteban<\/strong>, donde un espect\u00e1culo de luces se proyecta sobre la catedral y una pista de hielo invita a patinar entre risas y aromas dulces.\n<\/p>\n<p class=\"article-photo__footer\">\n            Mercado navide\u00f1o de Budapest.            EP        <\/p>\n<p class=\"article-body__text \">\n        <strong>Las casetas ofrecen desde adornos artesanales hasta vinos calientes, chocolate espeso y el irresistible <\/strong><strong>k\u00fcrt\u0151skal\u00e1cs<\/strong><strong>, un dulce en forma de rollo azucarado con canela, que puedes rellenar con chocolate o crema de pistacho.<\/strong> A pocos metros, la plaza V\u00f6r\u00f6smarty vibra con m\u00fasica, espect\u00e1culos y el olor a comida local. Todo est\u00e1 cerca, por lo que recorrer varios mercadillos en un mismo d\u00eda es posible\u2026 aunque con temperaturas tan bajas, agradecer\u00e1s refugiarte en una galer\u00eda decorada o en una cafeter\u00eda para entrar en calor. <strong>Y si la suerte acompa\u00f1a, quiz\u00e1s le sorprenda la nieve, regal\u00e1ndote una postal digna de pel\u00edcula navide\u00f1a.\u00a0<\/strong>\n<\/p>\n<p>  La sorpresa\u00a0del B\u00e1ltico<\/p>\n<p class=\"article-body__text \">\n        <strong>Entre el aroma a especias y el sonido de los villancicos, el mercado navide\u00f1o de Gdansk (Polonia) se ha ganado un lugar en la lista de los m\u00e1s entra\u00f1ables del continente<\/strong>. Aqu\u00ed se mezclan las tradiciones polacas con influencias de Praga y Alemania, dando lugar a una oferta tan variada como deliciosa. Puedes probar vino caliente con especias, patatas en espiral fritas, churros con az\u00facar glas y, c\u00f3mo no, hacerte una foto con el Pap\u00e1 Noel que pasea entre los puestos.\n<\/p>\n<p class=\"article-body__text \">\n        <strong>Apenas cae la tarde, las luces se encienden y el ambiente se vuelve m\u00e1gico.<\/strong> Hay espect\u00e1culos folcl\u00f3ricos, talleres para ni\u00f1os y una zona dedicada al mu\u00e9rdago, donde las parejas sellan su visita con un beso. Es imposible no contagiarse del esp\u00edritu navide\u00f1o.\n<\/p>\n<p class=\"article-photo__footer\">\n            La pista de hielo que colocan en Polonia junto al mercadillo de Navidad.            EFE        <\/p>\n<p>  Estrasburgo, la capital de la Navidad<\/p>\n<p class=\"article-body__text \">\n        <strong>No hay ciudad que encarne mejor el esp\u00edritu navide\u00f1o que Estrasburgo, autoproclamada capital de la Navidad. <\/strong>Cada rinc\u00f3n de su casco hist\u00f3rico parece sacado de un cuento.<strong> Las fachadas se cubren de luces, los escaparates rebosan adornos y las plazas acogen m\u00faltiples mercados donde se venden piezas de artesan\u00eda, decoraciones hechas a mano y peque\u00f1os pinos que los locales compran para llevar a casa.<\/strong>\n<\/p>\n<p class=\"article-body__text \">\n        Aunque los precios suben un poco en esta \u00e9poca, la experiencia lo compensa con creces. Pasear por sus calles empedradas mientras suenan villancicos y el aire huele a almendras tostadas es un lujo que, al menos una vez en la vida, merece la pena vivir. <strong>Estrasburgo no solo ofrece mercadillos: es una postal viviente que te sumerge en la Navidad m\u00e1s aut\u00e9ntica y rom\u00e1ntica de Europa.<\/strong>\n<\/p>\n<p>  Italia: tradici\u00f3n alpina\u00a0y sabor a monta\u00f1a<\/p>\n<p class=\"article-body__text \">\n        Italia celebra la Navidad con una calidez \u00fanica, y sus mercadillos, especialmente los del norte, combinan el encanto alpino con el sabor mediterr\u00e1neo.\n<\/p>\n<p class=\"article-body__text \">\n        <strong>En Bolzano, el mercadillo m\u00e1s antiguo y famoso del pa\u00eds ocupa la Piazza Walther<\/strong>, rodeada de vi\u00f1edos y monta\u00f1as nevadas. Las casetas de madera rebosan productos artesanales, adornos y gastronom\u00eda local. El aroma a strudel de manzana y vino caliente llena el aire mientras los coros entonan villancicos.\n<\/p>\n<p class=\"article-photo__footer\">\n            La catedral de Mil\u00e1n decorada.            EP        <\/p>\n<p class=\"article-body__text \">\n        Un poco m\u00e1s al norte, en Trento, la Navidad tambi\u00e9n se vive con intensidad.<strong> En su centro medieval se instalan decenas de casetas que ofrecen delicias como polenta asada, tortel de patate o dulces t\u00edpicos de la regi\u00f3n. <\/strong>En el cercano pueblo de Asti y Govone, <strong>una noria ofrece vistas \u00fanicas de un mercadillo m\u00e1s peque\u00f1o, pero igual de encantador.<\/strong>\n<\/p>\n<p>  Alemania: el coraz\u00f3n de la Navidad europea<\/p>\n<p class=\"article-body__text \">\n        <strong>Alemania no solo invent\u00f3 el concepto de mercadillo navide\u00f1o, sino que lo ha elevado a arte<\/strong>. Cada ciudad tiene el suyo, y todos son distintos, pero igual de encantadores.\n<\/p>\n<p class=\"article-body__text \">\n        En Berl\u00edn,<strong> m\u00e1s de sesenta mercados se reparten por la capital<\/strong>, desde los m\u00e1s tradicionales hasta los m\u00e1s modernos. Uno de los m\u00e1s espectaculares es el que se celebra frente al palacio de Charlottenburg, donde el ambiente barroco y las casetas con calefacci\u00f3n hacen que el fr\u00edo pase a segundo plano.\n<\/p>\n<p class=\"article-photo__footer\">\n            Berl\u00edn en Navidad.            EP        <\/p>\n<p class=\"article-body__text \">\n        Dresde presume de tener el mercadillo m\u00e1s antiguo de Alemania, el Striezelmarkt, que data de 1434. All\u00ed se alza una p<strong>ir\u00e1mide navide\u00f1a de 14 metros y un \u00e1rbol gigantesco que ilumina toda la plaza Altmarkt. <\/strong>Muy cerca, las luces del Winterlights of Dresden convierten las calles en un espect\u00e1culo visual \u00fanico.\n<\/p>\n<p class=\"article-body__text \">\n        <strong>En M\u00fanich, la Navidad se vive en Marienplatz, donde la nieve, la m\u00fasica y el sonido de los <\/strong><strong>alforns<\/strong><strong> (trompas alpinas tradicionales) crean un ambiente m\u00e1gico.<\/strong> Y en Augsburgo, los \u00e1ngeles aut\u00f3matas del reloj del Ayuntamiento cobran vida para interpretar villancicos, mientras los ni\u00f1os disfrutan de la famosa calle de los cuentos.\n<\/p>\n<p class=\"article-body__text \">\n        Alemania es, sin duda, el epicentro de la Navidad europea: una sinfon\u00eda de luces, aromas y tradiciones que ning\u00fan viajero olvida.\n<\/p>\n<p>  Craiova, Ruman\u00eda: una joya inesperada del Este<\/p>\n<p class=\"article-photo__footer\">\n            Mercado de Ruman\u00eda.            europeanbestdestinations.com        <\/p>\n<p class=\"article-body__text \">\n        Ruman\u00eda tambi\u00e9n tiene su rinc\u00f3n m\u00e1gico en la Navidad. <strong>En la ciudad de Craiova, la plaza Mihai Viteazul se transforma en un mundo de luz, con una gran pista de hielo, un \u00e1rbol gigantesco y decenas de casetas que ofrecen dulces y especialidades locales<\/strong>. En la cercana plaza Shakespeare, los food trucks sirven platos t\u00edpicos, mientras los ni\u00f1os disfrutan de atracciones y espect\u00e1culos musicales.\n<\/p>\n<p class=\"article-body__text \">\n        Ruman\u00eda tiene la ventaja de ser un destino m\u00e1s econ\u00f3mico, y en diciembre, con menos turistas, resulta a\u00fan m\u00e1s agradable. Su esp\u00edritu navide\u00f1o es genuino, c\u00e1lido y hospitalario, y su ambiente familiar convierte la visita en una experiencia entra\u00f1able.\n<\/p>\n<p>  La ciudad dorada bajo la nieve<\/p>\n<p class=\"article-body__text \">\n        <strong>Y si hay una ciudad que parece hecha para la Navidad, esa es Praga<\/strong>. Su casco antiguo, con torres g\u00f3ticas y calles empedradas, se vuelve a\u00fan m\u00e1s m\u00e1gico con las luces y los mercadillos que llenan la plaza de la Ciudad Vieja y la de Wenceslao. P<strong>uestos de artesan\u00eda, marionetas, dulces y vino caliente completan un escenario que parece sacado de un cuento de los <\/strong><strong>Hermanos Grimm<\/strong>. Cuando suenan las campanas del reloj astron\u00f3mico y las luces se reflejan sobre el empedrado mojado, uno entiende por qu\u00e9 Praga es la postal perfecta del invierno europeo.\u00a0<\/p>\n","protected":false},"excerpt":{"rendered":"Cuando noviembre asoma y el fr\u00edo empieza a te\u00f1ir de blanco los tejados, Europa se transforma. Las plazas&hellip;\n","protected":false},"author":2,"featured_media":225224,"comment_status":"","ping_status":"","sticky":false,"template":"","format":"standard","meta":{"footnotes":""},"categories":[42],"tags":[17,18,700,13,14,11,61,62,63,64,19,20,30470,59532,9,10,15,16,5043,12,21,22,65,66,67],"class_list":{"0":"post-225223","1":"post","2":"type-post","3":"status-publish","4":"format-standard","5":"has-post-thumbnail","7":"category-internacional","8":"tag-breaking-news","9":"tag-breakingnews","10":"tag-europa","11":"tag-featured-news","12":"tag-featurednews","13":"tag-headlines","14":"tag-internacional","15":"tag-international","16":"tag-international-news","17":"tag-internationalnews","18":"tag-latest-news","19":"tag-latestnews","20":"tag-mercadillos","21":"tag-navidenos","22":"tag-news","23":"tag-noticias","24":"tag-noticias-destacadas","25":"tag-noticiasdestacadas","26":"tag-por","27":"tag-titulares","28":"tag-ultimas-noticias","29":"tag-ultimasnoticias","30":"tag-world","31":"tag-world-news","32":"tag-worldnews"},"share_on_mastodon":{"url":"https:\/\/pubeurope.com\/@es\/115514687152012938","error":""},"_links":{"self":[{"href":"https:\/\/www.europesays.com\/es\/wp-json\/wp\/v2\/posts\/225223","targetHints":{"allow":["GET"]}}],"collection":[{"href":"https:\/\/www.europesays.com\/es\/wp-json\/wp\/v2\/posts"}],"about":[{"href":"https:\/\/www.europesays.com\/es\/wp-json\/wp\/v2\/types\/post"}],"author":[{"embeddable":true,"href":"https:\/\/www.europesays.com\/es\/wp-json\/wp\/v2\/users\/2"}],"replies":[{"embeddable":true,"href":"https:\/\/www.europesays.com\/es\/wp-json\/wp\/v2\/comments?post=225223"}],"version-history":[{"count":0,"href":"https:\/\/www.europesays.com\/es\/wp-json\/wp\/v2\/posts\/225223\/revisions"}],"wp:featuredmedia":[{"embeddable":true,"href":"https:\/\/www.europesays.com\/es\/wp-json\/wp\/v2\/media\/225224"}],"wp:attachment":[{"href":"https:\/\/www.europesays.com\/es\/wp-json\/wp\/v2\/media?parent=225223"}],"wp:term":[{"taxonomy":"category","embeddable":true,"href":"https:\/\/www.europesays.com\/es\/wp-json\/wp\/v2\/categories?post=225223"},{"taxonomy":"post_tag","embeddable":true,"href":"https:\/\/www.europesays.com\/es\/wp-json\/wp\/v2\/tags?post=225223"}],"curies":[{"name":"wp","href":"https:\/\/api.w.org\/{rel}","templated":true}]}}