{"id":225227,"date":"2025-11-08T15:04:18","date_gmt":"2025-11-08T15:04:18","guid":{"rendered":"https:\/\/www.europesays.com\/es\/225227\/"},"modified":"2025-11-08T15:04:18","modified_gmt":"2025-11-08T15:04:18","slug":"el-padre-de-uno-de-los-guardias-civiles-asesinados-por-igor-el-ruso-en-estado-critico-tras-una-paliza-en-calanda","status":"publish","type":"post","link":"https:\/\/www.europesays.com\/es\/225227\/","title":{"rendered":"El padre de uno de los guardias civiles asesinados por Igor el Ruso, en estado cr\u00edtico tras una paliza en Calanda"},"content":{"rendered":"<p class=\"ft-text\">Un vecino del municipio turolense de <a class=\"ft-link ft-link--decoration\" href=\"https:\/\/www.elperiodicodearagon.com\/tags\/calanda\/\" target=\"_blank\" rel=\"nofollow noopener\">Calanda <\/a>se encuentra en estado cr\u00edtico tras recibir una violenta paliza. El agresor, un pastor de origen marroqu\u00ed, ya ha sido detenido. El agredido, de 66 a\u00f1os, se trata del <strong>padre de V\u00edctor Romero<\/strong>, uno de los guardias civiles asesinados en 2017 por Norbert Feher, conocido como Igor el Ruso.<\/p>\n<p class=\"ft-text\">Seg\u00fan ha podido saber este diario, la agresi\u00f3n habr\u00eda tenido lugar este viernes, por la ma\u00f1ana. El suceso fue conocido por los vecinos de la zona despu\u00e9s de que un camionero encontrara a un <strong>hombre jubilado en su finca, lleno de sangre. <\/strong>Sobre las 10.30 horas fue avistado cerca de la caseta de este terreno de almendros que se encuentra en Calanda.<\/p>\n<p class=\"ft-text\">El camionero vio como una persona -el detenido posteriormente- abandonaba el lugar, al que posteriormente volvi\u00f3 para hablar con el hombre que encontr\u00f3 al vecino malherido. R\u00e1pidamente, llamaron al 112 y los servicios de Emergencias fueron los encargados de estabilizar al herido y trasladarlo hasta un centro hospitalario de Zaragoza. En el hospital Cl\u00ednico de Zaragoza <strong>ingres\u00f3 en la uci y en la ma\u00f1ana de este s\u00e1bado sigue en estado cr\u00edtico. <\/strong><\/p>\n<p class=\"ft-text\">Despu\u00e9s de las primeras pesquisas, la <a class=\"ft-link ft-link--decoration\" href=\"https:\/\/www.elperiodicodearagon.com\/tags\/guardia-civil\/\" target=\"_blank\" rel=\"nofollow noopener\">Guardia Civil<\/a> detuvo al pastor, que sufri\u00f3 un ataque de ansiedad y tambi\u00e9n tuvo que ser atendido por los sanitarios. Seg\u00fan ha podido saber este diario, se habr\u00eda encontrado sangre en alguna de sus pertenencias, lo que llev\u00f3 a su detenci\u00f3n.<\/p>\n<p class=\"ft-text\">Tanto el agredido, un pastor reci\u00e9n jubilado, como el presunto agresor habr\u00edan tenido varios roces en los \u00faltimos tiempos por la gesti\u00f3n de los pastos, seg\u00fan la informaci\u00f3n que ha podido recabar este diario.<\/p>\n<p class=\"ft-text\">El Ayuntamiento de Calanda ha convocado este s\u00e1bado<strong> a las 18.00 horas a la poblaci\u00f3n en la plaza de Espa\u00f1a <\/strong>del municipio para \u00abrealizar una concentraci\u00f3n en contra de las agresiones\u00bb. El consistorio calandino ha transmitido este mensaje a sus vecinos a trav\u00e9s de las redes sociales del propio ayuntamiento.<\/p>\n<p class=\"ft-text\"><strong>Informaci\u00f3n en elaboraci\u00f3n <\/strong><\/p>\n<p class=\"ft-text\"><strong>EL PERI\u00d3DICO DE ARAG\u00d3N\u00a0<\/strong>estamos trabajando para completar esta informaci\u00f3n, en unos instantes podr\u00e1s leer la noticia completa. Puedes compartirla con tus contactos, que recibir\u00e1n la noticia actualizada con la \u00faltima versi\u00f3n.<\/p>\n<p class=\"ft-text\">Adem\u00e1s, si todav\u00eda no recibes las alertas de \u00faltima hora en tu m\u00f3vil para conocer la informaci\u00f3n antes que nadie, puedes inscribirte de forma sencilla y sin ning\u00fan coste\u00a0<a href=\"https:\/\/t.me\/EpDeAragon_bot\" class=\"ft-link ft-link--decoration\" rel=\"nofollow\"><strong>pinchando aqu<\/strong><\/a><a href=\"https:\/\/t.me\/EpDeAragon_bot\" class=\"ft-link ft-link--decoration\" rel=\"nofollow\">\u00ed.<\/a>\u00a0Toda la\u00a0<a href=\"https:\/\/www.elperiodicodearagon.com\/\" class=\"ft-link ft-link--decoration\" rel=\"nofollow noopener\" target=\"_blank\"><strong>informaci\u00f3n actualizada de forma constante en la web del diario,\u00a0<\/strong><\/a>as\u00ed como en las redes sociales del mismo:\u00a0<a href=\"https:\/\/www.facebook.com\/elperiodicodearagon\/\" class=\"ft-link ft-link--decoration\" rel=\"nofollow noopener\" target=\"_blank\">Facebook<\/a>,\u00a0<a href=\"https:\/\/twitter.com\/periodicoaragon?t=09aJHjlN-pauO78zf0Kjww&amp;s=09\" class=\"ft-link ft-link--decoration\" rel=\"nofollow noopener\" target=\"_blank\">Twitter<\/a>\u00a0e\u00a0<a href=\"https:\/\/www.instagram.com\/elperiodicodearagon\/?igshid=MzRlODBiNWFlZA%3D%3D\" class=\"ft-link ft-link--decoration\" rel=\"nofollow noopener\" target=\"_blank\">Instagram<\/a><\/p>\n<p><script async src=\"https:\/\/platform.twitter.com\/widgets.js\" charset=\"utf-8\"><\/script><script async src=\"\/\/www.instagram.com\/embed.js\"><\/script><\/p>\n","protected":false},"excerpt":{"rendered":"Un vecino del municipio turolense de Calanda se encuentra en estado cr\u00edtico tras recibir una violenta paliza. El&hellip;\n","protected":false},"author":2,"featured_media":225228,"comment_status":"","ping_status":"","sticky":false,"template":"","format":"standard","meta":{"footnotes":""},"categories":[5],"tags":[17508,4499,1250,17,18,59534,2474,25,24,13,14,11,19,20,9,10,15,16,11088,5847,23,257,12,21,22,8839],"class_list":{"0":"post-225227","1":"post","2":"type-post","3":"status-publish","4":"format-standard","5":"has-post-thumbnail","7":"category-titulares","8":"tag-agresiones","9":"tag-aragon","10":"tag-ayuntamiento","11":"tag-breaking-news","12":"tag-breakingnews","13":"tag-calanda","14":"tag-critico","15":"tag-es","16":"tag-espana","17":"tag-featured-news","18":"tag-featurednews","19":"tag-headlines","20":"tag-latest-news","21":"tag-latestnews","22":"tag-news","23":"tag-noticias","24":"tag-noticias-destacadas","25":"tag-noticiasdestacadas","26":"tag-paliza","27":"tag-recibir","28":"tag-spain","29":"tag-sucesos","30":"tag-titulares","31":"tag-ultimas-noticias","32":"tag-ultimasnoticias","33":"tag-vecino"},"share_on_mastodon":{"url":"https:\/\/pubeurope.com\/@es\/115514694939513321","error":""},"_links":{"self":[{"href":"https:\/\/www.europesays.com\/es\/wp-json\/wp\/v2\/posts\/225227","targetHints":{"allow":["GET"]}}],"collection":[{"href":"https:\/\/www.europesays.com\/es\/wp-json\/wp\/v2\/posts"}],"about":[{"href":"https:\/\/www.europesays.com\/es\/wp-json\/wp\/v2\/types\/post"}],"author":[{"embeddable":true,"href":"https:\/\/www.europesays.com\/es\/wp-json\/wp\/v2\/users\/2"}],"replies":[{"embeddable":true,"href":"https:\/\/www.europesays.com\/es\/wp-json\/wp\/v2\/comments?post=225227"}],"version-history":[{"count":0,"href":"https:\/\/www.europesays.com\/es\/wp-json\/wp\/v2\/posts\/225227\/revisions"}],"wp:featuredmedia":[{"embeddable":true,"href":"https:\/\/www.europesays.com\/es\/wp-json\/wp\/v2\/media\/225228"}],"wp:attachment":[{"href":"https:\/\/www.europesays.com\/es\/wp-json\/wp\/v2\/media?parent=225227"}],"wp:term":[{"taxonomy":"category","embeddable":true,"href":"https:\/\/www.europesays.com\/es\/wp-json\/wp\/v2\/categories?post=225227"},{"taxonomy":"post_tag","embeddable":true,"href":"https:\/\/www.europesays.com\/es\/wp-json\/wp\/v2\/tags?post=225227"}],"curies":[{"name":"wp","href":"https:\/\/api.w.org\/{rel}","templated":true}]}}