{"id":22523,"date":"2025-08-03T10:13:09","date_gmt":"2025-08-03T10:13:09","guid":{"rendered":"https:\/\/www.europesays.com\/es\/22523\/"},"modified":"2025-08-03T10:13:09","modified_gmt":"2025-08-03T10:13:09","slug":"netanyahu-expresa-su-consternacion-por-los-videos-de-rehenes-israelies-en-gaza","status":"publish","type":"post","link":"https:\/\/www.europesays.com\/es\/22523\/","title":{"rendered":"Netanyahu expresa su \u00abconsternaci\u00f3n\u00bb por los videos de rehenes israel\u00edes en Gaza"},"content":{"rendered":"<p>    <img src=\"https:\/\/www.europesays.com\/es\/wp-content\/uploads\/2025\/08\/68mh6nr-item01-ipad-89776581.jpg\" width=\"1024\" height=\"682\" alt=\"\" loading=\"eager\" decoding=\"sync\" fetchpriority=\"high\"\/><\/p>\n<p>            afp_tickers        <\/p>\n<p>        Este contenido fue publicado en    <\/p>\n<p>        03 agosto 2025 &#8211; 11:36\n<\/p>\n<p>El primer ministro israel\u00ed, Benjamin Netanyahu, expres\u00f3 su \u00abprofunda consternaci\u00f3n\u00bb por los \u00faltimos videos difundidos por Ham\u00e1s de dos rehenes israel\u00edes en la Franja de Gaza, unas im\u00e1genes que conmocionaron al pa\u00eds.<\/p>\n<p>La publicaci\u00f3n desde el jueves por Ham\u00e1s y Yihad Isl\u00e1mica, su aliado, de tres videos que muestran a dos rehenes israel\u00edes demacrados, identificados como Rom Breslevski y Avyatar David, reaviv\u00f3 en Israel el debate sobre la necesidad de alcanzar r\u00e1pidamente un acuerdo para liberarlos.<\/p>\n<p>Decenas de miles de personas se manifestaron el s\u00e1bado por la noche en Tel Aviv en apoyo a las familias y para exigir la liberaci\u00f3n de los rehenes.<\/p>\n<p>\u00abEl primer ministro expres\u00f3 su profunda consternaci\u00f3n por las im\u00e1genes difundidas por la organizaci\u00f3n terrorista Ham\u00e1s y declar\u00f3 a las familias que los esfuerzos para recuperar a todos nuestros rehenes contin\u00faan\u00bb, declar\u00f3 su oficina por la noche.<\/p>\n<p>En las im\u00e1genes, los dos cautivos aparecen muy d\u00e9biles y delgados, en una puesta en escena destinada a establecer un paralelismo con la actual situaci\u00f3n humanitaria en Gaza, amenazada por una \u00abhambre generalizada\u00bb seg\u00fan la ONU.<\/p>\n<p>\u2013 \u00abAbusos criminales nazis\u00bb \u2013<\/p>\n<p>Netanyahu acus\u00f3 a Ham\u00e1s de \u00abmatar de hambre deliberadamente a los habitantes de la Franja de Gaza, impidi\u00e9ndoles recibir ayuda\u00bb e inst\u00f3 a la comunidad internacional a \u00abcondenar los abusos criminales nazis\u00bb del movimiento islamista.<\/p>\n<p>El presidente Isaac Herzog y el ministro de Relaciones Exteriores Gideon Saar reaccionaron en el mismo sentido, y este \u00faltimo anunci\u00f3 que hab\u00eda \u00abconvocado una reuni\u00f3n especial del Consejo de Seguridad de la ONU\u00bb sobre la cuesti\u00f3n.<\/p>\n<p>La jefa de la diplomacia de la Uni\u00f3n Europea, Kaja Kallas, denunci\u00f3 las \u00abim\u00e1genes espantosas de rehenes israel\u00edes\u00bb y exigi\u00f3 su liberaci\u00f3n \u00abinmediata\u00bb.<\/p>\n<p>Por su parte, el ministro de extrema derecha de Seguridad Nacional, Itamar Ben-Gvir, visit\u00f3 en la madrugada la explanada de las Mezquitas -el Monte del Templo para los jud\u00edos- en Jerusal\u00e9n Este, una visita que los musulmanes suelen considerar una provocaci\u00f3n.<\/p>\n<p>\u00abAl igual que demostramos que es posible ejercer nuestra soberan\u00eda sobre el Monte del Templo, tambi\u00e9n es posible \u2018conquistar toda la Franja de Gaza\u2019 y \u2018fomentar la emigraci\u00f3n voluntaria&#8217;\u00bb, declar\u00f3 el ministro.<\/p>\n<p>\u2013 Ataque contra la Media Luna Roja \u2013<\/p>\n<p>La guerra fue desencadenada por el ataque de Ham\u00e1s en Israel el 7 de octubre de 2023, que caus\u00f3 del lado israel\u00ed la muerte de 1.219 personas, en su mayor\u00eda civiles, seg\u00fan un recuento basado en datos oficiales.<\/p>\n<p>Los milicianos islamista secuestraron adem\u00e1s a 251 personas, de las cuales 49 siguen cautivas en Gaza. De estas, 27 habr\u00edan fallecido, seg\u00fan el ej\u00e9rcito israel\u00ed.\u00a0<\/p>\n<p>En represalia, Israel ha matado al menos a 60.430 personas en la Franja de Gaza, en su mayor\u00eda civiles, seg\u00fan datos del Ministerio de Salud del territorio, gobernado por Ham\u00e1s, considerados fiables por la ONU.<\/p>\n<p>Desde el inicio de la guerra, Israel asedia la Franja de Gaza, donde viven m\u00e1s de dos millones de palestinos hacinados. A finales de mayo levant\u00f3 el bloqueo humanitario total que hab\u00eda impuesto a principios de marzo, pero solo permite la entrada de cantidades muy limitadas de ayuda, consideradas insuficientes por la ONU.<\/p>\n<p>Seg\u00fan la Defensa Civil, 19 personas murieron el domingo por disparos o bombardeos israel\u00edes, nueve de las cuales esperaban comida cerca de un centro de distribuci\u00f3n de la Fundaci\u00f3n Humanitaria de Gaza (GHF), una organizaci\u00f3n apoyada por Israel y Estados Unidos.\u00a0<\/p>\n<p>Un empleado de la Media Luna Roja Palestina muri\u00f3 y otros tres resultaron heridos en un ataque israel\u00ed contra la sede de la organizaci\u00f3n en Jan Yunis, en el sur de la Franja de Gaza, seg\u00fan la propia organizaci\u00f3n.<\/p>\n<p>hba\/sg\/hgs\/zm<\/p>\n","protected":false},"excerpt":{"rendered":"afp_tickers Este contenido fue publicado en 03 agosto 2025 &#8211; 11:36 El primer ministro israel\u00ed, Benjamin Netanyahu, expres\u00f3&hellip;\n","protected":false},"author":2,"featured_media":22524,"comment_status":"","ping_status":"","sticky":false,"template":"","format":"standard","meta":{"footnotes":""},"categories":[42],"tags":[635,17,18,636,13,14,11,61,62,63,64,19,20,9,10,15,16,90,12,21,22,65,66,67],"class_list":{"0":"post-22523","1":"post","2":"type-post","3":"status-publish","4":"format-standard","5":"has-post-thumbnail","7":"category-internacional","8":"tag-armed-conflict","9":"tag-breaking-news","10":"tag-breakingnews","11":"tag-conflict","12":"tag-featured-news","13":"tag-featurednews","14":"tag-headlines","15":"tag-internacional","16":"tag-international","17":"tag-international-news","18":"tag-internationalnews","19":"tag-latest-news","20":"tag-latestnews","21":"tag-news","22":"tag-noticias","23":"tag-noticias-destacadas","24":"tag-noticiasdestacadas","25":"tag-ticker","26":"tag-titulares","27":"tag-ultimas-noticias","28":"tag-ultimasnoticias","29":"tag-world","30":"tag-world-news","31":"tag-worldnews"},"share_on_mastodon":{"url":"","error":""},"_links":{"self":[{"href":"https:\/\/www.europesays.com\/es\/wp-json\/wp\/v2\/posts\/22523","targetHints":{"allow":["GET"]}}],"collection":[{"href":"https:\/\/www.europesays.com\/es\/wp-json\/wp\/v2\/posts"}],"about":[{"href":"https:\/\/www.europesays.com\/es\/wp-json\/wp\/v2\/types\/post"}],"author":[{"embeddable":true,"href":"https:\/\/www.europesays.com\/es\/wp-json\/wp\/v2\/users\/2"}],"replies":[{"embeddable":true,"href":"https:\/\/www.europesays.com\/es\/wp-json\/wp\/v2\/comments?post=22523"}],"version-history":[{"count":0,"href":"https:\/\/www.europesays.com\/es\/wp-json\/wp\/v2\/posts\/22523\/revisions"}],"wp:featuredmedia":[{"embeddable":true,"href":"https:\/\/www.europesays.com\/es\/wp-json\/wp\/v2\/media\/22524"}],"wp:attachment":[{"href":"https:\/\/www.europesays.com\/es\/wp-json\/wp\/v2\/media?parent=22523"}],"wp:term":[{"taxonomy":"category","embeddable":true,"href":"https:\/\/www.europesays.com\/es\/wp-json\/wp\/v2\/categories?post=22523"},{"taxonomy":"post_tag","embeddable":true,"href":"https:\/\/www.europesays.com\/es\/wp-json\/wp\/v2\/tags?post=22523"}],"curies":[{"name":"wp","href":"https:\/\/api.w.org\/{rel}","templated":true}]}}