{"id":22525,"date":"2025-08-03T10:14:07","date_gmt":"2025-08-03T10:14:07","guid":{"rendered":"https:\/\/www.europesays.com\/es\/22525\/"},"modified":"2025-08-03T10:14:07","modified_gmt":"2025-08-03T10:14:07","slug":"accidente-de-una-avioneta-acrobatica-en-aguas-de-mallorca-continua-la-busqueda-de-los-2-ocupantes","status":"publish","type":"post","link":"https:\/\/www.europesays.com\/es\/22525\/","title":{"rendered":"Accidente de una avioneta acrob\u00e1tica en aguas de Mallorca: contin\u00faa la b\u00fasqueda de los 2 ocupantes"},"content":{"rendered":"<p>\n                    Publicado                 03\/08\/2025 &#8211; 10:21 CEST<br \/>\n                \u2022Ultima actualizaci\u00f3n<br \/>\n                                     10:23\n                                        <\/p>\n<p>          <img decoding=\"async\" class=\"c-ad__placeholder__logo\" src=\"https:\/\/static.euronews.com\/website\/images\/logos\/logo-euronews-stacked-outlined-72x72-grey-9.svg\" width=\"72\" height=\"72\" alt=\"\" loading=\"lazy\"\/><br \/>\n          PUBLICIDAD<\/p>\n<p>El tr\u00e1gico suceso tuvo lugar alrededor de las 20:52 del s\u00e1bado, cuando la avioneta acrob\u00e1tica biplaza <strong>cay\u00f3 al mar en las proximidades del faro del puerto de S\u00f3ller<\/strong>, <a href=\"https:\/\/es.euronews.com\/tag\/palma-de-mallorca\" rel=\"nofollow noopener\" target=\"_blank\">Mallorca<\/a>. El Servicio de Emergencias 112 de Baleares recibi\u00f3 la primera alerta a las 20:07, tras la llamada de un testigo que presenci\u00f3 el accidente desde tierra.<\/p>\n<p>Seg\u00fan las autoridades, la aeronave, una <strong>avioneta acrob\u00e1tica F4 Raider<\/strong>, hab\u00eda despegado del aer\u00f3dromo de Binissalem aproximadamente a las 18:00, por lo que llevaba casi tres horas de vuelo cuando se produjo el siniestro.<\/p>\n<p>Testigos y primeras actuaciones<\/p>\n<p>Varias embarcaciones que se encontraban navegando por la zona tambi\u00e9n fueron <a href=\"https:\/\/es.euronews.com\/tag\/accidente-aereo\" rel=\"nofollow noopener\" target=\"_blank\">testigos del accidente<\/a> y pudieron observar <strong>restos flotantes de la aeronave tras su ca\u00edda<\/strong> al mar. Estos testimonios han sido cruciales para delimitar la zona del siniestro y orientar las labores de b\u00fasqueda.<\/p>\n<p><strong>La avioneta se hundi\u00f3 tras el impacto<\/strong>, seg\u00fan confirmaron los servicios de emergencia, lo que ha complicado las labores de localizaci\u00f3n tanto de la aeronave como de sus ocupantes.<\/p>\n<p>De forma inmediata se activ\u00f3 un amplio dispositivo de emergencia coordinado desde un puesto de mando avanzado establecido en la base militar del puerto de S\u00f3ller. El operativo incluye:<\/p>\n<ul>\n<li><strong>Bomberos de Mallorca<\/strong> destacamento de S\u00f3ller.<\/li>\n<li><strong>Grupo Especial de Actividades Subacu\u00e1ticas de la Guardia Civil (GEAS)<\/strong>.<\/li>\n<li><strong>Guardia Civil<\/strong> con m\u00faltiples especialidades.<\/li>\n<li><strong>Salvamento Mar\u00edtimo<\/strong>.<\/li>\n<\/ul>\n<p>La Guardia Civil ha desplegado varias unidades especializadas, incluyendo GEAS, CUCO, UOPJ y ETPJ Algaida, SMP-1, adem\u00e1s de <strong>efectivos de seguridad ciudadana de la Compa\u00f1\u00eda de Calvi\u00e0<\/strong>. Tambi\u00e9n participan en la b\u00fasqueda los servicios mar\u00edtimo y a\u00e9reo del instituto armado.<\/p>\n<p>Situaci\u00f3n actual<\/p>\n<p>Las autoridades han confirmado oficialmente que <strong>buscan a dos ocupantes de la avioneta acrob\u00e1tica<\/strong>. Hasta el momento, los equipos de rescate solo han logrado localizar restos de la aeronave, pero contin\u00faan las labores de b\u00fasqueda tanto de los posibles supervivientes como de los cuerpos de las v\u00edctimas.<\/p>\n<p>El <a href=\"https:\/\/es.euronews.com\/tag\/guardia-civil\" rel=\"nofollow noopener\" target=\"_blank\">Grupo Especial de Actividades Subacu\u00e1ticas de la Guardia Civil<\/a> <strong>ha iniciado las inmersiones en la zona del siniestro<\/strong>, mientras que otros efectivos mantienen la vigilancia desde superficie y aire para ampliar el per\u00edmetro de b\u00fasqueda.<\/p>\n<p>Las <strong>causas del accidente permanecen bajo investigaci\u00f3n<\/strong>. La avioneta, descrita como una aeronave acrob\u00e1tica biplaza, hab\u00eda partido del aer\u00f3dromo de Binissalem en lo que aparentaba ser un vuelo de rutina o entrenamiento antes de precipitarse al mar en circunstancias que deber\u00e1n ser esclarecidas por las autoridades competentes.<\/p>\n","protected":false},"excerpt":{"rendered":"Publicado 03\/08\/2025 &#8211; 10:21 CEST \u2022Ultima actualizaci\u00f3n 10:23 PUBLICIDAD El tr\u00e1gico suceso tuvo lugar alrededor de las 20:52&hellip;\n","protected":false},"author":2,"featured_media":22526,"comment_status":"","ping_status":"","sticky":false,"template":"","format":"standard","meta":{"footnotes":""},"categories":[8],"tags":[13235,17,18,25,24,13,14,1160,11,19,20,9,10,15,16,2554,23,12,21,22],"class_list":{"0":"post-22525","1":"post","2":"type-post","3":"status-publish","4":"format-standard","5":"has-post-thumbnail","7":"category-espana","8":"tag-accidente-aereo","9":"tag-breaking-news","10":"tag-breakingnews","11":"tag-es","12":"tag-espana","13":"tag-featured-news","14":"tag-featurednews","15":"tag-guardia-civil","16":"tag-headlines","17":"tag-latest-news","18":"tag-latestnews","19":"tag-news","20":"tag-noticias","21":"tag-noticias-destacadas","22":"tag-noticiasdestacadas","23":"tag-palma-de-mallorca","24":"tag-spain","25":"tag-titulares","26":"tag-ultimas-noticias","27":"tag-ultimasnoticias"},"share_on_mastodon":{"url":"","error":""},"_links":{"self":[{"href":"https:\/\/www.europesays.com\/es\/wp-json\/wp\/v2\/posts\/22525","targetHints":{"allow":["GET"]}}],"collection":[{"href":"https:\/\/www.europesays.com\/es\/wp-json\/wp\/v2\/posts"}],"about":[{"href":"https:\/\/www.europesays.com\/es\/wp-json\/wp\/v2\/types\/post"}],"author":[{"embeddable":true,"href":"https:\/\/www.europesays.com\/es\/wp-json\/wp\/v2\/users\/2"}],"replies":[{"embeddable":true,"href":"https:\/\/www.europesays.com\/es\/wp-json\/wp\/v2\/comments?post=22525"}],"version-history":[{"count":0,"href":"https:\/\/www.europesays.com\/es\/wp-json\/wp\/v2\/posts\/22525\/revisions"}],"wp:featuredmedia":[{"embeddable":true,"href":"https:\/\/www.europesays.com\/es\/wp-json\/wp\/v2\/media\/22526"}],"wp:attachment":[{"href":"https:\/\/www.europesays.com\/es\/wp-json\/wp\/v2\/media?parent=22525"}],"wp:term":[{"taxonomy":"category","embeddable":true,"href":"https:\/\/www.europesays.com\/es\/wp-json\/wp\/v2\/categories?post=22525"},{"taxonomy":"post_tag","embeddable":true,"href":"https:\/\/www.europesays.com\/es\/wp-json\/wp\/v2\/tags?post=22525"}],"curies":[{"name":"wp","href":"https:\/\/api.w.org\/{rel}","templated":true}]}}