{"id":225265,"date":"2025-11-08T15:34:10","date_gmt":"2025-11-08T15:34:10","guid":{"rendered":"https:\/\/www.europesays.com\/es\/225265\/"},"modified":"2025-11-08T15:34:10","modified_gmt":"2025-11-08T15:34:10","slug":"fabien-barel-sufre-varias-fracturas-tras-una-grave-caida-durante-una-sesion-de-pruebas","status":"publish","type":"post","link":"https:\/\/www.europesays.com\/es\/225265\/","title":{"rendered":"Fabien Barel sufre varias fracturas tras una grave ca\u00edda durante una sesi\u00f3n de pruebas"},"content":{"rendered":"<p>El franc\u00e9s Fabien Barel, una de las figuras m\u00e1s emblem\u00e1ticas del ciclismo de monta\u00f1a, ha sufrido un serio accidente durante una reciente sesi\u00f3n de pruebas. El propio corredor confirm\u00f3 en sus redes sociales que la ca\u00edda le provoc\u00f3 varias fracturas vertebrales, un traumatismo craneal de consideraci\u00f3n y m\u00faltiples contusiones.<\/p>\n<p><img decoding=\"async\" loading=\"lazy\" width=\"1200\" height=\"1496\" style=\"aspect-ratio: 1200\/1496;\" alt=\"Fabien Barel rescatado por los servicios de emergencia. Imagen: Instagram\" src=\"https:\/\/www.europesays.com\/es\/wp-content\/uploads\/2025\/11\/accidente-fabien-barel.jpg\"\/>Fabien Barel rescatado por los servicios de emergencia. Imagen: InstagramEl excampe\u00f3n franc\u00e9s de Descenso y Enduro se recupera en casa<\/p>\n<p>Barel explic\u00f3 que perdi\u00f3 el conocimiento durante el impacto y no recuerda lo ocurrido. Tras ser trasladado al hospital, permaneci\u00f3 varios d\u00edas bajo observaci\u00f3n y sometido a diferentes pruebas m\u00e9dicas. La vida tiene su manera de recordarnos lo r\u00e1pido que todo puede cambiar, escribi\u00f3 el franc\u00e9s, acompa\u00f1ado de una imagen publicada en su cuenta de Instagram.<\/p>\n<p>El veterano ciclista, que ahora trabaja en el desarrollo de bicicletas y en la formaci\u00f3n de j\u00f3venes talentos, se encuentra ya en su domicilio iniciando una lenta recuperaci\u00f3n. Estoy de vuelta en casa, intentando ponerme en pie poco a poco, a\u00f1adi\u00f3 en su comunicado, en el que tambi\u00e9n se\u00f1al\u00f3 que los pr\u00f3ximos d\u00edas ser\u00e1n decisivos para determinar si deber\u00e1 pasar por el quir\u00f3fano debido a las lesiones cervicales.<\/p>\n<p>Conocido por su mentalidad perseverante, Barel quiso transmitir un mensaje de optimismo: El camino por delante es largo, pero siempre he cre\u00eddo en avanzar paso a paso, con determinaci\u00f3n. La mentalidad es lo m\u00e1s importante. Creer en la vida, creer en uno mismo y aceptar que todo sucede por una raz\u00f3n.<\/p>\n<p>La comunidad ciclista internacional ha mostrado un amplio apoyo al franc\u00e9s, que agradeci\u00f3 p\u00fablicamente las muestras de cari\u00f1o recibidas. Gracias por todo el amor y apoyo. Significa el mundo para m\u00ed, concluy\u00f3.<\/p>\n<p>Fabien Barel es una leyenda viva del Descenso y el Enduro. A lo largo de m\u00e1s de dos d\u00e9cadas de carrera deportiva, logr\u00f3 tres t\u00edtulos mundiales de Descenso en la categor\u00eda \u00c9lite y m\u00faltiples victorias en la Copa del Mundo. Tras retirarse de la competici\u00f3n, se uni\u00f3 al equipo Canyon para participar en el desarrollo de bicicletas de monta\u00f1a de alto rendimiento, adem\u00e1s de asesorar a j\u00f3venes promesas del ciclismo de monta\u00f1a.<\/p>\n<p>La ca\u00edda supone un duro contratiempo para uno de los referentes del Mountain Bike moderno, pero su actitud refleja la misma determinaci\u00f3n que le llev\u00f3 a lo m\u00e1s alto en su carrera. Si todo evoluciona seg\u00fan lo previsto, el franc\u00e9s podr\u00e1 continuar con su recuperaci\u00f3n sin necesidad de cirug\u00eda, aunque con un largo periodo de rehabilitaci\u00f3n por delante.<\/p>\n","protected":false},"excerpt":{"rendered":"El franc\u00e9s Fabien Barel, una de las figuras m\u00e1s emblem\u00e1ticas del ciclismo de monta\u00f1a, ha sufrido un serio&hellip;\n","protected":false},"author":2,"featured_media":225266,"comment_status":"","ping_status":"","sticky":false,"template":"","format":"standard","meta":{"footnotes":""},"categories":[273],"tags":[313,312,168,25,24,23,167],"class_list":{"0":"post-225265","1":"post","2":"type-post","3":"status-publish","4":"format-standard","5":"has-post-thumbnail","7":"category-ciclismo","8":"tag-ciclismo","9":"tag-cycling","10":"tag-deportes","11":"tag-es","12":"tag-espana","13":"tag-spain","14":"tag-sports"},"share_on_mastodon":{"url":"https:\/\/pubeurope.com\/@es\/115514813327965585","error":""},"_links":{"self":[{"href":"https:\/\/www.europesays.com\/es\/wp-json\/wp\/v2\/posts\/225265","targetHints":{"allow":["GET"]}}],"collection":[{"href":"https:\/\/www.europesays.com\/es\/wp-json\/wp\/v2\/posts"}],"about":[{"href":"https:\/\/www.europesays.com\/es\/wp-json\/wp\/v2\/types\/post"}],"author":[{"embeddable":true,"href":"https:\/\/www.europesays.com\/es\/wp-json\/wp\/v2\/users\/2"}],"replies":[{"embeddable":true,"href":"https:\/\/www.europesays.com\/es\/wp-json\/wp\/v2\/comments?post=225265"}],"version-history":[{"count":0,"href":"https:\/\/www.europesays.com\/es\/wp-json\/wp\/v2\/posts\/225265\/revisions"}],"wp:featuredmedia":[{"embeddable":true,"href":"https:\/\/www.europesays.com\/es\/wp-json\/wp\/v2\/media\/225266"}],"wp:attachment":[{"href":"https:\/\/www.europesays.com\/es\/wp-json\/wp\/v2\/media?parent=225265"}],"wp:term":[{"taxonomy":"category","embeddable":true,"href":"https:\/\/www.europesays.com\/es\/wp-json\/wp\/v2\/categories?post=225265"},{"taxonomy":"post_tag","embeddable":true,"href":"https:\/\/www.europesays.com\/es\/wp-json\/wp\/v2\/tags?post=225265"}],"curies":[{"name":"wp","href":"https:\/\/api.w.org\/{rel}","templated":true}]}}