{"id":225273,"date":"2025-11-08T15:41:10","date_gmt":"2025-11-08T15:41:10","guid":{"rendered":"https:\/\/www.europesays.com\/es\/225273\/"},"modified":"2025-11-08T15:41:10","modified_gmt":"2025-11-08T15:41:10","slug":"josep-ramon-lluch-y-anais-ordonez-queremos-abrir-la-television-valenciana-a-la-gente-que-sean-los-protagonistas","status":"publish","type":"post","link":"https:\/\/www.europesays.com\/es\/225273\/","title":{"rendered":"Josep Ramon Lluch y Ana\u00efs Ord\u00f3\u00f1ez: \u00abQueremos abrir la televisi\u00f3n valenciana a la gente, que sean los protagonistas\u00bb"},"content":{"rendered":"<p><a class=\"v-mdl-ath__fig-a\" href=\"https:\/\/www.lasprovincias.es\/autor\/eva-perez-6400.html\" title=\"Eva P\u00e9rez\" rel=\"nofollow noopener\" target=\"_blank\"><br \/>\n<img decoding=\"async\" class=\"v-mdl-ath__img\" src=\"https:\/\/www.europesays.com\/es\/wp-content\/uploads\/2025\/11\/autor-6400-foto-1.jpeg\" alt=\"Eva P\u00e9rez\"\/><br \/>\n<\/a><\/p>\n<p class=\"v-mdl-ath__p v-mdl-ath__p--6\">\nS\u00e1bado, 8 de noviembre 2025, 11:59<\/p>\n<p class=\"v-p\">\u00bfQuien no trabaja es porque no quiere? Es la pregunta con la que se estren\u00f3 en 1992 el primer &#8216;Carta Blanca&#8217; y tambi\u00e9n con la que comenzar\u00e1 su andadura &#8216;El retrovisor&#8217;, el nuevo &#8216;talk show&#8217; de \u00c0 Punt para las noches del s\u00e1bado (21:45 horas) que a trav\u00e9s de invitados de diferentes generaciones comprobar\u00e1 c\u00f3mo ha cambiado la sociedad valenciana en los \u00faltimos 35 a\u00f1os. Dos presentadores representan ese choque generacional: el veterano Josep Ramon Lluch dar\u00e1 voz al sector de la poblaci\u00f3n m\u00e1s mayor, los conocidos como boomers, y Ana\u00efs Ord\u00f3\u00f1ez ser\u00e1 reflejo de la opini\u00f3n de los m\u00e1s j\u00f3venes, los millennials o generaci\u00f3n Z. <\/p>\n<p class=\"v-p\"><strong>\u2013Han cambiado muchas cosas en los \u00faltimos 35 a\u00f1os, desde que comenz\u00f3 a emitir la televisi\u00f3n p\u00fablica valenciana, en octubre de 1989. \u00bfEn qu\u00e9 incidir\u00e1 el programa?<\/strong><\/p>\n<p class=\"v-p\">\u2013<strong>Josep Ramon<\/strong>. Cuando pens\u00e9 en el formato del programa, pens\u00e9 que a lo largo de los \u00faltimos 35 a\u00f1os, desde octubre de 1989, cuando comenzaron las emisiones de la televisi\u00f3n p\u00fablica valenciana, el mejor archivo donde est\u00e1 recogida la evoluci\u00f3n de la sociedad valenciana en cualquier aspecto es el de nuestra televisi\u00f3n. En &#8216;El retrovisor&#8217;, a partir de los archivos de cualquiera de los programas a lo largo de la historia de la tele, tendremos a gente de cualquier edad y condici\u00f3n, de cualquier comarca, diciendo su opini\u00f3n, o bailando, o explicando sus inquietudes. El efecto que esperamos conseguir es unir aquellas generaciones, la m\u00eda, los que tenemos entre 60 y 65 y m\u00e1s, que son los que apreciaban aquella televisi\u00f3n valenciana, y ver si los recuperamos.<\/p>\n<p class=\"v-p\"><strong>\u2013\u00bfY qu\u00e9 papel tendr\u00e1 Ana\u00efs como presentadora &#8216;millennial&#8217;?<\/strong><\/p>\n<p class=\"v-p\">\u2013<strong>JR.<\/strong> Ser\u00e1 la que de alguna manera representar\u00e1 a esa otra generaci\u00f3n&#8230;<\/p>\n<p class=\"v-p\">\u2013<strong>Ana\u00efs.<\/strong> S\u00ed, queremos saber qu\u00e9 conocen los j\u00f3venes del pasado m\u00e1s reciente y confrontarlo con las opiniones de hoy en d\u00eda. De hecho, nos llevaremos alguna sorpresa porque tenemos temas de los 90 que preocupan mucho a\u00fan. <\/p>\n<p class=\"v-p\">\u2013<strong>J. R.<\/strong> En el primer programa de &#8216;Carta Blanca&#8217; en 1992 hicimos la pregunta &#8216;\u00bfQuien no trabaja es porque no quiere?&#8217;, y resultar\u00e1 curioso que las respuestas ser\u00e1n muy similares ahora. Cambiar\u00e1n los perfiles porque hace 30 a\u00f1os no hab\u00eda riders, ni n\u00f3madas digitales, ni apenas inmigrantes, pero habr\u00e1 gente que dir\u00e1 que quien no trabaja es porque no quiere, porque se conforma con la &#8216;paguita&#8217;, que hay gente que no encuentra trabajo, pero tambi\u00e9n habr\u00e1 gente que dir\u00e1 que en el campo y en la hosteler\u00eda hay trabajo y que tienen que venir inmigrantes para cubrir esos puestos.<\/p>\n<p class=\"v-p\">\u2013<strong>A.<\/strong> Y trataremos de desmontar algunos mitos, como el de la inmigraci\u00f3n, que vienen a quitarnos el trabajo, o si los j\u00f3venes no quieren trabajar o es que no se conforman con el trabajo que hay porque tienen m\u00e1s formaci\u00f3n&#8230;<\/p>\n<p>\nJosep Ramon Lluch: \u00abLa cadena necesita volver a ser querida por la sociedad valenciana como lo fue en los a\u00f1os 90\u00bb\n<\/p>\n<p class=\"v-p\"><strong>\u2013\u00bfC\u00f3mo se plantea el primer programa, esta misma noche?<\/strong><\/p>\n<p class=\"v-p\">\u2013<strong>J. R.<\/strong> Los elementos son una serie de v\u00eddeos que recuperan im\u00e1genes del pasado, protagonistas que estuvieron en algunos programas de la cadena a partir de los a\u00f1os 90 y los volveremos a traer al plat\u00f3, y especialistas que vienen al plat\u00f3 a abordar el tema de las relaciones laborales, la brecha salarial entre hombres y mujeres&#8230; <\/p>\n<p class=\"v-p\">\u2013<strong>A.<\/strong> Y apoyaremos todo con datos, con los expertos que nos acompa\u00f1ar\u00e1n en plat\u00f3. Tambi\u00e9n haremos encuestas en la calle para escuchar a la gente, testimonios que estar\u00e1n en el p\u00fablico y tambi\u00e9n entrar\u00e1n por videoconferencia, por Skype&#8230; Ser\u00e1 un programa muy din\u00e1mico.<\/p>\n<p class=\"v-p\"><strong>\u2013\u00bfY el objetivo final?<\/strong><\/p>\n<p class=\"v-p\">\u2013<strong>J. R.<\/strong> La propuesta es volver en el plat\u00f3 n\u00famero 1, que es el gran plat\u00f3 de la tele, volver a abrir el plat\u00f3, es decir, volver abrir la televisi\u00f3n p\u00fablica valenciana a la gente, a que sean los protagonistas. La excusa es mirar al pasado pero en realidad el papel es ver el presente. No ser\u00e1 como el &#8216;Parle Vost\u00e9&#8217;; si alguien espera ruidos y personajes estramb\u00f3ticos de los 90, no, porque la tele ha cambiado. <\/p>\n<p class=\"v-p\"><strong>\u2013Y es un programa en directo de tres horas&#8230;, todo un reto.<\/strong><\/p>\n<p class=\"v-p\">\u2013<strong>A.<\/strong> Es un reto importante. Es un programa totalmente abierto; en funci\u00f3n de los testimonios, veremos a d\u00f3nde nos lleva. Es un programa divertido, amigo, con p\u00fablico, en el que los protagonistas ser\u00e1n los que nos acompa\u00f1an. <\/p>\n<p class=\"v-p\">\u2013<strong>J. R.<\/strong> El directo lo que te aporta es un mundo que no conoces. La nueva tele de 2025 es radicalmente diferente a la que se hac\u00eda en los 90. Ahora hay muchos v\u00eddeos, las redes sociales&#8230; y estaremos en contacto con nuestros redactores y los community manager para que entren esas opiniones.<\/p>\n<p>\nAna\u00efs Ord\u00f3\u00f1ez: \u00abEs un programa divertido, amigo, en el que los protagonistas ser\u00e1n los que nos acompa\u00f1en\u00bb\n<\/p>\n<p class=\"v-p\"><strong>\u2013\u00bfHabr\u00e1 un juego entre vosotros? \u00bfUn pique generacional?<\/strong><\/p>\n<p class=\"v-p\">\u2013<strong>J. R.<\/strong> Es muy probable. Ser\u00e1 una manera de enriquecernos mutuamente. Lo que queremos es que, como pasaba en &#8216;Carta Blanca&#8217; u otros programas, que al d\u00eda siguiente, en la comida del fin de semana o en el supermercado o en la calle, la gente dec\u00eda \u00ab\u00bfviste ayer lo que dijeron en la tele valenciana?\u00bb Pues, a m\u00ed me gustar\u00eda que 30 a\u00f1os despu\u00e9s la gente vuelva a decir \u00ab\u00bfviste lo que dijeron en el programa &#8216;El retrovisor&#8217; de \u00c0 Punt?&#8217; La cadena necesita volver a ser querida por la sociedad valenciana como lo fue en los a\u00f1os 90. <\/p>\n<p class=\"v-p\"><strong>\u2013Josep Ramon, vuelve a primera l\u00ednea, \u00bfc\u00f3mo lo encara?<\/strong><\/p>\n<p class=\"v-p\">\u2013Como un reto personal, de ver si soy capaz de todo lo que he aprendido estando detr\u00e1s de la c\u00e1mara, en direcci\u00f3n de contenidos&#8230;, llevarlo adelante. Un reto personal en esta etapa final de mi vida laboral, que tendr\u00eda que estar jubiado, pero dije &#8216;vamos a complicarnos&#8217; (bromea).<\/p>\n<p class=\"v-p\"><strong>\u2013Y Ana\u00efs, cambio total de registro.<\/strong><\/p>\n<p class=\"v-p\">\u2013Es todo un cambio pero ten\u00eda ganas de salir un poco de la zona de confort. Yo vengo de informativos, de hacer deportes, que no tiene nada que ver. Estoy muy ilusionada y, bueno, muy bien acompa\u00f1ada, as\u00ed que me lo har\u00e1 m\u00e1s f\u00e1cil.<\/p>\n<p>Reporta un error<\/p>\n","protected":false},"excerpt":{"rendered":"S\u00e1bado, 8 de noviembre 2025, 11:59 \u00bfQuien no trabaja es porque no quiere? Es la pregunta con la&hellip;\n","protected":false},"author":2,"featured_media":225274,"comment_status":"","ping_status":"","sticky":false,"template":"","format":"standard","meta":{"footnotes":""},"categories":[171],"tags":[3360,59540,146,147,25,24,260,15090,59539,36013,6874,6213,11082,23,807,214,11004],"class_list":{"0":"post-225273","1":"post","2":"type-post","3":"status-publish","4":"format-standard","5":"has-post-thumbnail","7":"category-tv","8":"tag-abrir","9":"tag-anais","10":"tag-entertainment","11":"tag-entretenimiento","12":"tag-es","13":"tag-espana","14":"tag-gente","15":"tag-josep","16":"tag-lluch","17":"tag-ordonez","18":"tag-protagonistas","19":"tag-queremos","20":"tag-ramon","21":"tag-spain","22":"tag-television","23":"tag-tv","24":"tag-valenciana"},"share_on_mastodon":{"url":"https:\/\/pubeurope.com\/@es\/115514840693212547","error":""},"_links":{"self":[{"href":"https:\/\/www.europesays.com\/es\/wp-json\/wp\/v2\/posts\/225273","targetHints":{"allow":["GET"]}}],"collection":[{"href":"https:\/\/www.europesays.com\/es\/wp-json\/wp\/v2\/posts"}],"about":[{"href":"https:\/\/www.europesays.com\/es\/wp-json\/wp\/v2\/types\/post"}],"author":[{"embeddable":true,"href":"https:\/\/www.europesays.com\/es\/wp-json\/wp\/v2\/users\/2"}],"replies":[{"embeddable":true,"href":"https:\/\/www.europesays.com\/es\/wp-json\/wp\/v2\/comments?post=225273"}],"version-history":[{"count":0,"href":"https:\/\/www.europesays.com\/es\/wp-json\/wp\/v2\/posts\/225273\/revisions"}],"wp:featuredmedia":[{"embeddable":true,"href":"https:\/\/www.europesays.com\/es\/wp-json\/wp\/v2\/media\/225274"}],"wp:attachment":[{"href":"https:\/\/www.europesays.com\/es\/wp-json\/wp\/v2\/media?parent=225273"}],"wp:term":[{"taxonomy":"category","embeddable":true,"href":"https:\/\/www.europesays.com\/es\/wp-json\/wp\/v2\/categories?post=225273"},{"taxonomy":"post_tag","embeddable":true,"href":"https:\/\/www.europesays.com\/es\/wp-json\/wp\/v2\/tags?post=225273"}],"curies":[{"name":"wp","href":"https:\/\/api.w.org\/{rel}","templated":true}]}}