{"id":225275,"date":"2025-11-08T15:42:07","date_gmt":"2025-11-08T15:42:07","guid":{"rendered":"https:\/\/www.europesays.com\/es\/225275\/"},"modified":"2025-11-08T15:42:07","modified_gmt":"2025-11-08T15:42:07","slug":"no-vamos-a-hacer-el-guion","status":"publish","type":"post","link":"https:\/\/www.europesays.com\/es\/225275\/","title":{"rendered":"No vamos a hacer el guion"},"content":{"rendered":"<p class=\"article-text\">\n        <strong>Bel\u00e9n Esteban<\/strong> y <strong>Mar\u00eda Pati\u00f1o<\/strong> fueron dos de las celebrities que participaron este viernes 7 de noviembre en la gala de <strong>Los 40 Music Awards<\/strong>, celebrada ante miles de personas en el estadio Roig Arena de Valencia.\n    <\/p>\n<p>    <a href=\"https:\/\/www.eldiario.es\/vertele\/series\/la-promesa-rtve-petra-ama-llaves-doncella-despedida-carlos-vigara_1_12752678.html\" data-mrf-recirculation=\"saber-mas\" data-dl-event=\"saber-mas\" rel=\"nofollow noopener\" target=\"_blank\"><\/p>\n<p class=\"know-more__title\">&#8216;La Promesa&#8217; anuncia la llegada de un nuevo actor y &#8216;degrada&#8217; a una de sus grandes protagonistas<\/p>\n<p>            <img decoding=\"async\" class=\"lazy\" loading=\"lazy\" data-src=\"https:\/\/static.eldiario.es\/clip\/2435d728-330c-4302-a631-0efb28b7c662_16-9-aspect-ratio_default_0.jpg\" src=\"data:image\/svg+xml,%3Csvg xmlns=\" http:=\"\" viewbox=\"0 0 880 495\" alt=\"'La Promesa' anuncia la llegada de un nuevo actor y 'degrada' a una de sus grandes protagonistas\"\/><\/p>\n<p>                        <\/a><\/p>\n<p class=\"article-text\">\n        Las colaboradoras de <strong>No somos nadie<\/strong> (TEN) entregaron varias de las estatuillas que estaban en liza, por lo que estuvieron sobre el escenario durante casi 10 minutos. <strong>\u201cLos 40 nos ha mandado un guion pero, con todos nuestros respetos, no lo vamos a hacer\u201d<\/strong>, anunci\u00f3 Bel\u00e9n nada m\u00e1s agarrar el micr\u00f3fono. \u201cSomos dos mujeres cincuentonas, independientes, madres y orgullosas de todo lo que tenemos\u201d, a\u00f1adi\u00f3 euf\u00f3rica.\n    <\/p>\n<p class=\"article-text\">\n        Pati\u00f1o, por su parte, aprovech\u00f3 este breve discurso inicial para hacer un gui\u00f1o a la ciudadan\u00eda valenciana por su reacci\u00f3n ante la cat\u00e1strofe de la DANA: <strong>\u201cMe hab\u00e9is permitido creer en la humanidad\u201d<\/strong>, dijo la gallega.\n    <\/p>\n<p>    <a href=\"https:\/\/www.eldiario.es\/vertele\/noticias\/kiko-rivera-entrevista-de-viernes-telecinco-isa-pantoja_1_12752296.html\" data-mrf-recirculation=\"saber-mas-abajo\" data-dl-event=\"saber-mas-abajo\" rel=\"nofollow noopener\" target=\"_blank\"><\/p>\n<p class=\"know-more__title\">Kiko Rivera explica por qu\u00e9 vuelve a Telecinco y confirma las dos experiencias m\u00e1s duras de su hermana: \u201cFue horrible\u201d<\/p>\n<p>            <img decoding=\"async\" class=\"lazy\" loading=\"lazy\" data-src=\"https:\/\/static.eldiario.es\/clip\/0a9626ec-c993-46ec-b5f2-95d0ed6b10b4_16-9-aspect-ratio_default_0.jpg\" src=\"data:image\/svg+xml,%3Csvg xmlns=\" http:=\"\" viewbox=\"0 0 880 495\" alt=\"Kiko Rivera explica por qu\u00e9 vuelve a Telecinco y confirma las dos experiencias m\u00e1s duras de su hermana: &quot;Fue horrible&quot;\"\/><\/p>\n<p>                        <\/a><\/p>\n<p class=\"article-text\">\n        La gala de Los 40 Music Awards fue emitida en directo por <strong>Divinity<\/strong>, uno de los canales de Mediaset, as\u00ed que podr\u00eda decirse que Mar\u00eda Pati\u00f1o y Bel\u00e9n Esteban reaparecieron \u2013aunque fuera por muy poco tiempo\u2013 en el grupo para el que trabajaron hasta el a\u00f1o 2023, cuando la cancelaci\u00f3n de <strong>S\u00e1lvame <\/strong>les cerr\u00f3 las puertas de Telecinco.\n    <\/p>\n","protected":false},"excerpt":{"rendered":"Bel\u00e9n Esteban y Mar\u00eda Pati\u00f1o fueron dos de las celebrities que participaron este viernes 7 de noviembre en&hellip;\n","protected":false},"author":2,"featured_media":225276,"comment_status":"","ping_status":"","sticky":false,"template":"","format":"standard","meta":{"footnotes":""},"categories":[170],"tags":[5287,11499,13360,3848,146,147,25,24,16142,24866,955,1264,184,185,689,8014,23,59541],"class_list":{"0":"post-225275","1":"post","2":"type-post","3":"status-publish","4":"format-standard","5":"has-post-thumbnail","7":"category-musica","8":"tag-5287","9":"tag-11499","10":"tag-awards","11":"tag-belen","12":"tag-entertainment","13":"tag-entretenimiento","14":"tag-es","15":"tag-espana","16":"tag-esteban","17":"tag-guion","18":"tag-mediaset","19":"tag-minutos","20":"tag-music","21":"tag-musica","22":"tag-no","23":"tag-patino","24":"tag-spain","25":"tag-volvieron"},"share_on_mastodon":{"url":"https:\/\/pubeurope.com\/@es\/115514844445651925","error":""},"_links":{"self":[{"href":"https:\/\/www.europesays.com\/es\/wp-json\/wp\/v2\/posts\/225275","targetHints":{"allow":["GET"]}}],"collection":[{"href":"https:\/\/www.europesays.com\/es\/wp-json\/wp\/v2\/posts"}],"about":[{"href":"https:\/\/www.europesays.com\/es\/wp-json\/wp\/v2\/types\/post"}],"author":[{"embeddable":true,"href":"https:\/\/www.europesays.com\/es\/wp-json\/wp\/v2\/users\/2"}],"replies":[{"embeddable":true,"href":"https:\/\/www.europesays.com\/es\/wp-json\/wp\/v2\/comments?post=225275"}],"version-history":[{"count":0,"href":"https:\/\/www.europesays.com\/es\/wp-json\/wp\/v2\/posts\/225275\/revisions"}],"wp:featuredmedia":[{"embeddable":true,"href":"https:\/\/www.europesays.com\/es\/wp-json\/wp\/v2\/media\/225276"}],"wp:attachment":[{"href":"https:\/\/www.europesays.com\/es\/wp-json\/wp\/v2\/media?parent=225275"}],"wp:term":[{"taxonomy":"category","embeddable":true,"href":"https:\/\/www.europesays.com\/es\/wp-json\/wp\/v2\/categories?post=225275"},{"taxonomy":"post_tag","embeddable":true,"href":"https:\/\/www.europesays.com\/es\/wp-json\/wp\/v2\/tags?post=225275"}],"curies":[{"name":"wp","href":"https:\/\/api.w.org\/{rel}","templated":true}]}}