{"id":225277,"date":"2025-11-08T15:43:11","date_gmt":"2025-11-08T15:43:11","guid":{"rendered":"https:\/\/www.europesays.com\/es\/225277\/"},"modified":"2025-11-08T15:43:11","modified_gmt":"2025-11-08T15:43:11","slug":"los-alumnos-de-baltanas-actores-de-peliculas-de-terror","status":"publish","type":"post","link":"https:\/\/www.europesays.com\/es\/225277\/","title":{"rendered":"Los alumnos de Baltan\u00e1s, actores de pel\u00edculas de terror"},"content":{"rendered":"<p><a class=\"v-mdl-ath__fig-a\" href=\"https:\/\/www.elnortedecastilla.es\/autor\/luis-antonio-curiel-6701.html\" title=\"Luis Antonio Curiel\" rel=\"nofollow noopener\" target=\"_blank\"><br \/>\n<img decoding=\"async\" class=\"v-mdl-ath__img\" src=\"https:\/\/www.europesays.com\/es\/wp-content\/uploads\/2025\/11\/autor-6701-foto-1.jpeg\" alt=\"Luis Antonio Curiel\"\/><br \/>\n<\/a><\/p>\n<p class=\"v-mdl-ath__p v-mdl-ath__p--6\">\nViernes, 7 de noviembre 2025, 19:39<\/p>\n<p class=\"v-p\">Al igual que varios pueblos de la provincia, Baltan\u00e1s ha lucido sus mejores galas durante estos d\u00edas, con diversos actos para celebrar Halloween. En esta  &#8230; ocasi\u00f3n, los alumnos del Centro de Educaci\u00f3n Infantil y Primaria &#8216;San Pedro&#8217;, de Baltan\u00e1s, representaron distintas pel\u00edculas cinematogr\u00e1ficas, poniendo de relieve la originalidad en las coreograf\u00edas y disfraces. En el caso de los alumnos de Infantil escenificaron la pel\u00edcula &#8216;Monstruos S.A.&#8217;, el primer ciclo de Primaria eligi\u00f3 &#8216;El retorno de las brujas&#8217;, mientras que el segundo ciclo de Primaria opt\u00f3 por &#8216;Hotel Transilvania&#8217; y los mayores del cole representaron &#8216;Cazafantasmas&#8217;. <\/p>\n<p class=\"v-p\">La gala cinematogr\u00e1fica se llev\u00f3 a cabo en la Plaza de Espa\u00f1a, de Baltan\u00e1s, con el fin de acercar estos actos a todos los vecinos. De hecho, fueron numerosos los baltanasiegos que se acercaron para disfrutar de una puesta escena tan original. El desfile cont\u00f3 con varios premios entre las clases participantes, valorando de un modo especial la mejor banda sonora, la coreograf\u00eda y la vestimenta y el maquillaje. \u00abConsideramos que este tipo de actos son esenciales para nuestros alumnos, que comparten con los vecinos aquellas actividades extraordinarias que preparan con especial ilusi\u00f3n. Resulta fundamental aunar sinergias y salir de las aulas para que todos podamos disfrutar de galas tan trabajadas como la del Halloween Cinematogr\u00e1fico\u00bb, coment\u00f3 Rosa Esteban Nieto, una de las profesoras del Colegio San Pedro.<\/p>\n<p><a href=\"http:\/\/www.elnortedecastilla.es\/palencia\/angulo-muerto-cristian-beteta-gana-festival-terrorificamente-20251106191805-nt.html#vtm_modulosEngag=mod-rel:palencia:noticia:1:cmp:1-not\" class=\"v-a-link\" aria-label=\"Imagen\" rel=\"nofollow noopener\" target=\"_blank\"><\/p>\n<p><img decoding=\"async\" loading=\"lazy\" src=\"https:\/\/www.europesays.com\/es\/wp-content\/uploads\/2025\/11\/terrorificamente-cortos-kSY--366x256@El Norte.jpg\" class=\"v-a-img\" width=\"258\" height=\"180\" alt=\"\" data-voc-vtm-id=\"in-text-traffic\"\/><\/p>\n<p><\/a><\/p>\n<p class=\"v-p\">Los alumnos participaron en los preparativos de la gala cinematogr\u00e1fica y sembraron el terror con sus disfraces de brujas, zombies, vampiros, momias, fantasmas y otros muchos personajes que recobraron vida en la capital del Cerrato. Durante unas horas, los personas de las pel\u00edculas m\u00e1s terror\u00edficas inundaron las calles baltanasiegas, sembrando alegr\u00eda y p\u00e1nico entre todos los vecinos.<\/p>\n<p class=\"v-crt__t\"> L\u00edmite de sesiones alcanzadas<\/p>\n<p class=\"v-crt__p\">El acceso al contenido Premium est\u00e1 abierto por cortes\u00eda del establecimiento donde te encuentras, pero ahora mismo hay demasiados usuarios conectados a las vez.<\/p>\n<p class=\"v-crt__p\">Por favor, int\u00e9ntalo pasados unos minutos.<\/p>\n<p>\nVolver a intentar\n<\/p>\n<p class=\"v-crt__t\">Sesi\u00f3n cerrada<\/p>\n<p class=\"v-crt__p\">Al iniciar sesi\u00f3n desde un dispositivo distinto, por seguridad, se cerr\u00f3 la \u00faltima sesi\u00f3n en este.<\/p>\n<p class=\"v-crt__p\">Para continuar disfrutando de su suscripci\u00f3n digital, inicie sesi\u00f3n en este dispositivo.<\/p>\n<p>\nEste contenido es exclusivo para suscriptores\n<\/p>\n<p class=\"text\">\u00bfTienes una suscripci\u00f3n? <a href=\"https:\/\/secure.elnortedecastilla.es\/identidad\/inicio#vca=suscribete&amp;vso=elnortedecastilla&amp;vmc=on&amp;vli=cdn-ce-link-login\" class=\"login\" data-voc-vtm-id=\"comienzoSuscripcionON\" data-voc-vtm-info=\"cdn-ce-link-login\" rel=\"nofollow noopener\" target=\"_blank\">Inicia sesi\u00f3n<\/a><\/p>\n<p>Reporta un error<\/p>\n","protected":false},"excerpt":{"rendered":"Viernes, 7 de noviembre 2025, 19:39 Al igual que varios pueblos de la provincia, Baltan\u00e1s ha lucido sus&hellip;\n","protected":false},"author":2,"featured_media":225278,"comment_status":"","ping_status":"","sticky":false,"template":"","format":"standard","meta":{"footnotes":""},"categories":[169],"tags":[1014,447,21378,177,146,147,25,24,176,175,753,23,6667],"class_list":{"0":"post-225277","1":"post","2":"type-post","3":"status-publish","4":"format-standard","5":"has-post-thumbnail","7":"category-cine","8":"tag-actores","9":"tag-alumnos","10":"tag-baltanas","11":"tag-cine","12":"tag-entertainment","13":"tag-entretenimiento","14":"tag-es","15":"tag-espana","16":"tag-film","17":"tag-movies","18":"tag-peliculas","19":"tag-spain","20":"tag-terror"},"share_on_mastodon":{"url":"https:\/\/pubeurope.com\/@es\/115514848896200751","error":""},"_links":{"self":[{"href":"https:\/\/www.europesays.com\/es\/wp-json\/wp\/v2\/posts\/225277","targetHints":{"allow":["GET"]}}],"collection":[{"href":"https:\/\/www.europesays.com\/es\/wp-json\/wp\/v2\/posts"}],"about":[{"href":"https:\/\/www.europesays.com\/es\/wp-json\/wp\/v2\/types\/post"}],"author":[{"embeddable":true,"href":"https:\/\/www.europesays.com\/es\/wp-json\/wp\/v2\/users\/2"}],"replies":[{"embeddable":true,"href":"https:\/\/www.europesays.com\/es\/wp-json\/wp\/v2\/comments?post=225277"}],"version-history":[{"count":0,"href":"https:\/\/www.europesays.com\/es\/wp-json\/wp\/v2\/posts\/225277\/revisions"}],"wp:featuredmedia":[{"embeddable":true,"href":"https:\/\/www.europesays.com\/es\/wp-json\/wp\/v2\/media\/225278"}],"wp:attachment":[{"href":"https:\/\/www.europesays.com\/es\/wp-json\/wp\/v2\/media?parent=225277"}],"wp:term":[{"taxonomy":"category","embeddable":true,"href":"https:\/\/www.europesays.com\/es\/wp-json\/wp\/v2\/categories?post=225277"},{"taxonomy":"post_tag","embeddable":true,"href":"https:\/\/www.europesays.com\/es\/wp-json\/wp\/v2\/tags?post=225277"}],"curies":[{"name":"wp","href":"https:\/\/api.w.org\/{rel}","templated":true}]}}