{"id":225287,"date":"2025-11-08T15:50:07","date_gmt":"2025-11-08T15:50:07","guid":{"rendered":"https:\/\/www.europesays.com\/es\/225287\/"},"modified":"2025-11-08T15:50:07","modified_gmt":"2025-11-08T15:50:07","slug":"ultima-hora-de-la-actualidad-politica-en-directo-tellado-contrapone-la-corrupcion-sin-limites-del-psoe-frente-a-la-estabilidad-del-pp-andaluz-espana","status":"publish","type":"post","link":"https:\/\/www.europesays.com\/es\/225287\/","title":{"rendered":"\u00daltima hora de la actualidad pol\u00edtica, en directo | Tellado contrapone la \u201ccorrupci\u00f3n sin l\u00edmites\u201d del PSOE frente a la \u201cestabilidad\u201d del PP andaluz | Espa\u00f1a"},"content":{"rendered":"<p class=\"ev-title\">Tellado contrapone el PSOE \u201ccorrupto\u201d de los ERE y de S\u00e1nchez frente a la \u201cestabilidad\u201d del PP andaluz <\/p>\n<p>El secretario general del PP, Miguel Tellado, ha introducido la nota beligerante en el congreso regional de los populares andaluces que, lo que pretenden, es mantener un perfil bajo alejado de los \u201cpolitiqueos\u201d, tal y como el propio Juan Manuel Moreno ha dicho a la entrada este martes. La contenci\u00f3n no es el estilo de Tellado y as\u00ed lo ha demostrado en la tribuna, donde ha comparado la celebraci\u00f3n de este c\u00f3nclave con el que hace un a\u00f1o tuvo lugar en el mismo escenario en el que se reeligi\u00f3 a Pedro S\u00e1nchez como presidente del PSOE. \u201cEra la exposici\u00f3n universal de la corrupci\u00f3n socialista, solo falt\u00f3 que lo clausurara el Dioni, pero lo clausur\u00f3 Pedro S\u00e1nchez, que fue peor. C\u00f3mo aplaudieron a Chaves, a Gri\u00f1\u00e1n, a Almudena Alv\u00e1rez, a la banda de los ERE\u201d, ha dicho, para recordar que tambi\u00e9n se acord\u00f3 elegir a Santos Cerd\u00e1n como secretario de Organizaci\u00f3n de los socialistas.<\/p>\n<p>Tellado ha aprovechado para recordar que la candidata del PSOE de Andaluc\u00eda a la Junta, Mar\u00eda Jes\u00fas Montero, fue consejera en los Gobiernos de Chaves y Gri\u00f1\u00e1n y es la n\u00famero dos del Gobierno de Pedro S\u00e1nchez. \u201cHa sido un constante de cruce de caminos de la corrupci\u00f3n\u201d, ha se\u00f1alado. El dirigente popular no solo ha dado un posible eslogan de campa\u00f1a para su partido en las andaluzas: \u201cM\u00e1s Moreno y menos Montero\u201d, si no que ha hecho un desagradable comentario sobre la vicepresidenta primera del Gobierno, al hilo de las conversaciones que se filtraron entre ella y el ex secretario de Organizaci\u00f3n del partido, Jos\u00e9 Luis \u00c1balos. \u201cM\u00e1s que u\u00f1a y carne era un padrastro de \u00c1balos\u201d.<\/p>\n<p>El secretario de Organizaci\u00f3n del PP no ha aludido a Vox, cuyo auge en las encuestas es lo que realmente preocupa al equipo de Moreno de cara a revalidar la mayor\u00eda absoluta. Se ha centrado en criticar a Montero, que ahora mismo no le quita el sue\u00f1o al presidente de la Junta, y en la corrupci\u00f3n, precisamente un tema que en el Gobierno andaluz aseguran que no moviliza el voto en la comunidad.<\/p>\n","protected":false},"excerpt":{"rendered":"Tellado contrapone el PSOE \u201ccorrupto\u201d de los ERE y de S\u00e1nchez frente a la \u201cestabilidad\u201d del PP andaluz&hellip;\n","protected":false},"author":2,"featured_media":225288,"comment_status":"","ping_status":"","sticky":false,"template":"","format":"standard","meta":{"footnotes":""},"categories":[8],"tags":[6069,17,18,4456,6913,25,24,13,14,11,19,20,6910,9,10,15,16,957,2959,952,1670,956,45688,1699,6914,6912,23,4453,12,21,22,624,6911,4454],"class_list":{"0":"post-225287","1":"post","2":"type-post","3":"status-publish","4":"format-standard","5":"has-post-thumbnail","7":"category-espana","8":"tag-alberto-nunez-feijoo","9":"tag-breaking-news","10":"tag-breakingnews","11":"tag-congreso-diputados","12":"tag-debates-parlamentarios","13":"tag-es","14":"tag-espana","15":"tag-featured-news","16":"tag-featurednews","17":"tag-headlines","18":"tag-latest-news","19":"tag-latestnews","20":"tag-legislaturas-politicas","21":"tag-news","22":"tag-noticias","23":"tag-noticias-destacadas","24":"tag-noticiasdestacadas","25":"tag-partidos-politicos","26":"tag-pedro-sanchez","27":"tag-politica","28":"tag-politicos","29":"tag-pp","30":"tag-pp-a","31":"tag-psoe","32":"tag-santiago-abascal","33":"tag-senado","34":"tag-spain","35":"tag-sumar","36":"tag-titulares","37":"tag-ultimas-noticias","38":"tag-ultimasnoticias","39":"tag-vox","40":"tag-xv-legislatura-espana","41":"tag-yolanda-diaz"},"share_on_mastodon":{"url":"","error":"Validation failed: Text character limit of 500 exceeded"},"_links":{"self":[{"href":"https:\/\/www.europesays.com\/es\/wp-json\/wp\/v2\/posts\/225287","targetHints":{"allow":["GET"]}}],"collection":[{"href":"https:\/\/www.europesays.com\/es\/wp-json\/wp\/v2\/posts"}],"about":[{"href":"https:\/\/www.europesays.com\/es\/wp-json\/wp\/v2\/types\/post"}],"author":[{"embeddable":true,"href":"https:\/\/www.europesays.com\/es\/wp-json\/wp\/v2\/users\/2"}],"replies":[{"embeddable":true,"href":"https:\/\/www.europesays.com\/es\/wp-json\/wp\/v2\/comments?post=225287"}],"version-history":[{"count":0,"href":"https:\/\/www.europesays.com\/es\/wp-json\/wp\/v2\/posts\/225287\/revisions"}],"wp:featuredmedia":[{"embeddable":true,"href":"https:\/\/www.europesays.com\/es\/wp-json\/wp\/v2\/media\/225288"}],"wp:attachment":[{"href":"https:\/\/www.europesays.com\/es\/wp-json\/wp\/v2\/media?parent=225287"}],"wp:term":[{"taxonomy":"category","embeddable":true,"href":"https:\/\/www.europesays.com\/es\/wp-json\/wp\/v2\/categories?post=225287"},{"taxonomy":"post_tag","embeddable":true,"href":"https:\/\/www.europesays.com\/es\/wp-json\/wp\/v2\/tags?post=225287"}],"curies":[{"name":"wp","href":"https:\/\/api.w.org\/{rel}","templated":true}]}}