{"id":225297,"date":"2025-11-08T16:01:14","date_gmt":"2025-11-08T16:01:14","guid":{"rendered":"https:\/\/www.europesays.com\/es\/225297\/"},"modified":"2025-11-08T16:01:14","modified_gmt":"2025-11-08T16:01:14","slug":"el-truco-de-amelia-bono-para-llevar-menos-ropa-en-su-maleta-a-nueva-york","status":"publish","type":"post","link":"https:\/\/www.europesays.com\/es\/225297\/","title":{"rendered":"El truco de Amelia Bono para llevar menos ropa en su maleta a Nueva York"},"content":{"rendered":"<p id=\"eE-ntmUuNo\" data-wc=\"91\">El fin de semana pasado, <a class=\"hm-link ho-link\" href=\"https:\/\/www.hola.com\/moda\/20250821851328\/amelia-bono-zara-mango-vestido-transparente-marbella-looks-verano\/\" rel=\"noopener nofollow\" target=\"_blank\" data-mrf-recirculation=\"article-body-link\">Amelia Bono vol\u00f3 hasta Nueva York<\/a> para conocer la Gran Manzana de una manera diferente: corriendo su <a class=\"hm-link ho-link\" href=\"https:\/\/www.hola.com\/actualidad\/20251104865443\/amelia-bono-sofia-bono-hermanas-abrazo-maraton-nueva-york\/\" rel=\"noopener nofollow\" target=\"_blank\" data-mrf-recirculation=\"article-body-link\">primera marat\u00f3n<\/a>. La influencer\u00a0ha superado un impresionante reto, 42 kil\u00f3metros entre los rascacielos, y, tras este emocionante hito, ha aprovechado para disfrutar de la ciudad que nunca duerme junto a sus amigas. \u00abViaje incre\u00edble, con momentos que ser\u00e1n para siempre especiales, con gente maravillosa. \u00a1Muy feliz y afortunada!\u00bb ha escrito junto a varias instant\u00e1neas que resumen estos d\u00edas y que nos muestran<strong>\u00a0los looks elegidos para la escapada<\/strong>.<\/p>\n<p> <img src=\"https:\/\/www.europesays.com\/es\/wp-content\/uploads\/2025\/11\/43ea81d476d0-573072808185410158250175297604232354006507973n.jpg\"   width=\"768\" height=\"1024\" loading=\"lazy\" decoding=\"async\" alt=\"Media Image\" fetchpriority=\"auto\" class=\"image ho-image\"\/>\u00a9 @ameliabono<\/p>\n<p class=\"\" id=\"eTDE7uGTEVU\" data-wc=\"79\">Amelia ha demostrado en numerosas ocasiones estar muy al tanto de las \u00faltimas tendencias, y <strong>no tiene miedo de innovar con los dise\u00f1os m\u00e1s rompedores<\/strong>, pero, como buena experta en moda, tambi\u00e9n sabe que, muchas veces, menos es m\u00e1s. En esta ocasi\u00f3n, ha preferido apostar por b\u00e1sicos atemporales que siempre funcionan, estrategia que ahorra, adem\u00e1s, espacio en la maleta. Al optar por dise\u00f1os sencillos, es m\u00e1s f\u00e1cil que combinen entre s\u00ed, por lo que evitas llevar ropa de m\u00e1s.<\/p>\n<p>  <img src=\"https:\/\/www.europesays.com\/es\/wp-content\/uploads\/2025\/11\/06fd3a78ec56-post-maraton-disfrutando-de-esta-increble-y-maravillosa-ciudad-creo-que-es-l.jpg\"   width=\"1080\" height=\"1800\" loading=\"lazy\" decoding=\"async\" alt=\"Media Image\" fetchpriority=\"auto\" class=\"image ho-image\"\/>\u00a9 @ameliabono<\/p>\n<p>  <img src=\"https:\/\/www.europesays.com\/es\/wp-content\/uploads\/2025\/11\/4a421088add5-post-maraton-disfrutando-de-esta-increble-y-maravillosa-ciudad-creo-que-es-l.jpg\"   width=\"1080\" height=\"1800\" loading=\"lazy\" decoding=\"async\" alt=\"Media Image\" fetchpriority=\"auto\" class=\"image ho-image\"\/>\u00a9 @ameliabono<\/p>\n<p>Sus vaqueros preferidos<\/p>\n<p id=\"eqct8EWZPPA\" data-wc=\"79\">Los protagonistas indiscutibles de su maleta han sido los vaqueros, algo que no nos sorprende, puesto que son un b\u00e1sico fundamental en su armario durante todo el a\u00f1o. En verano, los lleva con cropped tops y blusas anchas, y, en invierno, los combina con capas y capas. Sus preferidos son<strong>\u00a0los anchos o de silueta acampanada<\/strong>, que aportan un toque m\u00e1s moderno y juvenil. En este viaje, los ha lucido en su versi\u00f3n azul cl\u00e1sica, pero tambi\u00e9n en gris.\u00a0<\/p>\n<p> <img src=\"https:\/\/www.europesays.com\/es\/wp-content\/uploads\/2025\/11\/f83b922713d7-post-maraton-disfrutando-de-esta-increble-y-maravillosa-ciudad-creo-que-es-l.jpg\"   width=\"768\" height=\"1024\" loading=\"lazy\" decoding=\"async\" alt=\"Media Image\" fetchpriority=\"auto\" class=\"image ho-image\"\/>\u00a9 @ameliabono<\/p>\n<p class=\"\" id=\"eiDJuw1-LY8\" data-wc=\"54\">Sus mejores aliados para hacer frente al fr\u00edo neoyorkino, los <strong>jers\u00e9is de punto anchos<\/strong>, siempre con abrigos de plumas y gorros de lana. A sus pies, deportivas estilo track\u00a0para recorrer las calles con absoluta comodidad, adem\u00e1s de ser un calzado de pura tendencia y sumar cent\u00edmetros de altura para alargar visualmente la figura.<\/p>\n<p> <img src=\"https:\/\/www.europesays.com\/es\/wp-content\/uploads\/2025\/11\/dd504057966b-ltimas-fotitos-de-ny-viaje-increble-con-momentos-que-sern-para-siempre-espe.jpg\"   width=\"768\" height=\"1024\" loading=\"lazy\" decoding=\"async\" alt=\"Media Image\" fetchpriority=\"auto\" class=\"image ho-image\"\/>\u00a9 @ameliabono<\/p>\n<p id=\"e8PMNcckag2\" data-wc=\"59\">Unos d\u00edas, fr\u00edo polar, y otros, subida de temperaturas, <strong>es lo que tiene el entretiempo<\/strong>. Por eso, Amelia, previsora, tambi\u00e9n incluy\u00f3 en su maleta una gabardina verde militar, un dise\u00f1o ancho de pura tendencia que llev\u00f3 con un top de punto negro, cintur\u00f3n a tono y joyas doradas. De nuevo, una apuesta minimalista y atemporal muy f\u00e1cil de combinar.<\/p>\n","protected":false},"excerpt":{"rendered":"El fin de semana pasado, Amelia Bono vol\u00f3 hasta Nueva York para conocer la Gran Manzana de una&hellip;\n","protected":false},"author":2,"featured_media":225298,"comment_status":"","ping_status":"","sticky":false,"template":"","format":"standard","meta":{"footnotes":""},"categories":[174],"tags":[1024,25811,255,146,147,25,24,256,1023,23],"class_list":{"0":"post-225297","1":"post","2":"type-post","3":"status-publish","4":"format-standard","5":"has-post-thumbnail","7":"category-famosos","8":"tag-actualidad-moda","9":"tag-amelia-bono","10":"tag-celebrities","11":"tag-entertainment","12":"tag-entretenimiento","13":"tag-es","14":"tag-espana","15":"tag-famosos","16":"tag-moda","17":"tag-spain"},"share_on_mastodon":{"url":"https:\/\/pubeurope.com\/@es\/115514919298386687","error":""},"_links":{"self":[{"href":"https:\/\/www.europesays.com\/es\/wp-json\/wp\/v2\/posts\/225297","targetHints":{"allow":["GET"]}}],"collection":[{"href":"https:\/\/www.europesays.com\/es\/wp-json\/wp\/v2\/posts"}],"about":[{"href":"https:\/\/www.europesays.com\/es\/wp-json\/wp\/v2\/types\/post"}],"author":[{"embeddable":true,"href":"https:\/\/www.europesays.com\/es\/wp-json\/wp\/v2\/users\/2"}],"replies":[{"embeddable":true,"href":"https:\/\/www.europesays.com\/es\/wp-json\/wp\/v2\/comments?post=225297"}],"version-history":[{"count":0,"href":"https:\/\/www.europesays.com\/es\/wp-json\/wp\/v2\/posts\/225297\/revisions"}],"wp:featuredmedia":[{"embeddable":true,"href":"https:\/\/www.europesays.com\/es\/wp-json\/wp\/v2\/media\/225298"}],"wp:attachment":[{"href":"https:\/\/www.europesays.com\/es\/wp-json\/wp\/v2\/media?parent=225297"}],"wp:term":[{"taxonomy":"category","embeddable":true,"href":"https:\/\/www.europesays.com\/es\/wp-json\/wp\/v2\/categories?post=225297"},{"taxonomy":"post_tag","embeddable":true,"href":"https:\/\/www.europesays.com\/es\/wp-json\/wp\/v2\/tags?post=225297"}],"curies":[{"name":"wp","href":"https:\/\/api.w.org\/{rel}","templated":true}]}}