{"id":225303,"date":"2025-11-08T16:05:16","date_gmt":"2025-11-08T16:05:16","guid":{"rendered":"https:\/\/www.europesays.com\/es\/225303\/"},"modified":"2025-11-08T16:05:16","modified_gmt":"2025-11-08T16:05:16","slug":"todo-lo-que-no-viste-de-los-los40-music-awards","status":"publish","type":"post","link":"https:\/\/www.europesays.com\/es\/225303\/","title":{"rendered":"todo lo que no viste de los LOS40 Music Awards"},"content":{"rendered":"<p id=\"eBV16Wf8_W\" data-wc=\"57\">Luces, m\u00fasica y mucha emoci\u00f3n. As\u00ed arranc\u00f3 la <strong>gran noche de los LOS40 Music Awards 2025<\/strong>, donde las estrellas no solo brillaron sobre el escenario\u2026 tambi\u00e9n entre mesas, risas y miradas c\u00f3mplices. \u00a1HOLA!\u00a0estuvo dentro y te contamos todo lo que no se vio en c\u00e1mara, desde gestos tiernos hasta reencuentros que levantaron m\u00e1s de una ceja.<\/p>\n<p> <img src=\"https:\/\/www.europesays.com\/es\/wp-content\/uploads\/2025\/11\/df8862d6c9f8-whatsapp-image-2025-11-07-at-184258-3.jpg\"   width=\"1024\" height=\"682\" loading=\"lazy\" decoding=\"async\" alt=\"Rosal\u00eda\" fetchpriority=\"auto\" class=\"image ho-image\"\/>\u00a9 GTRESLa primera aparici\u00f3n de Rosal\u00eda tras el estreno de &#8216;Lux&#8217; ha sido en Valencia<br \/>\nAitana y Plex, puro &#8216;feeling&#8217; en directo<\/p>\n<p id=\"ecUfe0Z6-Fh\" data-wc=\"93\">Fue uno de esos momentos que nadie planea, pero todos comentan. <strong>Cuando Aitana subi\u00f3 al escenario a recoger su premio, Plex la miraba con orgullo desde su mesa<\/strong>. Al volver, \u00e9l -en un gesto de lo m\u00e1s caballeroso- le retir\u00f3 la silla para que pudiera sentarse. Ella le regal\u00f3 una sonrisa y, poco despu\u00e9s, entre risas y confidencias, lleg\u00f3 el beso que encendi\u00f3 las redes. No fue un posado ni una casualidad, fue un instante real, dulce y espont\u00e1neo, <a class=\"hm-link ho-link\" href=\"https:\/\/www.hola.com\/actualidad\/20251104865619\/aitana-confiesa-enamorada-de-plex\/\" rel=\"noopener nofollow\" target=\"_blank\" data-mrf-recirculation=\"article-body-link\">que confirm\u00f3 lo que muchos ya intu\u00edan: la pareja est\u00e1 viviendo su mejor momento<\/a>.<\/p>\n<p> <img src=\"https:\/\/www.europesays.com\/es\/wp-content\/uploads\/2025\/11\/c39025da6318-dlu594317273.jpg\"   width=\"682\" height=\"1024\" loading=\"lazy\" decoding=\"async\" alt=\"Aitana cant\u00f3 'Perfect' en dueto junto a Ed Sheeran\" fetchpriority=\"auto\" class=\"image ho-image\"\/>\u00a9 GTRESAitana cant\u00f3 &#8216;Perfect&#8217; en dueto junto a Ed Sheeran<\/p>\n<p> <img src=\"https:\/\/www.europesays.com\/es\/wp-content\/uploads\/2025\/11\/526046427e50-dlu594317193.jpg\"   width=\"682\" height=\"1024\" loading=\"lazy\" decoding=\"async\" alt=\"Plex posa en la alfombra roja de Los40 Music Awards \" fetchpriority=\"auto\" class=\"image ho-image\"\/>\u00a9 GTRESPlex posa en la alfombra roja de Los40 Music Awards<br \/>\nRosal\u00eda, la reina absoluta del \u2018photocall\u2019 improvisado<\/p>\n<p id=\"eQpkyyg32aQ\" data-wc=\"82\">Y si hablamos de magnetismo, <strong>Rosal\u00eda fue la m\u00e1s buscada de la noche. Su mesa se convirti\u00f3 en parada obligatoria para casi todos los artistas<\/strong>: desde compa\u00f1eros de profesi\u00f3n hasta j\u00f3venes promesas, todos quer\u00edan saludarla, abrazarla y hacerse una foto con ella. Ella, radiante y cercana, respondi\u00f3 con la naturalidad que la caracteriza, repartiendo sonrisas y cari\u00f1o a partes iguales. No hubo rinc\u00f3n del recinto donde no se comentara su presencia: <a class=\"hm-link ho-link\" href=\"https:\/\/www.hola.com\/actualidad\/20251107866379\/rosalia-nuevo-disco-primeras-palabras\/\" rel=\"noopener nofollow\" target=\"_blank\" data-mrf-recirculation=\"article-body-link\">Rosal\u00eda sigue teniendo ese algo que convierte cualquier momento en historia<\/a>.<\/p>\n<p>Rosal\u00eda ha realizado su primera actuaci\u00f3n de &#8216;Lux&#8217;, su nuevo disco, en la ceremonia celebrada en Valencia<\/p>\n<p>Dani Fern\u00e1ndez y \u00c1lvaro de Luna: amigos, hermanos y c\u00f3mplices de escenario<\/p>\n<p id=\"eR6enbnX--Y\" data-wc=\"74\">Entre los asistentes, la <strong>complicidad entre Dani Fern\u00e1ndez y \u00c1lvaro de Luna fue otro de los grandes titulares<\/strong>. Compartieron conversaci\u00f3n, an\u00e9cdotas y carcajadas, y no dudaron en levantarse para hablar entre ellos. Los dos artistas, que se entienden con solo mirarse, demostraron una vez m\u00e1s que <strong>su amistad est\u00e1 forjada entre giras, confidencias y mucha m\u00fasica<\/strong>. Se les vio brindando y bromeando: dos artistas con alma, unidos por una conexi\u00f3n que traspasa los escenarios.<\/p>\n<p> <img src=\"https:\/\/www.europesays.com\/es\/wp-content\/uploads\/2025\/11\/f21273843316-dlu594317209.jpg\"   width=\"682\" height=\"1024\" loading=\"lazy\" decoding=\"async\" alt=\"Dani Fern\u00e1ndez\" fetchpriority=\"auto\" class=\"image ho-image\"\/>\u00a9 GTRESDani Fern\u00e1ndez<\/p>\n<p> <img src=\"https:\/\/www.europesays.com\/es\/wp-content\/uploads\/2025\/11\/fec22a056de7-dlu594317352.jpg\"   width=\"682\" height=\"1024\" loading=\"lazy\" decoding=\"async\" alt=\"\u00c1lvaro de Luna\" fetchpriority=\"auto\" class=\"image ho-image\"\/>\u00a9 GTRES\u00c1lvaro de Luna<br \/>\nLo que nadie vio: charlas entre mesas y rumores que se disipan<\/p>\n<p id=\"eUfzk0Bd6lv\" data-wc=\"67\">Porque en los LOS40 Music Awards, la verdadera gala tambi\u00e9n se vive entre mesas. En ese ir y venir constante, vimos escenas que no captaron las c\u00e1maras, pero s\u00ed las miradas curiosas. Por ejemplo, <strong>Ana Mena y Abraham Mateo protagonizaron una de las conversaciones m\u00e1s animadas<\/strong> de la noche. Los artistas demostraron que la complicidad de sus inicios sigue intacta. \u00bfTendremos pr\u00f3xima colaboraci\u00f3n juntos? \u00bfUn nuevo tema?<\/p>\n<p> <img src=\"https:\/\/www.europesays.com\/es\/wp-content\/uploads\/2025\/11\/0c8649b2ef4f-dlu594317298.jpg\"   width=\"1024\" height=\"682\" loading=\"lazy\" decoding=\"async\" alt=\"Ana Mena \" fetchpriority=\"auto\" class=\"image ho-image\"\/>\u00a9 GTRESAna Mena <\/p>\n<p id=\"eAWWpqBSaUM\" data-wc=\"56\">Y atenci\u00f3n, porque tambi\u00e9n hubo momento rom\u00e1ntico: <strong>Sof\u00eda Surfers y Dani Castilla se mostraron m\u00e1s unidos que nunca, poniendo fin a los rumores de crisis<\/strong> que circulaban en las \u00faltimas semanas. Se les vio riendo, compartiendo confidencias y, sobre todo, disfrutando de la gala. Su lenguaje corporal lo dec\u00eda todo: lo suyo sigue viento en popa.<\/p>\n<p> <img src=\"https:\/\/www.europesays.com\/es\/wp-content\/uploads\/2025\/11\/dea461f43cc5-dlu594317318.jpg\"   width=\"682\" height=\"1024\" loading=\"lazy\" decoding=\"async\" alt=\"Sofia Surferss y Dani Castilla zanjaron los rumores de crisis\" fetchpriority=\"auto\" class=\"image ho-image\"\/>\u00a9 GTRESSofia Surferss y Dani Castilla zanjaron los rumores de crisis<br \/>\nEl men\u00fa<\/p>\n<p id=\"ew5YgJDe0Tv\" data-wc=\"79\"><strong>Pero, \u00bfqu\u00e9 cenaron los artistas?<\/strong> Los invitados disfrutaron de jam\u00f3n ib\u00e9rico, una delicada berenjena a la llama con miso de albahaca y un meloso con parmentier que arranc\u00f3 aplausos en m\u00e1s de una mesa. Una noche en la que la m\u00fasica fue el hilo conductor, pero las miradas, los gestos y <strong>las historias compartidas fueron lo que realmente hicieron brillar la gala<\/strong>. Porque en LOS40 Music Awards, el espect\u00e1culo no solo est\u00e1 en el escenario\u2026 tambi\u00e9n en el post.<\/p>\n<p>Primeras im\u00e1genes de Chiara Ferragni tras su juicio&#8230; \u00a1y en Espa\u00f1a!<\/p>\n","protected":false},"excerpt":{"rendered":"Luces, m\u00fasica y mucha emoci\u00f3n. As\u00ed arranc\u00f3 la gran noche de los LOS40 Music Awards 2025, donde las&hellip;\n","protected":false},"author":2,"featured_media":225304,"comment_status":"","ping_status":"","sticky":false,"template":"","format":"standard","meta":{"footnotes":""},"categories":[170],"tags":[517,5521,146,147,25,24,184,185,4147,23],"class_list":{"0":"post-225303","1":"post","2":"type-post","3":"status-publish","4":"format-standard","5":"has-post-thumbnail","7":"category-musica","8":"tag-actualidad","9":"tag-aitana-ocana","10":"tag-entertainment","11":"tag-entretenimiento","12":"tag-es","13":"tag-espana","14":"tag-music","15":"tag-musica","16":"tag-rosalia","17":"tag-spain"},"share_on_mastodon":{"url":"https:\/\/pubeurope.com\/@es\/115514935232732897","error":""},"_links":{"self":[{"href":"https:\/\/www.europesays.com\/es\/wp-json\/wp\/v2\/posts\/225303","targetHints":{"allow":["GET"]}}],"collection":[{"href":"https:\/\/www.europesays.com\/es\/wp-json\/wp\/v2\/posts"}],"about":[{"href":"https:\/\/www.europesays.com\/es\/wp-json\/wp\/v2\/types\/post"}],"author":[{"embeddable":true,"href":"https:\/\/www.europesays.com\/es\/wp-json\/wp\/v2\/users\/2"}],"replies":[{"embeddable":true,"href":"https:\/\/www.europesays.com\/es\/wp-json\/wp\/v2\/comments?post=225303"}],"version-history":[{"count":0,"href":"https:\/\/www.europesays.com\/es\/wp-json\/wp\/v2\/posts\/225303\/revisions"}],"wp:featuredmedia":[{"embeddable":true,"href":"https:\/\/www.europesays.com\/es\/wp-json\/wp\/v2\/media\/225304"}],"wp:attachment":[{"href":"https:\/\/www.europesays.com\/es\/wp-json\/wp\/v2\/media?parent=225303"}],"wp:term":[{"taxonomy":"category","embeddable":true,"href":"https:\/\/www.europesays.com\/es\/wp-json\/wp\/v2\/categories?post=225303"},{"taxonomy":"post_tag","embeddable":true,"href":"https:\/\/www.europesays.com\/es\/wp-json\/wp\/v2\/tags?post=225303"}],"curies":[{"name":"wp","href":"https:\/\/api.w.org\/{rel}","templated":true}]}}