{"id":225307,"date":"2025-11-08T16:07:07","date_gmt":"2025-11-08T16:07:07","guid":{"rendered":"https:\/\/www.europesays.com\/es\/225307\/"},"modified":"2025-11-08T16:07:07","modified_gmt":"2025-11-08T16:07:07","slug":"hansi-flick-hay-que-cuidar-a-lamine-yamal-tambien-en-la-seleccion-futbol-deportes","status":"publish","type":"post","link":"https:\/\/www.europesays.com\/es\/225307\/","title":{"rendered":"Hansi Flick: \u201cHay que cuidar a Lamine Yamal, tambi\u00e9n en la selecci\u00f3n\u201d | F\u00fatbol | Deportes"},"content":{"rendered":"<p class=\"\"><a href=\"https:\/\/elpais.com\/deportes\/futbol\/2025-11-08\/un-ano-de-rastreo-del-discurso-de-odio-en-redes-lamine-yamal-a-quien-llaman-moro-de-mierda-concentra-el-60-de-los-ataques-racistas.html\" target=\"_self\" rel=\"nofollow noopener\" title=\"https:\/\/elpais.com\/deportes\/futbol\/2025-11-08\/un-ano-de-rastreo-del-discurso-de-odio-en-redes-lamine-yamal-a-quien-llaman-moro-de-mierda-concentra-el-60-de-los-ataques-racistas.html\">Lamine Yamal<\/a> y su convocatoria con la selecci\u00f3n para el pr\u00f3ximo par\u00f3n volvi\u00f3 a ser uno de los temas centrales de la rueda de prensa de Hansi Flick previa al encuentro ante el Celta de Vigo. \u201cEst\u00e1 recuperando su nivel, pero todav\u00eda no est\u00e1 al 100%. A\u00fan tiene molestias. Hay que cuidarlo, no solo aqu\u00ed, tambi\u00e9n en la selecci\u00f3n, que creo que tambi\u00e9n lo hacen. Es todo lo que puedo decir\u201d, asegur\u00f3 el t\u00e9cnico azulgrana. Flick ratific\u00f3 que no se ha puesto en contacto con Luis de la Fuente \u2014\u201cNo, no he hablado [con ellos]\u201d, dijo refiri\u00e9ndose a los entrenadores nacionales\u2014, para quien no pas\u00f3 desapercibida la actuaci\u00f3n de Lamine el pasado mi\u00e9rcoles en Brujas. \u201cCreo que est\u00e1 en perfectas condiciones\u201d, afirm\u00f3 el seleccionador este viernes tras presentar la convocatoria para los pr\u00f3ximos partidos de La Roja ante Georgia y Turqu\u00eda a partir de la semana que viene.<\/p>\n<p>M\u00e1s informaci\u00f3n<\/p>\n<p class=\"\">Horas despu\u00e9s, el presidente Joan Laporta, tras el entrenamiento abierto en el Camp Nou, respondi\u00f3: \u201cLo entiendo como un reconocimiento. Es el mejor en su posici\u00f3n y es normal que le llamen. Me gustar\u00eda que se dosifique. Espa\u00f1a creo que ya est\u00e1 casi clasificada. Pero no quiero condicionar ninguna decisi\u00f3n del seleccionador\u201d. Flick, por su parte, fue m\u00e1s discreto al ser preguntado sobre las palabras de su presidente: \u201cPido lo mismo que cuando juega aqu\u00ed: que le cuiden\u201d. Tanto Federaci\u00f3n como club comparten el objetivo com\u00fan de proteger al delantero. Pero estos los \u00faltimos meses, la convocatoria del 10 azulgrana, la cantidad de minutos disputados y sus molestias en el pubis han sido materia habitual en ruedas de prensa de ambos entrenadores. <\/p>\n<p class=\"\">Mientras, <a href=\"https:\/\/elpais.com\/deportes\/futbol\/2025-11-06\/solo-lamine-vuelve-a-ser-lamine-en-el-barca-de-flick-recuperado-fisicamente-y-calmado-en-lo-emocional.html\" target=\"_self\" rel=\"nofollow noopener\" title=\"https:\/\/elpais.com\/deportes\/futbol\/2025-11-06\/solo-lamine-vuelve-a-ser-lamine-en-el-barca-de-flick-recuperado-fisicamente-y-calmado-en-lo-emocional.html\">Lamine se ha centrado en coger ritmo sobre el c\u00e9sped<\/a>. \u201cSe ha hablado mucho de mi pubalgia, o de que estaba demasiado triste. Pero yo estaba igual que siempre: concentrado en lo m\u00edo e intentar jugar a este nivel, que es como mejor me siento y mejor me lo paso\u201d, lanz\u00f3 el 10 del Bar\u00e7a tras el empate ante el Brujas. \u201c\u00c9l ha cambiado su disciplina, es mucho mejor. Est\u00e1 entrenando muy bien, tambi\u00e9n en el gimnasio. Sigue tratamiento diario. Es muy importante para su lesi\u00f3n que est\u00e9 haciendo esto\u201d, remat\u00f3 Flick este s\u00e1bado, que ya ha advertido en diversas ocasiones que aun as\u00ed el problema f\u00edsico de Lamine no est\u00e1 superado del todo. <\/p>\n<p class=\"\">Lamine volvi\u00f3 a ser \u00e9l en Brujas, pero no el Bar\u00e7a. \u201cEn Brujas no se vio el esp\u00edritu de lucha que necesitamos. Espero que ma\u00f1ana lo veamos\u201d, lanz\u00f3 Flick, que a su vez neg\u00f3 falta de compromiso de los futbolistas. El delantero azulgrana regresar\u00e1 el pr\u00f3ximo lunes a Las Rozas, pero antes, el domingo, tendr\u00e1 que pasar por Bala\u00eddos ante un Celta que llega lanzado.<\/p>\n","protected":false},"excerpt":{"rendered":"Lamine Yamal y su convocatoria con la selecci\u00f3n para el pr\u00f3ximo par\u00f3n volvi\u00f3 a ser uno de los&hellip;\n","protected":false},"author":2,"featured_media":225308,"comment_status":"","ping_status":"","sticky":false,"template":"","format":"standard","meta":{"footnotes":""},"categories":[93],"tags":[1540,168,1539,25,24,881,4970,282,1538,8138,35718,1550,3714,23,167],"class_list":{"0":"post-225307","1":"post","2":"type-post","3":"status-publish","4":"format-standard","5":"has-post-thumbnail","7":"category-deportes","8":"tag-competiciones","9":"tag-deportes","10":"tag-entrenadores","11":"tag-es","12":"tag-espana","13":"tag-fc-barcelona","14":"tag-flick","15":"tag-futbol","16":"tag-futbolistas","17":"tag-lamine-yamal","18":"tag-luis-de-la-fuente","19":"tag-rfef","20":"tag-seleccion-espanola","21":"tag-spain","22":"tag-sports"},"share_on_mastodon":{"url":"https:\/\/pubeurope.com\/@es\/115514942683415084","error":""},"_links":{"self":[{"href":"https:\/\/www.europesays.com\/es\/wp-json\/wp\/v2\/posts\/225307","targetHints":{"allow":["GET"]}}],"collection":[{"href":"https:\/\/www.europesays.com\/es\/wp-json\/wp\/v2\/posts"}],"about":[{"href":"https:\/\/www.europesays.com\/es\/wp-json\/wp\/v2\/types\/post"}],"author":[{"embeddable":true,"href":"https:\/\/www.europesays.com\/es\/wp-json\/wp\/v2\/users\/2"}],"replies":[{"embeddable":true,"href":"https:\/\/www.europesays.com\/es\/wp-json\/wp\/v2\/comments?post=225307"}],"version-history":[{"count":0,"href":"https:\/\/www.europesays.com\/es\/wp-json\/wp\/v2\/posts\/225307\/revisions"}],"wp:featuredmedia":[{"embeddable":true,"href":"https:\/\/www.europesays.com\/es\/wp-json\/wp\/v2\/media\/225308"}],"wp:attachment":[{"href":"https:\/\/www.europesays.com\/es\/wp-json\/wp\/v2\/media?parent=225307"}],"wp:term":[{"taxonomy":"category","embeddable":true,"href":"https:\/\/www.europesays.com\/es\/wp-json\/wp\/v2\/categories?post=225307"},{"taxonomy":"post_tag","embeddable":true,"href":"https:\/\/www.europesays.com\/es\/wp-json\/wp\/v2\/tags?post=225307"}],"curies":[{"name":"wp","href":"https:\/\/api.w.org\/{rel}","templated":true}]}}