{"id":225336,"date":"2025-11-08T16:31:09","date_gmt":"2025-11-08T16:31:09","guid":{"rendered":"https:\/\/www.europesays.com\/es\/225336\/"},"modified":"2025-11-08T16:31:09","modified_gmt":"2025-11-08T16:31:09","slug":"el-uso-de-estimulantes-para-el-tdah-podria-ser-historia","status":"publish","type":"post","link":"https:\/\/www.europesays.com\/es\/225336\/","title":{"rendered":"El uso de estimulantes para el TDAH podr\u00eda ser historia"},"content":{"rendered":"<p class=\"paragraph-atom &#10;        B-500-300-700-N B-550-300-700-N--md  \">La investigaci\u00f3n sobre <a href=\"https:\/\/www.atlantico.net\/temas\/tdah\/\" rel=\"nofollow noopener\" target=\"_blank\">TDAH<\/a> est\u00e1 atravesando un <strong>momento de transici\u00f3n<\/strong>. Los avances en <strong>farmacolog\u00eda, neurociencia y tecnolog\u00eda<\/strong> est\u00e1n ampliando nuestras posibilidades de comprensi\u00f3n y tratamiento, pero tambi\u00e9n han dejado en evidencia <strong>deficiencias metodol\u00f3gicas y \u00e9ticas<\/strong> que deben corregirse.<\/p>\n<p class=\"paragraph-atom &#10;        B-500-300-700-N B-550-300-700-N--md  \">El <strong>Trastorno por D\u00e9ficit de Atenci\u00f3n e Hiperactividad (TDAH)<\/strong> contin\u00faa siendo uno de los temas m\u00e1s estudiados y debatidos en <strong>neurociencia y salud mental<\/strong>. Durante los \u00faltimos a\u00f1os, la investigaci\u00f3n ha avanzado hacia una <strong>comprensi\u00f3n m\u00e1s matizada del trastorno<\/strong>, incorporando <strong>nuevas tecnolog\u00edas<\/strong>, <strong>enfoques interdisciplinarios<\/strong> y una <strong>mirada cr\u00edtica<\/strong> a los m\u00e9todos tradicionales de diagn\u00f3stico y tratamiento. Sin embargo, persisten <strong>importantes vac\u00edos cient\u00edficos<\/strong> que condicionan tanto la pr\u00e1ctica cl\u00ednica como las pol\u00edticas p\u00fablicas.<\/p>\n<p class=\"paragraph-atom &#10;        B-500-300-700-N B-550-300-700-N--md  \">Una de las \u00e1reas de mayor desarrollo en 2025 es la <strong>farmacoterapia del TDAH<\/strong>. Una revisi\u00f3n publicada recientemente en Naunyn-Schmiedeberg\u2019s Archives of Pharmacology explora las <strong>nuevas fronteras del tratamiento farmacol\u00f3gico<\/strong>, que incluyen no solo los <strong>estimulantes cl\u00e1sicos<\/strong> (como metilfenidato o anfetaminas), sino tambi\u00e9n <strong>medicamentos no estimulantes<\/strong> y <strong>tecnolog\u00edas complementarias<\/strong>, como <strong>dispositivos digitales<\/strong> que estimulan regiones espec\u00edficas del cerebro o ayudan a regular la atenci\u00f3n.<\/p>\n<p class=\"paragraph-atom &#10;        B-500-300-700-N B-550-300-700-N--md  \">Adem\u00e1s, el <strong>uso responsable de medicaci\u00f3n<\/strong> para TDAH podr\u00eda estar asociado con una <strong>reducci\u00f3n del riesgo de conductas suicidas<\/strong>, lo que refuerza la necesidad de considerar los <strong>beneficios integrales del tratamiento<\/strong> m\u00e1s all\u00e1 del control sintom\u00e1tico.<\/p>\n<p>        <strong>Diagn\u00f3stico por IA<\/strong><\/p>\n<p class=\"paragraph-atom &#10;        B-500-300-700-N B-550-300-700-N--md  \">Otro de los campos m\u00e1s prometedores es la <strong>aplicaci\u00f3n de la inteligencia artificial (IA)<\/strong> y el <strong>aprendizaje autom\u00e1tico<\/strong> al diagn\u00f3stico y evaluaci\u00f3n del TDAH. Una <strong>revisi\u00f3n global de 2025<\/strong> recopil\u00f3 m\u00e1s de <strong>340 art\u00edculos de 50 pa\u00edses<\/strong> y concluy\u00f3 que el uso de <strong>algoritmos de IA<\/strong> para identificar <strong>patrones de comportamiento, actividad cerebral o variables cognitivas<\/strong> es un \u00e1rea de investigaci\u00f3n en r\u00e1pido crecimiento. Estas herramientas podr\u00edan ofrecer <strong>diagn\u00f3sticos m\u00e1s objetivos<\/strong> y mejorar la <strong>estratificaci\u00f3n de los pacientes<\/strong>, aunque los expertos advierten que a\u00fan se requiere <strong>validaci\u00f3n cl\u00ednica<\/strong> antes de su aplicaci\u00f3n generalizada.<\/p>\n<p class=\"paragraph-atom &#10;        B-500-300-700-N B-550-300-700-N--md  \">Contrario a la percepci\u00f3n popular de que los diagn\u00f3sticos de TDAH se han disparado, los <strong>estudios recientes muestran una realidad m\u00e1s matizada<\/strong>. Un <strong>an\u00e1lisis longitudinal (2016-2023)<\/strong> observ\u00f3 que, en adultos, la <strong>incidencia disminuy\u00f3 hasta 2020<\/strong> y luego <strong>aument\u00f3 ligeramente<\/strong>, mientras que en adolescentes se <strong>mantuvo estable<\/strong>. Estas variaciones sugieren que m\u00e1s que un aumento real de casos, podr\u00eda existir un <strong>cambio en las pr\u00e1cticas de diagn\u00f3stico<\/strong> y en la <strong>visibilidad del trastorno<\/strong>, especialmente tras la pandemia.<\/p>\n<p>        <strong>Sesgos y evaluaci\u00f3n<\/strong><\/p>\n<p class=\"paragraph-atom &#10;        B-500-300-700-N B-550-300-700-N--md  \">Las <strong>nuevas revisiones<\/strong> tambi\u00e9n est\u00e1n revelando <strong>deficiencias estructurales<\/strong> en la forma en que se diagnostica el TDAH. Investigaciones recientes destacan la <strong>presencia de sesgos de g\u00e9nero<\/strong>, donde <strong>mujeres y ni\u00f1as suelen ser diagnosticadas m\u00e1s tarde o de forma incorrecta<\/strong>, al presentar s\u00edntomas menos disruptivos y m\u00e1s internalizados. Adem\u00e1s, la <strong>evaluaci\u00f3n cl\u00ednica var\u00eda<\/strong> significativamente seg\u00fan los <strong>criterios utilizados<\/strong> y las <strong>herramientas aplicadas<\/strong>, lo que subraya la necesidad de <strong>estandarizar los procesos<\/strong> y <strong>capacitar mejor a los profesionales<\/strong>.<\/p>\n<p class=\"paragraph-atom &#10;        B-500-300-700-N B-550-300-700-N--md  \">En adultos, la situaci\u00f3n es a\u00fan m\u00e1s compleja. Un estudio conjunto entre la <strong>Universidad de Copenhague<\/strong> y la <strong>Universidad de S\u00e3o Paulo<\/strong> detect\u00f3 <strong>deficiencias metodol\u00f3gicas graves<\/strong> en <strong>ensayos cl\u00ednicos sobre TDAH adulto<\/strong>, incluyendo una <strong>falta de control de comorbilidades<\/strong> y <strong>criterios poco consistentes<\/strong> para la inclusi\u00f3n de participantes. Esto <strong>pone en duda parte de la evidencia<\/strong> sobre la <strong>eficacia de ciertos tratamientos<\/strong> en este grupo etario.<\/p>\n<p>        <strong>Impacto social<\/strong><\/p>\n<p class=\"paragraph-atom &#10;        B-500-300-700-N B-550-300-700-N--md  \">En paralelo, el <strong>auge de las redes sociales<\/strong> ha influido notablemente en la <strong>percepci\u00f3n p\u00fablica del TDAH<\/strong>. Un estudio de la <strong>Universidad de British Columbia<\/strong> analiz\u00f3 contenido de <strong>TikTok<\/strong> y observ\u00f3 una <strong>tendencia a romantizar y banalizar el TDAH<\/strong>, con v\u00eddeos que promueven la <strong>autodiagnosis<\/strong> o difunden <strong>informaci\u00f3n inexacta<\/strong>. Este fen\u00f3meno contribuye a la <strong>confusi\u00f3n social<\/strong> sobre lo que realmente implica vivir con el trastorno y plantea un <strong>nuevo reto para la divulgaci\u00f3n cient\u00edfica y la educaci\u00f3n en salud mental<\/strong>.<\/p>\n","protected":false},"excerpt":{"rendered":"La investigaci\u00f3n sobre TDAH est\u00e1 atravesando un momento de transici\u00f3n. Los avances en farmacolog\u00eda, neurociencia y tecnolog\u00eda est\u00e1n&hellip;\n","protected":false},"author":2,"featured_media":225337,"comment_status":"","ping_status":"","sticky":false,"template":"","format":"standard","meta":{"footnotes":""},"categories":[92],"tags":[25,24,59557,165,448,166,23,33811],"class_list":{"0":"post-225336","1":"post","2":"type-post","3":"status-publish","4":"format-standard","5":"has-post-thumbnail","7":"category-salud","8":"tag-es","9":"tag-espana","10":"tag-estimulantes","11":"tag-health","12":"tag-historia","13":"tag-salud","14":"tag-spain","15":"tag-tdah"},"share_on_mastodon":{"url":"https:\/\/pubeurope.com\/@es\/115515037067830389","error":""},"_links":{"self":[{"href":"https:\/\/www.europesays.com\/es\/wp-json\/wp\/v2\/posts\/225336","targetHints":{"allow":["GET"]}}],"collection":[{"href":"https:\/\/www.europesays.com\/es\/wp-json\/wp\/v2\/posts"}],"about":[{"href":"https:\/\/www.europesays.com\/es\/wp-json\/wp\/v2\/types\/post"}],"author":[{"embeddable":true,"href":"https:\/\/www.europesays.com\/es\/wp-json\/wp\/v2\/users\/2"}],"replies":[{"embeddable":true,"href":"https:\/\/www.europesays.com\/es\/wp-json\/wp\/v2\/comments?post=225336"}],"version-history":[{"count":0,"href":"https:\/\/www.europesays.com\/es\/wp-json\/wp\/v2\/posts\/225336\/revisions"}],"wp:featuredmedia":[{"embeddable":true,"href":"https:\/\/www.europesays.com\/es\/wp-json\/wp\/v2\/media\/225337"}],"wp:attachment":[{"href":"https:\/\/www.europesays.com\/es\/wp-json\/wp\/v2\/media?parent=225336"}],"wp:term":[{"taxonomy":"category","embeddable":true,"href":"https:\/\/www.europesays.com\/es\/wp-json\/wp\/v2\/categories?post=225336"},{"taxonomy":"post_tag","embeddable":true,"href":"https:\/\/www.europesays.com\/es\/wp-json\/wp\/v2\/tags?post=225336"}],"curies":[{"name":"wp","href":"https:\/\/api.w.org\/{rel}","templated":true}]}}