{"id":225344,"date":"2025-11-08T16:35:07","date_gmt":"2025-11-08T16:35:07","guid":{"rendered":"https:\/\/www.europesays.com\/es\/225344\/"},"modified":"2025-11-08T16:35:07","modified_gmt":"2025-11-08T16:35:07","slug":"la-policia-busca-a-una-mujer-que-lanzo-cafe-hirviendo-a-una-empleada-de-mcdonalds-tras-una-discusion","status":"publish","type":"post","link":"https:\/\/www.europesays.com\/es\/225344\/","title":{"rendered":"La polic\u00eda busca a una mujer que lanz\u00f3 caf\u00e9 hirviendo a una empleada de McDonald&#8217;s tras una discusi\u00f3n"},"content":{"rendered":"<p class=\"c-paragraph\">La polic\u00eda de Michigan (EEUU) busca a una mujer que<b> lanz\u00f3 un vaso de caf\u00e9 hirviendo <\/b>a una empleada de un <a href=\"https:\/\/www.20minutos.es\/tags\/instituciones-empresas\/mcdonalds.html\" title=\"McDonald&#039;s\" rel=\"nofollow noopener\" target=\"_blank\">McDonald&#8217;s<\/a> con la que tuvo una discusi\u00f3n el martes de esta semana.<\/p>\n<p class=\"c-paragraph\">El suceso fue captado por una c\u00e1mara de seguridad y las im\u00e1genes se han hecho virales en redes sociales. En ellas se ve c\u00f3mo la agresora exclama <b>\u00ab\u00a1Que te jodan, zorra!\u00bb<\/b> mientras lanza el l\u00edquido a la empleada.<\/p>\n<p class=\"c-paragraph\">Al parecer, la discusi\u00f3n se hab\u00eda originado por un reembolso que exig\u00eda la agresora. En el v\u00eddeo se ve c\u00f3mo la empleada grita de dolor. Seg\u00fan el\u00a0<a href=\"https:\/\/www.mirror.co.uk\/news\/us-news\/mcdonalds-customer-hurls-scorching-hot-36210597\" rel=\"nofollow noreferrer noopener\" target=\"_blank\" title=\"McDonald\u2019s customer hurls scorching hot coffee at manager after refund row\">Mirror<\/a>, la trabajadora de la cadena de hamburgueser\u00edas <b>sufre quemaduras de car\u00e1cter leve<\/b> debido a la agresi\u00f3n.<\/p>\n<p class=\"c-paragraph\">Los hechos sucedieron en el condado de Saginaw. El detective <b>Russ Pahssen<\/b>, de la polic\u00eda del municipio de Buena Vista, declar\u00f3 que la agresora ya ha sido identificada, pero a\u00fan no localizada.\u00a0<\/p>\n<p class=\"c-paragraph\">\u00abSupimos qui\u00e9n era muy r\u00e1pido. Enseguida, mucha gente empez\u00f3 a contactarme\u00bb, dijo Pahssen. Las autoridades<b> han emitido una orden de arresto <\/b>contra ella y afirman que podr\u00eda enfrentar cargos por agresi\u00f3n grave.<\/p>\n<p class=\"c-paragraph\">Los agentes del condado de Saginaw esperan detener a la mujer en los pr\u00f3ximos d\u00edas y advierten que \u00abarrojar caf\u00e9 caliente a alguien no solo es una falta de educaci\u00f3n, <b>sino un delito\u00bb.<\/b><\/p>\n","protected":false},"excerpt":{"rendered":"La polic\u00eda de Michigan (EEUU) busca a una mujer que lanz\u00f3 un vaso de caf\u00e9 hirviendo a una&hellip;\n","protected":false},"author":2,"featured_media":225345,"comment_status":"","ping_status":"","sticky":false,"template":"","format":"standard","meta":{"footnotes":""},"categories":[42],"tags":[17,18,331,13,14,11,61,62,63,64,19,20,2461,9,10,15,16,586,2074,12,21,22,20877,65,66,67],"class_list":{"0":"post-225344","1":"post","2":"type-post","3":"status-publish","4":"format-standard","5":"has-post-thumbnail","7":"category-internacional","8":"tag-breaking-news","9":"tag-breakingnews","10":"tag-busca","11":"tag-featured-news","12":"tag-featurednews","13":"tag-headlines","14":"tag-internacional","15":"tag-international","16":"tag-international-news","17":"tag-internationalnews","18":"tag-latest-news","19":"tag-latestnews","20":"tag-mujer","21":"tag-news","22":"tag-noticias","23":"tag-noticias-destacadas","24":"tag-noticiasdestacadas","25":"tag-policia","26":"tag-que","27":"tag-titulares","28":"tag-ultimas-noticias","29":"tag-ultimasnoticias","30":"tag-una","31":"tag-world","32":"tag-world-news","33":"tag-worldnews"},"share_on_mastodon":{"url":"https:\/\/pubeurope.com\/@es\/115515052840866315","error":""},"_links":{"self":[{"href":"https:\/\/www.europesays.com\/es\/wp-json\/wp\/v2\/posts\/225344","targetHints":{"allow":["GET"]}}],"collection":[{"href":"https:\/\/www.europesays.com\/es\/wp-json\/wp\/v2\/posts"}],"about":[{"href":"https:\/\/www.europesays.com\/es\/wp-json\/wp\/v2\/types\/post"}],"author":[{"embeddable":true,"href":"https:\/\/www.europesays.com\/es\/wp-json\/wp\/v2\/users\/2"}],"replies":[{"embeddable":true,"href":"https:\/\/www.europesays.com\/es\/wp-json\/wp\/v2\/comments?post=225344"}],"version-history":[{"count":0,"href":"https:\/\/www.europesays.com\/es\/wp-json\/wp\/v2\/posts\/225344\/revisions"}],"wp:featuredmedia":[{"embeddable":true,"href":"https:\/\/www.europesays.com\/es\/wp-json\/wp\/v2\/media\/225345"}],"wp:attachment":[{"href":"https:\/\/www.europesays.com\/es\/wp-json\/wp\/v2\/media?parent=225344"}],"wp:term":[{"taxonomy":"category","embeddable":true,"href":"https:\/\/www.europesays.com\/es\/wp-json\/wp\/v2\/categories?post=225344"},{"taxonomy":"post_tag","embeddable":true,"href":"https:\/\/www.europesays.com\/es\/wp-json\/wp\/v2\/tags?post=225344"}],"curies":[{"name":"wp","href":"https:\/\/api.w.org\/{rel}","templated":true}]}}