{"id":225350,"date":"2025-11-08T16:42:08","date_gmt":"2025-11-08T16:42:08","guid":{"rendered":"https:\/\/www.europesays.com\/es\/225350\/"},"modified":"2025-11-08T16:42:08","modified_gmt":"2025-11-08T16:42:08","slug":"carlos-alcaraz-se-entrena-con-alexander-bublik-antes-de-debutar-en-las-nitto-atp-finals-atp-tour","status":"publish","type":"post","link":"https:\/\/www.europesays.com\/es\/225350\/","title":{"rendered":"Carlos Alcaraz se entrena con Alexander Bublik antes de debutar en las Nitto ATP Finals | ATP Tour"},"content":{"rendered":"<p>        Nitto ATP Finals<br \/>\n    Alcaraz se entrena con Bublik antes de debutar en las Nitto ATP Finals<\/p>\n<p>El espa\u00f1ol se estrena este domingo ante \u00c1lex de Mi\u00f1aur en Tur\u00edn<\/p>\n<p>November 08, 2025<\/p>\n<p>            <img decoding=\"async\" src=\"https:\/\/www.europesays.com\/es\/wp-content\/uploads\/2025\/11\/nitto-atp-finals-2025-alcaraz-bublik-entrenamiento-sabado.jpg\" alt=\"Carlos Alcaraz, durante un entrenamiento en Tur\u00edn.\"\/><\/p>\n<p>Corinne Dubreuil\/ATP Tour<\/p>\n<p>        Carlos Alcaraz, durante un entrenamiento en Tur\u00edn.<br \/>\n        By Redacci\u00f3n ATP <\/p>\n<p>\u201c\u00a1Venga, tercer saque!\u201d. En mitad de su \u00faltimo entrenamiento antes de debutar en las <a href=\"https:\/\/www.atptour.com\/es\/tournaments\/nitto-atp-finals\/605\/overview\" rel=\"nofollow noopener\" target=\"_blank\">Nitto ATP Finals<\/a>, <a href=\"https:\/\/www.atptour.com\/es\/players\/carlos-alcaraz\/a0e2\/overview\" rel=\"nofollow noopener\" target=\"_blank\">Carlos Alcaraz<\/a> le lanz\u00f3 esa frase a <a href=\"https:\/\/www.atptour.com\/es\/players\/alexander-bublik\/bk92\/overview\" rel=\"nofollow noopener\" target=\"_blank\">Alexander Bublik<\/a>, con el que comparti\u00f3 sesi\u00f3n el s\u00e1bado en el Pala Alpitour de Tur\u00edn. Fue el perfecto reflejo de una ma\u00f1ana distendida, a pesar de la l\u00f3gica intensidad previa al estreno en el evento que re\u00fane a los ocho mejores de la temporada, y donde el espa\u00f1ol se juega terminar el a\u00f1o como No. 1 del PIF ATP Rankings.<\/p>\n<p>Pese a no haberse medido nunca (0-0 en la serie Lexus ATP Head2Head), espa\u00f1ol y kazajo demostraron r\u00e1pidamente una gran conexi\u00f3n, que se hizo evidente durante las dos horas de entrenamiento, con muchas bromas y alg\u00fan que otro golpe espectacular, como un saque por debajo de Bublik, que sorprendi\u00f3 a Alcaraz e hizo enloquecer a toda la grada de aficionados.<\/p>\n<p>El No. 2 del mundo, que se llev\u00f3 la victoria en el partido que ambos jugaron (6-4, 2-0), se march\u00f3 al vestuario tras dedicar un buen rato a firmar aut\u00f3grafos, d\u00e1ndose un peque\u00f1o ba\u00f1o de masas el d\u00eda antes de regresar a esa misma pista para abrir su participaci\u00f3n en el torneo frente a \u00c1lex de Mi\u00f1aur, al que domina por 4-0 en el cara a cara.<\/p>\n<p>Tambi\u00e9n Podr\u00eda Interesarle: <a href=\"https:\/\/www.atptour.com\/es\/news\/turin-2025-viernes-entrenamiento-nadal-sinner-federer-nadal\" rel=\"nofollow noopener\" target=\"_blank\">Alcaraz y Sinner \u2018homenajean\u2019 a Nadal y Federer<\/a><\/p>\n<p>Con un balance negativo en las <a href=\"https:\/\/www.atptour.com\/es\/tournaments\/nitto-atp-finals\/605\/overview\" rel=\"nofollow noopener\" target=\"_blank\">Nitto ATP Finals<\/a> (3-4) tras jugar dos veces el evento, Alcaraz aterrizar\u00e1 en el cruce frente al australiano con las cuentas claras: si quiere depender de s\u00ed mismo para asegurarse terminar 2025 en lo m\u00e1s alto del PIF ATP Rankings, posici\u00f3n que ahora mismo ocupa <a href=\"https:\/\/www.atptour.com\/es\/players\/jannik-sinner\/s0ag\/overview\" rel=\"nofollow noopener\" target=\"_blank\">Jannik Sinner<\/a>, necesita ganar tres partidos en Tur\u00edn, independientemente de lo que haga el italiano (defiende el t\u00edtulo, y adem\u00e1s invicto porque en 2024 sum\u00f3 los 1500 puntos posibles al no ceder un solo partido).<\/p>\n<p>El joven de 22 a\u00f1os llega a la ciudad italiana con el recuerdo reciente de su eliminaci\u00f3n a la primera en el <a href=\"https:\/\/www.atptour.com\/es\/tournaments\/paris\/352\/overview\" rel=\"nofollow noopener\" target=\"_blank\">Rolex Paris Masters<\/a>, donde cay\u00f3 frente a <a href=\"https:\/\/www.atptour.com\/es\/players\/cameron-norrie\/n771\/overview\" rel=\"nofollow noopener\" target=\"_blank\">Cameron Norrie<\/a>. Eso, sin embargo, suele traducirse en motivaci\u00f3n: despu\u00e9s de una ca\u00edda similar a esa, Alcaraz ha demostrado encontrar la energ\u00eda necesaria para reaccionar r\u00e1pidamente a la siguiente oportunidad que ha tenido. Y en esta ocasi\u00f3n la siguiente oportunidad es el domingo en Tur\u00edn.<\/p>\n<p>Alcaraz, ante el reto de dejar huella en las <a href=\"https:\/\/www.atptour.com\/es\/tournaments\/nitto-atp-finals\/605\/overview\" rel=\"nofollow noopener\" target=\"_blank\">Nitto ATP Finals<\/a>.<\/p>\n<p>\u00a0<\/p>\n","protected":false},"excerpt":{"rendered":"Nitto ATP Finals Alcaraz se entrena con Bublik antes de debutar en las Nitto ATP Finals El espa\u00f1ol&hellip;\n","protected":false},"author":2,"featured_media":225351,"comment_status":"","ping_status":"","sticky":false,"template":"","format":"standard","meta":{"footnotes":""},"categories":[274],"tags":[168,25,24,23,167,327,326],"class_list":{"0":"post-225350","1":"post","2":"type-post","3":"status-publish","4":"format-standard","5":"has-post-thumbnail","7":"category-tenis","8":"tag-deportes","9":"tag-es","10":"tag-espana","11":"tag-spain","12":"tag-sports","13":"tag-tenis","14":"tag-tennis"},"share_on_mastodon":{"url":"https:\/\/pubeurope.com\/@es\/115515080517935282","error":""},"_links":{"self":[{"href":"https:\/\/www.europesays.com\/es\/wp-json\/wp\/v2\/posts\/225350","targetHints":{"allow":["GET"]}}],"collection":[{"href":"https:\/\/www.europesays.com\/es\/wp-json\/wp\/v2\/posts"}],"about":[{"href":"https:\/\/www.europesays.com\/es\/wp-json\/wp\/v2\/types\/post"}],"author":[{"embeddable":true,"href":"https:\/\/www.europesays.com\/es\/wp-json\/wp\/v2\/users\/2"}],"replies":[{"embeddable":true,"href":"https:\/\/www.europesays.com\/es\/wp-json\/wp\/v2\/comments?post=225350"}],"version-history":[{"count":0,"href":"https:\/\/www.europesays.com\/es\/wp-json\/wp\/v2\/posts\/225350\/revisions"}],"wp:featuredmedia":[{"embeddable":true,"href":"https:\/\/www.europesays.com\/es\/wp-json\/wp\/v2\/media\/225351"}],"wp:attachment":[{"href":"https:\/\/www.europesays.com\/es\/wp-json\/wp\/v2\/media?parent=225350"}],"wp:term":[{"taxonomy":"category","embeddable":true,"href":"https:\/\/www.europesays.com\/es\/wp-json\/wp\/v2\/categories?post=225350"},{"taxonomy":"post_tag","embeddable":true,"href":"https:\/\/www.europesays.com\/es\/wp-json\/wp\/v2\/tags?post=225350"}],"curies":[{"name":"wp","href":"https:\/\/api.w.org\/{rel}","templated":true}]}}