{"id":225380,"date":"2025-11-08T17:00:39","date_gmt":"2025-11-08T17:00:39","guid":{"rendered":"https:\/\/www.europesays.com\/es\/225380\/"},"modified":"2025-11-08T17:00:39","modified_gmt":"2025-11-08T17:00:39","slug":"f1-en-directo-la-clasificacion-de-interlagos-en-el-gp-de-brasil-2025-live-text","status":"publish","type":"post","link":"https:\/\/www.europesays.com\/es\/225380\/","title":{"rendered":"F1 en DIRECTO: la clasificaci\u00f3n de Interlagos en el GP de Brasil 2025 | Live text"},"content":{"rendered":"<p>Sauber confirma ahora que Bortoleto ha sido liberado del centro m\u00e9dico.\u00a0<\/p>\n<p>\u00abTras las revisiones preventivas en el Centro M\u00e9dico del circuito, nos complace informar que Gabriel Bortoleto se encuentra bien y sin lesiones\u00bb.\u00a0<\/p>\n<p>\u00abEl equipo agradece a los comisarios de pista, a la F1, a la FIA y al personal del Centro M\u00e9dico su excelente atenci\u00f3n\u00bb.\u00a0<\/p>\n<p>\u00abEl equipo se centrar\u00e1 ahora en la preparaci\u00f3n de los monoplazas para la sesi\u00f3n de clasificaci\u00f3n de esta tarde\u00bb.\u00a0<\/p>\n","protected":false},"excerpt":{"rendered":"Sauber confirma ahora que Bortoleto ha sido liberado del centro m\u00e9dico.\u00a0 \u00abTras las revisiones preventivas en el Centro&hellip;\n","protected":false},"author":2,"featured_media":225381,"comment_status":"","ping_status":"","sticky":false,"template":"","format":"standard","meta":{"footnotes":""},"categories":[5],"tags":[17,18,25,24,13,14,11,19,20,9,10,15,16,23,12,21,22],"class_list":{"0":"post-225380","1":"post","2":"type-post","3":"status-publish","4":"format-standard","5":"has-post-thumbnail","7":"category-titulares","8":"tag-breaking-news","9":"tag-breakingnews","10":"tag-es","11":"tag-espana","12":"tag-featured-news","13":"tag-featurednews","14":"tag-headlines","15":"tag-latest-news","16":"tag-latestnews","17":"tag-news","18":"tag-noticias","19":"tag-noticias-destacadas","20":"tag-noticiasdestacadas","21":"tag-spain","22":"tag-titulares","23":"tag-ultimas-noticias","24":"tag-ultimasnoticias"},"share_on_mastodon":{"url":"https:\/\/pubeurope.com\/@es\/115515151050611474","error":""},"_links":{"self":[{"href":"https:\/\/www.europesays.com\/es\/wp-json\/wp\/v2\/posts\/225380","targetHints":{"allow":["GET"]}}],"collection":[{"href":"https:\/\/www.europesays.com\/es\/wp-json\/wp\/v2\/posts"}],"about":[{"href":"https:\/\/www.europesays.com\/es\/wp-json\/wp\/v2\/types\/post"}],"author":[{"embeddable":true,"href":"https:\/\/www.europesays.com\/es\/wp-json\/wp\/v2\/users\/2"}],"replies":[{"embeddable":true,"href":"https:\/\/www.europesays.com\/es\/wp-json\/wp\/v2\/comments?post=225380"}],"version-history":[{"count":0,"href":"https:\/\/www.europesays.com\/es\/wp-json\/wp\/v2\/posts\/225380\/revisions"}],"wp:featuredmedia":[{"embeddable":true,"href":"https:\/\/www.europesays.com\/es\/wp-json\/wp\/v2\/media\/225381"}],"wp:attachment":[{"href":"https:\/\/www.europesays.com\/es\/wp-json\/wp\/v2\/media?parent=225380"}],"wp:term":[{"taxonomy":"category","embeddable":true,"href":"https:\/\/www.europesays.com\/es\/wp-json\/wp\/v2\/categories?post=225380"},{"taxonomy":"post_tag","embeddable":true,"href":"https:\/\/www.europesays.com\/es\/wp-json\/wp\/v2\/tags?post=225380"}],"curies":[{"name":"wp","href":"https:\/\/api.w.org\/{rel}","templated":true}]}}