{"id":225382,"date":"2025-11-08T17:05:13","date_gmt":"2025-11-08T17:05:13","guid":{"rendered":"https:\/\/www.europesays.com\/es\/225382\/"},"modified":"2025-11-08T17:05:13","modified_gmt":"2025-11-08T17:05:13","slug":"el-planazo-de-rafa-nadal-con-will-smith-y-marc-anthony-durante-su-viaje-a-miami","status":"publish","type":"post","link":"https:\/\/www.europesays.com\/es\/225382\/","title":{"rendered":"El planazo de Rafa Nadal con Will Smith y Marc Anthony durante su viaje a Miami"},"content":{"rendered":"<p><strong>Rafa Nadal est\u00e1 muy implicado en el E1 Miami GP<\/strong>, una competici\u00f3n acu\u00e1tica fundada y presidida por Alejandro Agag. El tenista tiene su propio equipo y con el paso del tiempo ha logrado posicionarse en lo m\u00e1s alto. Esto demuestra que su talento no conoce fronteras y que tiene capacidad para dedicarse a cualquier deporte. Seg\u00fan los datos publicados por la cuenta oficial de este proyecto, <strong>el \u00abEquipo Rafa\u00bb, pilotado por Cris Lazarraga y por Tom Chiappe<\/strong>, ha brillado con fuerza durante la \u00faltima etapa del tour.<\/p>\n<p>Tal y como estaba previsto, <strong>Rafa Nadal se ha trasladado a Miami para presenciar el Gran Premio E1<\/strong> y ha coincidido con dos de las personas m\u00e1s famosas de su pandilla de amigos: <strong>Will Smith y Marc Anthony<\/strong>. Ambos artistas conocen perfectamente al mallorqu\u00edn, no es la primera vez que se ven y disfrutan de una relaci\u00f3n muy estrecha que ha quedado patente tras los \u00faltimos acontecimientos.<\/p>\n<p>\n<img decoding=\"async\" loading=\"lazy\" class=\"size-medium wp-image-2421463\" alt=\"\" width=\"437\" height=\"620\"  src=\"https:\/\/www.europesays.com\/es\/wp-content\/uploads\/2025\/10\/placeholder.jpg\"  bad-src=\"https:\/\/www.europesays.com\/es\/wp-content\/uploads\/2025\/10\/placeholder.jpg\"\/><\/p>\n<p><img decoding=\"async\" loading=\"lazy\" class=\"size-medium wp-image-2421463\" src=\"https:\/\/www.europesays.com\/es\/wp-content\/uploads\/2025\/11\/rafa-nadal-437x620.jpg\" alt=\"\" width=\"437\" height=\"620\"  \/><\/p>\n<p> Rafa Nadal en Miami. (Foto: Gtres)\n<\/p>\n<p><strong>Rafa Nada<\/strong>l, tan discreto como de costumbre, no ha compartido im\u00e1genes de su encuentro privado con Will Smith, pero s\u00ed ha publicado un v\u00eddeo donde se les puede ver charlando en un tono bastante cercano. Por otro lado, en LOOK hemos tenido acceso a unas fotograf\u00edas firmadas por la agencia Gtres donde se puede ver que<strong> Marc Anthony<\/strong> est\u00e1 completamente integrado en este grupo.<\/p>\n<p>El recorrido del Gran Premio E1 ha pasado por diversos puntos, como por ejemplo <strong>M\u00f3naco, Lagos o Dubrovnik<\/strong>. Sin embargo, la parada en Miami ha llamado la atenci\u00f3n gracias al reencuentro de<strong> Rafa Nadal<\/strong> con sus medi\u00e1ticos amigos. Vestido con ropa deportiva y visiblemente relajado, la estrella del tenis ha disfrutado de una bonita reuni\u00f3n que est\u00e1 generando mucho inter\u00e9s.<\/p>\n<p>Nadal y Will Smith tambi\u00e9n son rivales<\/p>\n<p>A pesar del tono distendido de su encuentro, lo cierto es que <strong>Rafa Nadal y Will Smith son rivales dentro del agua<\/strong>. Cada uno tiene su propio equipo y ambos han competido en el<strong> Gran Premio E1<\/strong>. Ya hemos hablado de la formaci\u00f3n de Nadal y ahora debemos dar algunas pinceladas sobre los pilotos que est\u00e1n bajo las \u00f3rdenes del actor. <strong>Su grupo se llama Westbrook Racing, que es el mismo nombre que tiene su productora<\/strong>. Este medio ha consultado fuentes expertas que aseguran que Will ha conseguido a algunos de los mejores deportistas del mercado, de ah\u00ed que est\u00e9 registrando tan buenos resultados.<\/p>\n<p>Despu\u00e9s de todo esto, podemos entender que <a href=\"https:\/\/okdiario.com\/look\/actualidad\/marc-anthony-pisa-palma-nadia-ferreira-presion-criticas-concierto-2338609\" rel=\"nofollow noopener\" target=\"_blank\">Marc Anthony<\/a> tambi\u00e9n se haya interesado por esta competici\u00f3n. \u00c9l tambi\u00e9n forma parte de la misma y est\u00e1 pendiente de todo lo que sucede. Por ese motivo, el pasado mes de junio se reuni\u00f3 con Nadal en M\u00f3naco, donde fueron recibidos por el pr\u00edncipe Alberto, quien se mostr\u00f3 muy agradecido de que<strong> Alejandro Agag<\/strong> contase con el Principado.<\/p>\n<p>\n<img decoding=\"async\" loading=\"lazy\" class=\"size-medium wp-image-2421461\" alt=\"marc anthony, \" width=\"620\" height=\"468\"  src=\"https:\/\/www.europesays.com\/es\/wp-content\/uploads\/2025\/10\/placeholder.jpg\"  bad-src=\"https:\/\/www.europesays.com\/es\/wp-content\/uploads\/2025\/10\/placeholder.jpg\"\/><\/p>\n<p><img decoding=\"async\" loading=\"lazy\" class=\"size-medium wp-image-2421461\" src=\"https:\/\/www.europesays.com\/es\/wp-content\/uploads\/2025\/11\/marc-anthony-en-miami-620x468.jpg\" alt=\"marc anthony, \" width=\"620\" height=\"468\"  \/><\/p>\n<p> Marc Anthony en Miami. (Foto: Gtres)\n<\/p>\n<p>Marc Anthony, Rafa Nadal, Alberto de M\u00f3naco, Tom Brady,\u00a0LeBron James, Didier Drogba\u00a0y\u00a0<strong>Alejandro Agag<\/strong> se reunieron en M\u00f3naco y esta cita tambi\u00e9n gener\u00f3 mucha curiosidad.<\/p>\n<p>El viaje de Rafa Nadal a Miami<\/p>\n<p>Rafa Nadal anunci\u00f3 que se retiraba del tenis para <a href=\"https:\/\/okdiario.com\/deportes\/izquierda-radical-rabia-encuentro-rafa-nadal-javier-milei-15720084\" rel=\"nofollow noopener\" target=\"_blank\">empezar una nueva etapa<\/a>. Su \u00faltimo partido fue seguido por millones de personas que, de alguna forma, sintieron que se acababa una era dentro del mundo del tenis. Lo que no sab\u00edan era que empezaba otra, distinta, pero igual de potente.<\/p>\n<blockquote class=\"instagram-media\" style=\"background: #FFF; border: 0; border-radius: 3px; box-shadow: 0 0 1px 0 rgba(0,0,0,0.5),0 1px 10px 0 rgba(0,0,0,0.15); margin: 1px; max-width: 540px; min-width: 326px; padding: 0; width: calc(100% - 2px);\" data-instgrm-captioned=\"\" data-instgrm-permalink=\"https:\/\/www.instagram.com\/reel\/DQxzVYxALwM\/?utm_source=ig_embed&amp;utm_campaign=loading\" data-instgrm-version=\"14\">\n<\/blockquote>\n<p>El mallorqu\u00edn se ha centrado en otros proyectos, como en <strong>la Fundaci\u00f3n Rafa Nadal<\/strong> o en la E1 de Alejandro Agag. Como vemos, se toma en serio todo lo que hace, por eso no se lo ha pensado dos veces y ha puesto rumbo a Miami para dar peso a la competici\u00f3n de su nuevo deporte estrella. Antes de terminar, debemos recalcar que, a pesar de los viajes constantes, <strong>Nadal sigue muy pendiente de su familia<\/strong>. Hace unos meses se convirti\u00f3 en padre por segunda vez y disfruta de un matrimonio perfecto junto a<strong> Mery Perell\u00f3<\/strong>.<\/p>\n<p>\t\t\t\t\t\t\t<script async src=\"\/\/www.instagram.com\/embed.js\"><\/script><\/p>\n","protected":false},"excerpt":{"rendered":"Rafa Nadal est\u00e1 muy implicado en el E1 Miami GP, una competici\u00f3n acu\u00e1tica fundada y presidida por Alejandro&hellip;\n","protected":false},"author":2,"featured_media":225383,"comment_status":"","ping_status":"","sticky":false,"template":"","format":"standard","meta":{"footnotes":""},"categories":[274],"tags":[168,25,24,6894,23,167,327,326],"class_list":{"0":"post-225382","1":"post","2":"type-post","3":"status-publish","4":"format-standard","5":"has-post-thumbnail","7":"category-tenis","8":"tag-deportes","9":"tag-es","10":"tag-espana","11":"tag-rafa-nadal","12":"tag-spain","13":"tag-sports","14":"tag-tenis","15":"tag-tennis"},"share_on_mastodon":{"url":"https:\/\/pubeurope.com\/@es\/115515171024425470","error":""},"_links":{"self":[{"href":"https:\/\/www.europesays.com\/es\/wp-json\/wp\/v2\/posts\/225382","targetHints":{"allow":["GET"]}}],"collection":[{"href":"https:\/\/www.europesays.com\/es\/wp-json\/wp\/v2\/posts"}],"about":[{"href":"https:\/\/www.europesays.com\/es\/wp-json\/wp\/v2\/types\/post"}],"author":[{"embeddable":true,"href":"https:\/\/www.europesays.com\/es\/wp-json\/wp\/v2\/users\/2"}],"replies":[{"embeddable":true,"href":"https:\/\/www.europesays.com\/es\/wp-json\/wp\/v2\/comments?post=225382"}],"version-history":[{"count":0,"href":"https:\/\/www.europesays.com\/es\/wp-json\/wp\/v2\/posts\/225382\/revisions"}],"wp:featuredmedia":[{"embeddable":true,"href":"https:\/\/www.europesays.com\/es\/wp-json\/wp\/v2\/media\/225383"}],"wp:attachment":[{"href":"https:\/\/www.europesays.com\/es\/wp-json\/wp\/v2\/media?parent=225382"}],"wp:term":[{"taxonomy":"category","embeddable":true,"href":"https:\/\/www.europesays.com\/es\/wp-json\/wp\/v2\/categories?post=225382"},{"taxonomy":"post_tag","embeddable":true,"href":"https:\/\/www.europesays.com\/es\/wp-json\/wp\/v2\/tags?post=225382"}],"curies":[{"name":"wp","href":"https:\/\/api.w.org\/{rel}","templated":true}]}}