{"id":225386,"date":"2025-11-08T17:09:07","date_gmt":"2025-11-08T17:09:07","guid":{"rendered":"https:\/\/www.europesays.com\/es\/225386\/"},"modified":"2025-11-08T17:09:07","modified_gmt":"2025-11-08T17:09:07","slug":"sesion-con-kounde-a-la-espera-de-las-decisiones-de-flick","status":"publish","type":"post","link":"https:\/\/www.europesays.com\/es\/225386\/","title":{"rendered":"Sesi\u00f3n con Kound\u00e9 a la espera de las decisiones de Flick"},"content":{"rendered":"<p data-gtm-element-container=\"modulo-texto-link\" class=\"paragraph\">\u00daltima sesi\u00f3n del Bar\u00e7a de <strong>Hansi Flick\u00a0<\/strong>antes del partido de <strong>LaLiga<\/strong> ante el <strong>Celta<\/strong> en Vigo (21.00 h.\/Movistar), tras la anterior de puertas abiertas en el Spotify Camp Nou, con la totalidad de los jugadores disponibles sobre el campo <strong>Tito Vilanova<\/strong>. <strong>Kound\u00e9<\/strong> y\u00a0<strong>Christensen <\/strong>volvieron a entrenar,<strong> Eric Gracia<\/strong> llevaba de nuevo la m\u00e1scara puesta y <strong>Joan Garcia<\/strong> se ejercitaba con los otros porteros.<\/p>\n<p data-gtm-element-container=\"modulo-texto-link\" class=\"paragraph\">El entrenamiento cont\u00f3 con la presencia de <strong>Mbacke<\/strong>. El central, que ya estuvo en al previa ante el <strong>Elche<\/strong>, cobra esta vez especial importancia por las dudas generadas en el eje defensivo. S\u00f3lo <strong>Araujo y Cubars\u00ed<\/strong> est\u00e1n a pleno rendimiento. Si no hay sorpresas de nuevo, <strong>Christensen <\/strong>recibir\u00e1 el OK, como tambi\u00e9n se esperaba ante <strong>Elche y Brujas<\/strong>. <strong>Kound\u00e9<\/strong> parece ya recuperado del golpe.<\/p>\n<p>    Lee tambi\u00e9n<\/p>\n<p data-gtm-element-container=\"modulo-texto-link\" class=\"paragraph\">El t\u00e9cnico ha contado tambi\u00e9n para esta sesi\u00f3n con <strong>Tommy Marqu\u00e9s<\/strong>. Su asistencia cobra tambi\u00e9n significado por las bajas en el centro del campo.\u00a0Adem\u00e1s, como es habitual <strong>Dro. Toni Fern\u00e1ndez, Xavi Espart y Jofre Torrents<\/strong>, con el filial.<\/p>\n","protected":false},"excerpt":{"rendered":"\u00daltima sesi\u00f3n del Bar\u00e7a de Hansi Flick\u00a0antes del partido de LaLiga ante el Celta en Vigo (21.00 h.\/Movistar),&hellip;\n","protected":false},"author":2,"featured_media":225387,"comment_status":"","ping_status":"","sticky":false,"template":"","format":"standard","meta":{"footnotes":""},"categories":[268],"tags":[168,25,24,280,282,281,23,167],"class_list":{"0":"post-225386","1":"post","2":"type-post","3":"status-publish","4":"format-standard","5":"has-post-thumbnail","7":"category-futbol","8":"tag-deportes","9":"tag-es","10":"tag-espana","11":"tag-football","12":"tag-futbol","13":"tag-soccer","14":"tag-spain","15":"tag-sports"},"share_on_mastodon":{"url":"https:\/\/pubeurope.com\/@es\/115515186768619891","error":""},"_links":{"self":[{"href":"https:\/\/www.europesays.com\/es\/wp-json\/wp\/v2\/posts\/225386","targetHints":{"allow":["GET"]}}],"collection":[{"href":"https:\/\/www.europesays.com\/es\/wp-json\/wp\/v2\/posts"}],"about":[{"href":"https:\/\/www.europesays.com\/es\/wp-json\/wp\/v2\/types\/post"}],"author":[{"embeddable":true,"href":"https:\/\/www.europesays.com\/es\/wp-json\/wp\/v2\/users\/2"}],"replies":[{"embeddable":true,"href":"https:\/\/www.europesays.com\/es\/wp-json\/wp\/v2\/comments?post=225386"}],"version-history":[{"count":0,"href":"https:\/\/www.europesays.com\/es\/wp-json\/wp\/v2\/posts\/225386\/revisions"}],"wp:featuredmedia":[{"embeddable":true,"href":"https:\/\/www.europesays.com\/es\/wp-json\/wp\/v2\/media\/225387"}],"wp:attachment":[{"href":"https:\/\/www.europesays.com\/es\/wp-json\/wp\/v2\/media?parent=225386"}],"wp:term":[{"taxonomy":"category","embeddable":true,"href":"https:\/\/www.europesays.com\/es\/wp-json\/wp\/v2\/categories?post=225386"},{"taxonomy":"post_tag","embeddable":true,"href":"https:\/\/www.europesays.com\/es\/wp-json\/wp\/v2\/tags?post=225386"}],"curies":[{"name":"wp","href":"https:\/\/api.w.org\/{rel}","templated":true}]}}