{"id":22539,"date":"2025-08-03T10:23:11","date_gmt":"2025-08-03T10:23:11","guid":{"rendered":"https:\/\/www.europesays.com\/es\/22539\/"},"modified":"2025-08-03T10:23:11","modified_gmt":"2025-08-03T10:23:11","slug":"el-ucam-murcia-25-26-con-el-juego-interior-mas-amplio-de-su-historia","status":"publish","type":"post","link":"https:\/\/www.europesays.com\/es\/22539\/","title":{"rendered":"El UCAM Murcia 25-26, con el juego interior m\u00e1s amplio de su historia"},"content":{"rendered":"<p class=\"ft-text\">Los hombres altos suelen ser los m\u00e1s propensos a lesiones. Por sus especiales condiciones f\u00edsicas, suelen ser los m\u00e1s fr\u00e1giles. Y el UCAM Murcia lo ha sufrido en sus carnes todas las temporadas. Incluso lleg\u00f3 a encontrarse en el play off por el t\u00edtulo de hace dos cursos con un solo \u2018cinco\u2019 sano porque Marko Todorovic y Simon Birgander \u2018cayeron\u2019 a la misma vez y tuvo que fichar a \u00faltima hora a Yannis Morin y reclutar al canterano Fabi\u00e1n Flores. Para paliar en la mayor medida posible ese problema que tienen todos los equipos, porque el universitario no es una excepci\u00f3n, el entrenador, Sito Alonso, dispondr\u00e1 por primera vez de seis jugadores interiores, tres ala p\u00edvots y otros tantos \u2018cincos\u2019.<\/p>\n<p><img decoding=\"async\" src=\"https:\/\/www.europesays.com\/es\/wp-content\/uploads\/2025\/08\/44132a60-dd63-4ad4-b6df-c770fc3d885d_alta-libre-aspect-ratio_default_0.jpg\" width=\"1200\" height=\"759\" alt=\"Toni Nakic, en el Breog\u00e1n-Tenerife. | ACB PHOTO\/CARLOS CASTRO\" class=\"ft-helper-img-rd\" loading=\"lazy\" hasdataaida=\"true\"\/><\/p>\n<p class=\"ft-helper-fontColor-quaternary ft-helper-fontSize-body-S ft-helper-spacer-t-xxs\">Toni Nakic, en el Breog\u00e1n-Tenerife. | ACB PHOTO\/CARLOS CASTRO <\/p>\n<p class=\"ft-text\">El renovado Kaiser Gates y dos caras nuevas, Toni Nakic y Rub\u00e9n de la Torre, ser\u00e1n los \u2018cuatros\u2019. Los dos primeros est\u00e1n llamados a ser los que se repartan los minutos en pista siempre con el madrile\u00f1o en la retaguardia dentro de una plantilla que tendr\u00e1 de inicio catorce fichas, por lo que siempre que no surjan contratiempos en forma de lesiones, tendr\u00e1 que haber dos descartes en Liga ACB. Gates, quien termin\u00f3 la campa\u00f1a pasada renqueante y se perdi\u00f3 por ello varios partidos, ya es de sobra conocido. Adem\u00e1s, en el arranque de la temporada, cuando militaba en el Joventut, tambi\u00e9n sufri\u00f3 una lesi\u00f3n. Es un jugador que aporta mucha intensidad en los dos aros y tambi\u00e9n con buen tiro exterior.<\/p>\n<p class=\"ft-text\">Ya comenzada la planificaci\u00f3n, la direcci\u00f3n deportiva tuvo que dar un giro de tim\u00f3n. El capit\u00e1n, Nemanja Radovic, recibi\u00f3 una oferta y decidi\u00f3 cambiar de aires. Durante una buena parte de la temporada pasada, su participaci\u00f3n fue casi testimonial, aunque el montenegrino termin\u00f3 siendo importante en la rotaci\u00f3n. El club se movi\u00f3 r\u00e1pido y fich\u00f3 al croata Toni Nakic, ex del Breog\u00e1n de Lugo, un jugador m\u00e1s joven que Radovic, puesto que tiene 26 a\u00f1os, y que el curso pasado promedi\u00f3 9 puntos y 3,5 rebotes en 24:48 minutos en pista. Pero hay un dato que sobresale por encima de sus n\u00fameros, y es su porcentaje en los triples, que fue de un 46%. De hecho, el croata, cuando firm\u00f3 por el club lucense, lo hizo como alero, pero con el paso de los a\u00f1os ha cambiado de posici\u00f3n al \u2018cuatro\u2019. Nakic, que est\u00e1 representado por Misko Raznatovic, debut\u00f3 en la primera divisi\u00f3n de su pa\u00eds con el Sibenka, con el que jug\u00f3 hasta la temporada 2019-2020, para despu\u00e9s aterrizar en el hist\u00f3rico Cibona de Zagreb. En la campa\u00f1a 2022-2023 lleg\u00f3 el Breog\u00e1n de Lugo, con el que ha disputado 77 partidos en la Liga ACB, 30 de ellos en la \u00faltima campa\u00f1a en una plantilla donde coincidi\u00f3 con Arturs Kurucs desde el pasado mes de diciembre. En su trayectoria ACB tiene un promedio de un 42,2% de acierto en los lanzamientos triples, por lo que es capaz de abrir el campo.<\/p>\n<p><img decoding=\"async\" src=\"https:\/\/www.europesays.com\/es\/wp-content\/uploads\/2025\/08\/95b1ea31-cd49-424d-9a5f-a5a853ca323c_alta-libre-aspect-ratio_default_0.jpg\" width=\"1200\" height=\"759\" alt=\"De la Torre, ante Granger en un Real Betis-Movistar Estudiantes. | FEB\" class=\"ft-helper-img-rd\" loading=\"lazy\" hasdataaida=\"true\"\/><\/p>\n<p class=\"ft-helper-fontColor-quaternary ft-helper-fontSize-body-S ft-helper-spacer-t-xxs\">De la Torre, ante Granger en un Real Betis-Movistar Estudiantes. | FEB <\/p>\n<p class=\"ft-text\">El tercer \u2018cuatro\u2019 no se esperaba, pero el club ha decidido hacer una apuesta de futuro con Rub\u00e9n de la Torre, madrile\u00f1o que ha firmado por tres temporadas. No viene de ser un jugador destacado en Primera FEB con el Real Betis, pero los t\u00e9cnicos consideran que tiene condiciones para progresar. En 27 partidos con los b\u00e9ticos, promedi\u00f3 4,4 puntos y 3,3 rebotes en 13:20 minutos. Se trata de un ala p\u00edvot que aporta mucha energ\u00eda defensivamente y que encaja en el perfil de la plantilla que se ha construido.<\/p>\n<p>Falta un \u2018cinco\u2019<\/p>\n<p class=\"ft-text\">A la plantilla solo le falta la contrataci\u00f3n de un \u2018cinco\u2019 que tendr\u00e1 el rol de titular y que tendr\u00e1 que suplir la marcha de Simon Birgander. Ese p\u00edvot que a\u00fan est\u00e1 por llegar y que no puede ser extracomunitario porque esas dos fichas ya est\u00e1n ocupadas, compartir\u00e1 puesto con dos jugadores de sobra conocidos: Emanuel Cate y Moussa Diagne.<\/p>\n<p class=\"ft-text\">El rumano regresa a un UCAM en el que estuvo cuatro temporadas consecutivas en su primera etapa (2018-2022) y volver\u00e1 a estar por tanto a las \u00f3rdenes de Sito Alonso. El p\u00edvot, de 27 a\u00f1os de edad y 2,07 metros de estatura, form\u00f3 parte de la plantilla que disput\u00f3 la Copa del Rey de Granada 2022, alcanzando las semifinales ante el Bar\u00e7a, y que era su \u00faltima hasta ahora. En verano de ese a\u00f1o se march\u00f3 al Cluj Napoca rumano, donde disput\u00f3 la Eurocup, y en la 2024-2025 volvi\u00f3 a la ACB en las filas del BAXI Manresa de Diego Ocampo, conjunto con el que altern\u00f3 tanto la Liga Endesa como la Basketball Champions League. En la ACB promedi\u00f3 7 puntos, 4,7 rebotes y una asistencia en 17 minutos por partido. Unos promedios ligeramente superiores en la competici\u00f3n europea, con 8,7 puntos y 6 rebotes con la misma cantidad de minutos en pista.<\/p>\n<p class=\"ft-text\">El otro \u2018cinco\u2019 es el \u00fanico que contin\u00faa del curso pasado en ese puesto. En el contrato de Moussa Diagne el club ten\u00eda la opci\u00f3n de renovarle, pero no lo hizo solo por un a\u00f1o, sino por dos. La experiencia, talento y esfuerzo defensivo del senegal\u00e9s, al margen de su capacidad para generar un buen ambiente en el vestuario, seguir\u00e1 siendo una de las importantes bazas para el t\u00e9cnico. El p\u00edvot ha encontrado en Murcia el lugar perfecto donde dejar atr\u00e1s unos a\u00f1os marcados por las lesiones. A sus 31 a\u00f1os, ser\u00e1 la capital del Segura uno de los lugares en el que m\u00e1s tiempo ha estado en la Liga Endesa, siendo cuatro a\u00f1os -en diferentes etapas- en Fuenlabrada, dos en el Bar\u00e7a y otros cuatro en el Morabanc Andorra. Un historial que podr\u00e1 igualar en Murcia y al que hay que sumarle su temporada con La Laguna Tenerife para despu\u00e9s firmar por el UCAM en verano de 2023.<\/p>\n<p>Lee Aaliya, el cuarto ala p\u00edvot<\/p>\n<p class=\"ft-text\">Sito Alonso tendr\u00e1 a sus \u00f3rdenes a un cuarto ala p\u00edvot, el argentino Lee Aaliya, aunque su destino es el filial que jugar\u00e1 la nueva liga sub-22. El jugador de Buenos Aires tiene contrato hasta 2028 y vestir\u00e1 por primera vez la camiseta universitaria despu\u00e9s de dos cesiones, la primera al Palmer Mallorca, y la campa\u00f1a pasada al Instituto de C\u00f3rdoba, que ha sido subcampe\u00f3n de Argentina, donde promedi\u00f3 7,68 puntos y 3,6 rebotes en 18:30 minutos en pista de media en los 34 partidos disputados.<\/p>\n","protected":false},"excerpt":{"rendered":"Los hombres altos suelen ser los m\u00e1s propensos a lesiones. Por sus especiales condiciones f\u00edsicas, suelen ser los&hellip;\n","protected":false},"author":2,"featured_media":22540,"comment_status":"","ping_status":"","sticky":false,"template":"","format":"standard","meta":{"footnotes":""},"categories":[269],"tags":[4495,13238,302,299,298,1798,168,25,24,1444,1478,1429,23,167,9413],"class_list":{"0":"post-22539","1":"post","2":"type-post","3":"status-publish","4":"format-standard","5":"has-post-thumbnail","7":"category-baloncesto","8":"tag-4495","9":"tag-13238","10":"tag-acb","11":"tag-baloncesto","12":"tag-basketball","13":"tag-club","14":"tag-deportes","15":"tag-es","16":"tag-espana","17":"tag-juego","18":"tag-murcia","19":"tag-plantilla","20":"tag-spain","21":"tag-sports","22":"tag-ucam"},"share_on_mastodon":{"url":"","error":""},"_links":{"self":[{"href":"https:\/\/www.europesays.com\/es\/wp-json\/wp\/v2\/posts\/22539","targetHints":{"allow":["GET"]}}],"collection":[{"href":"https:\/\/www.europesays.com\/es\/wp-json\/wp\/v2\/posts"}],"about":[{"href":"https:\/\/www.europesays.com\/es\/wp-json\/wp\/v2\/types\/post"}],"author":[{"embeddable":true,"href":"https:\/\/www.europesays.com\/es\/wp-json\/wp\/v2\/users\/2"}],"replies":[{"embeddable":true,"href":"https:\/\/www.europesays.com\/es\/wp-json\/wp\/v2\/comments?post=22539"}],"version-history":[{"count":0,"href":"https:\/\/www.europesays.com\/es\/wp-json\/wp\/v2\/posts\/22539\/revisions"}],"wp:featuredmedia":[{"embeddable":true,"href":"https:\/\/www.europesays.com\/es\/wp-json\/wp\/v2\/media\/22540"}],"wp:attachment":[{"href":"https:\/\/www.europesays.com\/es\/wp-json\/wp\/v2\/media?parent=22539"}],"wp:term":[{"taxonomy":"category","embeddable":true,"href":"https:\/\/www.europesays.com\/es\/wp-json\/wp\/v2\/categories?post=22539"},{"taxonomy":"post_tag","embeddable":true,"href":"https:\/\/www.europesays.com\/es\/wp-json\/wp\/v2\/tags?post=22539"}],"curies":[{"name":"wp","href":"https:\/\/api.w.org\/{rel}","templated":true}]}}