{"id":225392,"date":"2025-11-08T17:13:07","date_gmt":"2025-11-08T17:13:07","guid":{"rendered":"https:\/\/www.europesays.com\/es\/225392\/"},"modified":"2025-11-08T17:13:07","modified_gmt":"2025-11-08T17:13:07","slug":"adios-a-este-historico-rostro-de-netflix-abandona-esta-serie-tras-9-temporadas-de-autentico-exito-mundo-deportivo","status":"publish","type":"post","link":"https:\/\/www.europesays.com\/es\/225392\/","title":{"rendered":"Adi\u00f3s a este hist\u00f3rico rostro de Netflix: abandona esta serie tras 9 temporadas de aut\u00e9ntico \u00e9xito &#8211; Mundo Deportivo"},"content":{"rendered":"<ol>\n<li><a href=\"https:\/\/news.google.com\/rss\/articles\/CBMi-AFBVV95cUxOcnk5X1pHaUNUcEQ0ZFNHUkVQelVOSUllUk1EQWROSGIxdlh1ekRsamF4aFNVd2RfSTRZc1UwY2lNMTFRV1FiNHRPT080WkNwLWtSLVMtel9JRlRheFFSLURfUFVNdUtjTDZCVk1NOXg4Ql9jUmxPcmpHN2J6ejllM2xDZlo3ai04NXZfeUlWMHFuQ0JTNmpkT0s4M1hnZWI1cy0tckNyWkVfSmY2RnVDa29oWjB5R0dEdE9qaTFOSTQ5Y3k5Q0d2NDBfVmZ6bi1MdGF2Umd4cHpSMUJrOHlZWUdqZzJ3UE9NTnlxX1BLMWxlTGdCSUQzUtIBhgJBVV95cUxNdjRpNl9hN1pHNU5UYko2TU05aVJSYWpuMjRkdXMzMWluX25kdHIwWjktMU5JZjN0TnBpNDNncS1KVXRhaU1TTE9yS0FTNzFyUGV6UkNEelU0UWZRMjlGNUVXbjRkQk1mendpdldUeXVwUFNwbDZmN2lUMXF1ZDEwbWpwNkQ1VVhZcHN6NC1JWWl6ZWV2aUFMVWE0NS1XdWx1ajRsVDVaNkdodkwxM29LRTNubDhFbll6RE1XRGx3MHZqU29ScFVhdGRWVm16eDBzNi1ram9ORnFuMUtBYlRUUGFEaWN4WGRib3NyNjZ0R0R5clZ6Wi1MS3Jfd1VSUnI3RUtlQ3F3?oc=5\" target=\"_blank\" rel=\"nofollow noopener\">Adi\u00f3s a este hist\u00f3rico rostro de Netflix: abandona esta serie tras 9 temporadas de aut\u00e9ntico \u00e9xito<\/a>&nbsp;&nbsp;Mundo Deportivo<\/li>\n<li><a href=\"https:\/\/news.google.com\/rss\/articles\/CBMimwFBVV95cUxQUlJncThpLTlXRk9peWx5NTVJM2I0UTJ5ZjRKOHVxblBJT1YtcS1yQzNxNTBxM3NxTjRaRXdSU0o5TnY5OG42Zk41ZXBuVFZiRTBiekFPaHBtaVFaSk03ZXkxczM1NUdHU2JsQXplWjRpeEhEVnlOR3Z0YmJZbG9mMG9qYjRWMlR5RTlnNGdKSXZKR2tRY0JxTWxGZw?oc=5\" target=\"_blank\" rel=\"nofollow noopener\">Chrishell Stause, de \u2018Selling Sunset\u2019, dice que todav\u00eda est\u00e1 considerando un intento m\u00e1s de FIV: \u2018Es caro\u2019<\/a>&nbsp;&nbsp;Yahoo en Espa\u00f1ol Vida y Estilo<\/li>\n<li><a href=\"https:\/\/news.google.com\/rss\/articles\/CBMi4gFBVV95cUxOcVBmQ3RwbXlJeV9JVW5zUHNBc0V6YmtDMndJMVFVVE1ONXd0amJWUEx1TnI5NnhEOGp4YUxlbFUtMmFVeTBpVE1VRmVMdHJWT25LOTV5UnIya2w3WWd3eEd2X25nS3ZqVHhDR2NDRWFCNGFvVnhLNWY0MkdfWWVSZzRmanB1c2hHdGt1d1FaRi1maUhTU3Rvb3VHSkZ3OHZnVmN0emVqMHNGa0tzellGdUdhOTluaFRRTE5IcXAyaDFYOG5uWFM0a1kxVWxBRjAyZlVDOG1BTDN1ZXkwNzVEbDRn?oc=5\" target=\"_blank\" rel=\"nofollow noopener\">Chrishell Stause anuncia su salida de Selling Sunset tras 9 temporadas<\/a>&nbsp;&nbsp;Us Weekly<\/li>\n<li><a href=\"https:\/\/news.google.com\/rss\/articles\/CBMizgFBVV95cUxQQmdrRDNYTTR0Z2dxR3lsZzJ4a3hUS1N3Nk5uQjVuYWZHRTI2c2ZsalhpbHRITWtSaThEZG8wR2FYdlJVblp3V2VxcGRHOU82dkFpaGRCRUdROFpUUlFGbkJLZ2d1ZnM2TW1VME5sQzBTV1NQZDhuVGhfSjBpU1pjYU9mRnJkMjNsUFo1WGVDdzZQRXEwTlNvblhBUkU3cmduN1pCOWxhVTJfLUEtR3VPdGxSWEhMVVpsYlRvZ3lxRWRwZWNoSE0yVUxfN0J5dw?oc=5\" target=\"_blank\" rel=\"nofollow noopener\">Chrishell Stause no se detiene por falta de invitaci\u00f3n al estreno de \u2018Selling Sunset\u2019<\/a>&nbsp;&nbsp;noticiashuesca.com<\/li>\n<li><a href=\"https:\/\/news.google.com\/rss\/articles\/CBMiywFBVV95cUxQTzZraTI3aGg1TlF0SGN2UHdEYW1vQ3NaVThKVU1hUk44OFhnZmluQk9uNUNBUnJteXZlNklCYVBKT3ZtMHpLSGV1MUpvQ3BsOUxQM0s2YWJTc0UxSHdoNXFFNEtHRHRTa0J2SDhPTlhhQ2xYbWp5bFNpQXRRYUhIQXFyR195c3hWTl9xU2ZDYnJYNklVTlV0SndOZFBVMzhwOVZOOXBBcmZrNzRVSVZYeHF3UjB3UnQ0OXc4SDFmXzNuZXhwRWhwOHZUdw?oc=5\" target=\"_blank\" rel=\"nofollow noopener\">Chrishell Stause y Chelsea Lazkani excluidas de la Premiere Selling Party \u2018Selling\u2019<\/a>&nbsp;&nbsp;noticiashuesca.com<\/li>\n<\/ol>\n","protected":false},"excerpt":{"rendered":"Adi\u00f3s a este hist\u00f3rico rostro de Netflix: abandona esta serie tras 9 temporadas de aut\u00e9ntico \u00e9xito&nbsp;&nbsp;Mundo Deportivo Chrishell&hellip;\n","protected":false},"author":2,"featured_media":219548,"comment_status":"","ping_status":"","sticky":false,"template":"","format":"standard","meta":{"footnotes":""},"categories":[171],"tags":[146,147,25,24,23,214],"class_list":{"0":"post-225392","1":"post","2":"type-post","3":"status-publish","4":"format-standard","5":"has-post-thumbnail","7":"category-tv","8":"tag-entertainment","9":"tag-entretenimiento","10":"tag-es","11":"tag-espana","12":"tag-spain","13":"tag-tv"},"share_on_mastodon":{"url":"https:\/\/pubeurope.com\/@es\/115515202614091984","error":""},"_links":{"self":[{"href":"https:\/\/www.europesays.com\/es\/wp-json\/wp\/v2\/posts\/225392","targetHints":{"allow":["GET"]}}],"collection":[{"href":"https:\/\/www.europesays.com\/es\/wp-json\/wp\/v2\/posts"}],"about":[{"href":"https:\/\/www.europesays.com\/es\/wp-json\/wp\/v2\/types\/post"}],"author":[{"embeddable":true,"href":"https:\/\/www.europesays.com\/es\/wp-json\/wp\/v2\/users\/2"}],"replies":[{"embeddable":true,"href":"https:\/\/www.europesays.com\/es\/wp-json\/wp\/v2\/comments?post=225392"}],"version-history":[{"count":0,"href":"https:\/\/www.europesays.com\/es\/wp-json\/wp\/v2\/posts\/225392\/revisions"}],"wp:featuredmedia":[{"embeddable":true,"href":"https:\/\/www.europesays.com\/es\/wp-json\/wp\/v2\/media\/219548"}],"wp:attachment":[{"href":"https:\/\/www.europesays.com\/es\/wp-json\/wp\/v2\/media?parent=225392"}],"wp:term":[{"taxonomy":"category","embeddable":true,"href":"https:\/\/www.europesays.com\/es\/wp-json\/wp\/v2\/categories?post=225392"},{"taxonomy":"post_tag","embeddable":true,"href":"https:\/\/www.europesays.com\/es\/wp-json\/wp\/v2\/tags?post=225392"}],"curies":[{"name":"wp","href":"https:\/\/api.w.org\/{rel}","templated":true}]}}