{"id":225395,"date":"2025-11-08T17:15:11","date_gmt":"2025-11-08T17:15:11","guid":{"rendered":"https:\/\/www.europesays.com\/es\/225395\/"},"modified":"2025-11-08T17:15:11","modified_gmt":"2025-11-08T17:15:11","slug":"la-comedia-mas-taquillera-del-cine-espanol-de-2025-ya-se-puede-ver-gratis-en-streaming","status":"publish","type":"post","link":"https:\/\/www.europesays.com\/es\/225395\/","title":{"rendered":"La comedia m\u00e1s taquillera del cine espa\u00f1ol de 2025 ya se puede ver gratis en streaming"},"content":{"rendered":"<p><strong data-start=\"1120\" data-end=\"1160\"><a title=\"Santiago Segura\" href=\"https:\/\/www.larazon.es\/tags\/santiago-segura\/\" target=\"_blank\" rel=\"nofollow noopener\">Santiago Segura<\/a> lo ha vuelto a hacer<\/strong>. Y no hablamos de \u201cTorrente\u201d (todav\u00eda), sino de <strong data-start=\"1209\" data-end=\"1283\">la comedia espa\u00f1ola que millones han convertido en tradici\u00f3n de verano<\/strong>, <a title=\"\u201cPadre no hay m\u00e1s que uno 5: nido repleto\u201d\" href=\"https:\/\/www.larazon.es\/cultura\/padre-hay-mas-que-uno-5-coloca-como-numero-uno-taquilla-dia-estreno_20250628685fa1163be60c2da855ff8e.html\" target=\"_blank\" rel=\"nofollow noopener\">\u201cPadre no hay m\u00e1s que uno 5: nido repleto\u201d<\/a>. Tras arrasar en los cines, ya se puede ver <strong data-start=\"1372\" data-end=\"1418\">gratis desde este fin de semana en <\/strong><a title=\"Netflix\" href=\"https:\/\/www.larazon.es\/tags\/netflix\/\" target=\"_blank\" rel=\"nofollow noopener\"><b>Netflix<\/b><\/a>, cerrando as\u00ed una saga que ha hecho historia en la taquilla nacional.<\/p>\n<p>La quinta y, por ahora, \u00faltima entrega de la franquicia se estren\u00f3 en salas el pasado 26 de junio y <strong data-start=\"1590\" data-end=\"1654\">en apenas unas semanas super\u00f3 los 2 millones de espectadores<\/strong>. Hasta el 2 de noviembre, hab\u00eda recaudado m\u00e1s de 13,4 millones de euros, lo que la convierte en <strong data-start=\"1751\" data-end=\"1798\">la pel\u00edcula espa\u00f1ola m\u00e1s taquillera de 2025<\/strong>. La cifra es brutal, especialmente si recordamos que no cuenta con superh\u00e9roes ni explosiones digitales: solo familias, l\u00edos cotidianos y el caos de un hogar sin manual de instrucciones.<\/p>\n<p>En <a title=\"\u201cnido repleto\u201d\" href=\"https:\/\/www.larazon.es\/cultura\/padre-hay-mas-que-uno-5-coloca-como-numero-uno-taquilla-dia-estreno_20250628685fa1163be60c2da855ff8e.html\" target=\"_blank\" rel=\"nofollow noopener\">\u201cnido repleto\u201d<\/a>, Javier \u2014el padre de familia encarnado por <a title=\"Segura\" href=\"https:\/\/www.larazon.es\/tags\/santiago-segura\/\" target=\"_blank\" rel=\"nofollow noopener\">Segura<\/a>\u2014 <strong data-start=\"2056\" data-end=\"2125\">no sufre por el s\u00edndrome del \u00abnido vac\u00edo\u00bb, sino todo lo contrario<\/strong>. Sus hijos no se van de casa y cada d\u00eda la convivencia se complica m\u00e1s. El resultado: una comedia de enredos que, sin reinventar nada, <strong data-start=\"2261\" data-end=\"2312\">sabe perfectamente c\u00f3mo conectar con su p\u00fablico<\/strong>, re\u00edrse de los t\u00f3picos familiares y dejarte con ganas de m\u00e1s.<\/p>\n<p><strong data-start=\"2376\" data-end=\"2425\">El elenco vuelve a reunir a la tropa habitual<\/strong>, con Toni Acosta, Leo Harlem, S\u00edlvia Abril, Loles Le\u00f3n y Carlos Iglesias, junto a j\u00f3venes ya conocidos como Martina D\u2019Antiochia, Calma Segura o Luna Fulgencio. Adem\u00e1s, hay apariciones que dan juego, como El Cejas y Neus Asensi, aportando a\u00fan m\u00e1s dinamita a un guion que mezcla ritmo, costumbrismo y caos dom\u00e9stico a partes iguales.<\/p>\n<p>Curiosamente, las tres primeras pel\u00edculas se estrenaron en Prime Video, pero desde la cuarta la saga pas\u00f3 a manos de <a title=\"Netflix\" href=\"https:\/\/www.larazon.es\/tags\/netflix\/\" target=\"_blank\" rel=\"nofollow noopener\">Netflix<\/a>. <strong data-start=\"2885\" data-end=\"2930\">Esta \u00faltima entrega consolida esa alianza<\/strong>, mientras que Prime Video prepara una <strong data-start=\"2969\" data-end=\"3006\">serie derivada con nuevos actores<\/strong>, sin <a title=\"Segura\" href=\"https:\/\/www.larazon.es\/tags\/santiago-segura\/\" target=\"_blank\" rel=\"nofollow noopener\">Segura<\/a>delante ni detr\u00e1s de las c\u00e1maras. Un giro interesante para quienes quieran explorar el universo de la familia Garc\u00eda sin repetir f\u00f3rmula.<\/p>\n<p>Con <a title=\"\u201cPadre no hay m\u00e1s que uno 5\u201d\" href=\"https:\/\/www.larazon.es\/cultura\/padre-hay-mas-que-uno-5-coloca-como-numero-uno-taquilla-dia-estreno_20250628685fa1163be60c2da855ff8e.html\" target=\"_blank\" rel=\"nofollow noopener\">\u201cPadre no hay m\u00e1s que uno 5\u201d<\/a> cerrando ciclo en streaming, <strong data-start=\"3220\" data-end=\"3282\"><strong data-start=\"1120\" data-end=\"1160\"><a title=\"Segura\" href=\"https:\/\/www.larazon.es\/tags\/santiago-segura\/\" target=\"_blank\" rel=\"nofollow noopener\">Segura<\/a><\/strong>ya prepara la sexta entrega de \u201cTorrente\u201d para 2026<\/strong>, con la promesa de volver al tono irreverente y desatado que marc\u00f3 sus inicios. Pero, mientras tanto, esta comedia familiar se despide desde el sof\u00e1 de casa, igual que lleg\u00f3 a los cines: <strong data-start=\"3470\" data-end=\"3530\">con risas, desmadre y una expresi\u00f3n cultural muy nuestra<\/strong> que ha sabido conquistar a varias generaciones.<\/p>\n","protected":false},"excerpt":{"rendered":"Santiago Segura lo ha vuelto a hacer. Y no hablamos de \u201cTorrente\u201d (todav\u00eda), sino de la comedia espa\u00f1ola&hellip;\n","protected":false},"author":2,"featured_media":225396,"comment_status":"","ping_status":"","sticky":false,"template":"","format":"standard","meta":{"footnotes":""},"categories":[169],"tags":[177,146,147,25,24,176,175,23],"class_list":{"0":"post-225395","1":"post","2":"type-post","3":"status-publish","4":"format-standard","5":"has-post-thumbnail","7":"category-cine","8":"tag-cine","9":"tag-entertainment","10":"tag-entretenimiento","11":"tag-es","12":"tag-espana","13":"tag-film","14":"tag-movies","15":"tag-spain"},"share_on_mastodon":{"url":"https:\/\/pubeurope.com\/@es\/115515210122278808","error":""},"_links":{"self":[{"href":"https:\/\/www.europesays.com\/es\/wp-json\/wp\/v2\/posts\/225395","targetHints":{"allow":["GET"]}}],"collection":[{"href":"https:\/\/www.europesays.com\/es\/wp-json\/wp\/v2\/posts"}],"about":[{"href":"https:\/\/www.europesays.com\/es\/wp-json\/wp\/v2\/types\/post"}],"author":[{"embeddable":true,"href":"https:\/\/www.europesays.com\/es\/wp-json\/wp\/v2\/users\/2"}],"replies":[{"embeddable":true,"href":"https:\/\/www.europesays.com\/es\/wp-json\/wp\/v2\/comments?post=225395"}],"version-history":[{"count":0,"href":"https:\/\/www.europesays.com\/es\/wp-json\/wp\/v2\/posts\/225395\/revisions"}],"wp:featuredmedia":[{"embeddable":true,"href":"https:\/\/www.europesays.com\/es\/wp-json\/wp\/v2\/media\/225396"}],"wp:attachment":[{"href":"https:\/\/www.europesays.com\/es\/wp-json\/wp\/v2\/media?parent=225395"}],"wp:term":[{"taxonomy":"category","embeddable":true,"href":"https:\/\/www.europesays.com\/es\/wp-json\/wp\/v2\/categories?post=225395"},{"taxonomy":"post_tag","embeddable":true,"href":"https:\/\/www.europesays.com\/es\/wp-json\/wp\/v2\/tags?post=225395"}],"curies":[{"name":"wp","href":"https:\/\/api.w.org\/{rel}","templated":true}]}}