{"id":225434,"date":"2025-11-08T17:42:09","date_gmt":"2025-11-08T17:42:09","guid":{"rendered":"https:\/\/www.europesays.com\/es\/225434\/"},"modified":"2025-11-08T17:42:09","modified_gmt":"2025-11-08T17:42:09","slug":"que-pasaria-si-la-tierra-fuera-impactada-por-una-tormenta-solar-de-gran-magnitud-esto-dice-la-agencia-espacial-europea-sobre-posibles-efectos","status":"publish","type":"post","link":"https:\/\/www.europesays.com\/es\/225434\/","title":{"rendered":"\u00bfQu\u00e9 pasar\u00eda si la Tierra fuera impactada por una tormenta solar de gran magnitud? Esto dice la Agencia Espacial Europea sobre posibles efectos"},"content":{"rendered":"<p>Ante el reporte del <b>Centro de Predicci\u00f3n del Clima Espacial de la Oficina Nacional de Administraci\u00f3n Oce\u00e1nica y Atmosf\u00e9rica<\/b> (<b>NOAA) <\/b>sobre la alerta de tipo <b>G3<\/b> por la llegada de la tormenta solar a la Tierra este\u00a0<b>viernes 7 de noviembre<\/b>, la gente se ha preguntado cu\u00e1les podr\u00edan ser los posibles efectos que tendr\u00eda el planeta en caso de que el <b>fen\u00f3meno aumentara su intensidad.\u00a0<\/b><\/p>\n<p class=\"c-leatambien__titulo\"> LEA TAMBI\u00c9N <\/p>\n<p><img decoding=\"async\" alt=\"SOL\" width=\"120\" height=\"120\" loading=\"lazy\" src=\"https:\/\/imagenes2.eltiempo.com\/files\/image_120_120\/files\/fp\/uploads\/2025\/01\/18\/678bbe98c6bdf.r_d.319-282.jpeg\" data-full-src=\"https:\/\/www.europesays.com\/es\/wp-content\/uploads\/2025\/11\/678bbe98c6bdf.jpeg\"\/><\/p>\n<p>Frente a esto, la<b> Agencia Espacial Europea (ESA) <\/b>aclar\u00f3 los efectos que tendr\u00eda el\u00a0<b>posible acontecimiento sobre el planeta,<\/b> los objetos espaciales y c\u00f3mo los humanos se dar\u00edan cuenta de lo que estar\u00eda ocurriendo.\u00a0<\/p>\n<p>Seg\u00fan la NOAA, el acontecimiento se conoce como una <b>fuerte eyecci\u00f3n de masa coronal (CME, por sus siglas en ingl\u00e9s).<\/b> Este tipo de fen\u00f3menos consiste en la expulsi\u00f3n de <b>part\u00edculas cargadas con radiaci\u00f3n electromagn\u00e9tica<\/b> desde el Sol hacia el espacio.\u00a0<\/p>\n<p class=\"c-cuerpo__media__txt\">Este fen\u00f3meno tiene diferentes categor\u00edas; en este caso, se clasifica como una tormenta G3 (fuerte). Foto:iStock<\/p>\n<p>\u00bfCu\u00e1les son las posibles consecuencias de una tormenta solar de gran magnitud?<\/p>\n<p>Seg\u00fan la <b>Agencia Espacial Europea<\/b>, en caso de que se presentara una tormenta solar extrema, podr\u00edan ocurrir fallos en los sistemas satelitales, ya que estos son los m\u00e1s vulnerables a la radiaci\u00f3n solar.\u00a0<\/p>\n<p>La ESA aclar\u00f3 que un fen\u00f3meno de este tipo \u00abpodr\u00eda provocar fallos en <b>sat\u00e9lites<\/b>, sobrecargas en<b> redes<\/b> <b>el\u00e9ctricas<\/b> y un <b>caos global en los sistemas de navegaci\u00f3n<\/b>\u00ab.\u00a0<\/p>\n<p class=\"c-leatambien__titulo\"> LEA TAMBI\u00c9N <\/p>\n<p><img decoding=\"async\" alt=\"La peor tormenta solar de la que hay registro ocurri\u00f3 hace hace 14.300 a\u00f1os.\" width=\"120\" height=\"120\" loading=\"lazy\" src=\"https:\/\/imagenes2.eltiempo.com\/files\/image_120_120\/uploads\/2023\/10\/11\/6526bc1482d3d.jpeg\" data-full-src=\"https:\/\/www.europesays.com\/es\/wp-content\/uploads\/2025\/11\/6526bc1482d3d.jpeg\"\/><\/p>\n<p>El efecto afectar\u00eda en gran magnitud a los <b>sistemas mencionados<\/b>, por lo que en la <b>naturaleza <\/b>se presentar\u00e1\u00a0<b>solo en fen\u00f3menos naturales llamativos<\/b>, lo que significa que los humanos <b>no alcanzar\u00edan a ver sus repercusiones a simple vista<\/b>.\u00a0<\/p>\n<p>\u201c<b>En tierra<\/b>, se podr\u00edan observar h<b>ermosas auroras boreales incluso en Sicilia,<\/b> mientras que la tormenta podr\u00eda colapsar la red el\u00e9ctrica y <b>provocar da\u00f1inas sobretensiones <\/b>en largas estructuras met\u00e1licas como <b>l\u00edneas el\u00e9ctricas y oleoductos<\/b>\u201d, se\u00f1al\u00f3 la ESA.\u00a0<\/p>\n<p class=\"c-cuerpo__media__txt\">El fen\u00f3meno ocurre cuando hay una gran cantidad de part\u00edculas cargadas con radiaci\u00f3n.<\/p>\n<p> Foto:NASA \/ Observatorio de Din\u00e1mica Solar<\/p>\n<p>Este concepto fue corroborado por la agencia mencionada, quien realiz\u00f3 recientemente un <b>simulacro<\/b> en el <b>Centro Europeo de Operaciones Espaciales (ESOC), <\/b>en Darmstadt, Alemania. \u00a0<\/p>\n<p>En este lugar se recre\u00f3 una<b> fulguraci\u00f3n solar de clase X45<\/b>, una de las m\u00e1s intensas que puede emitir el Sol, acompa\u00f1ada de una <b>eyecci\u00f3n de masa coronal (CME)<\/b> dirigida directamente hacia la Tierra.\u00a0<\/p>\n<p class=\"c-leatambien__titulo\"> LEA TAMBI\u00c9N <\/p>\n<p><img decoding=\"async\" alt=\"Se han detectado emisiones de ondas inusuales en el cometa 12P\/Pons-Brooks.\" width=\"120\" height=\"120\" loading=\"lazy\" src=\"https:\/\/imagenes2.eltiempo.com\/files\/image_120_120\/uploads\/2025\/10\/31\/690520a884913.jpeg\" data-full-src=\"https:\/\/www.europesays.com\/es\/wp-content\/uploads\/2025\/11\/1762623729_875_690520a884913.jpeg\"\/><\/p>\n<p>Durante esta simulaci\u00f3n, se estim\u00f3 que, en apenas<b> ocho minutos<\/b>, la radiaci\u00f3n podr\u00eda afectar <b>sistemas GPS y comunicaciones por radio.\u00a0<\/b><\/p>\n<p>\u00bfPor qu\u00e9 las tormentas solares no podr\u00e1n afectar la superficie de la Tierra?<\/p>\n<p>Seg\u00fan lo descrito por National Geographic, aunque las tormentas solares son <b>\u201cpotencialmente peligrosas\u201d<\/b>, los seres vivos en la Tierra cuentan con <b>defensas naturales<\/b> que desv\u00edan gran parte de las part\u00edculas con radiaci\u00f3n electromagn\u00e9tica.\u00a0<\/p>\n<p>\u201cLa magnetosfera terrestre, un campo magn\u00e9tico que desv\u00eda gran parte de las part\u00edculas solares hacia los polos\u201d, aclar\u00f3 el citado medio.<\/p>\n<p>Y adem\u00e1s agreg\u00f3 que:\u00a0<b>\u201cLa atm\u00f3sfera absorbe la radiaci\u00f3n da\u00f1ina antes de que alcance la superficie<\/b>\u201d.\u00a0<\/p>\n<p class=\"c-cuerpo__media__txt\"> Foto:Eduardo Schaberger<\/p>\n<p>En su descripci\u00f3n, tambi\u00e9n aclararon que si estas defensas naturales no existieran, la vida en la Tierra no ser\u00eda como la conocemos hoy en d\u00eda.\u00a0<\/p>\n<p>\u201cEl ejemplo de Marte lo ilustra bien: al perder su campo magn\u00e9tico hace millones de a\u00f1os,<b> qued\u00f3 expuesto a la radiaci\u00f3n c\u00f3smica, convirti\u00e9ndose en un mundo \u00e1rido e inh\u00f3spito\u201d.<\/b><\/p>\n<p class=\"c-cuerpo__media__txt\">Marte\u00a0qued\u00f3 expuesto a la radiaci\u00f3n c\u00f3smica. Foto:C\u00e2mera Est\u00e9reo de Alta Resolu\u00e7\u00e3o (HRSC)<\/p>\n<p><b>Esteban Ram\u00edrez Miranda\u00a0<\/b><\/p>\n<p>REDACCI\u00d3N \u00daLTIMAS NOTICIAS<\/p>\n","protected":false},"excerpt":{"rendered":"Ante el reporte del Centro de Predicci\u00f3n del Clima Espacial de la Oficina Nacional de Administraci\u00f3n Oce\u00e1nica y&hellip;\n","protected":false},"author":2,"featured_media":225435,"comment_status":"","ping_status":"","sticky":false,"template":"","format":"standard","meta":{"footnotes":""},"categories":[81],"tags":[119,123,124,25,24,59569,117,121,122,2829,23,118,120,1934,59570,46229],"class_list":{"0":"post-225434","1":"post","2":"type-post","3":"status-publish","4":"format-standard","5":"has-post-thumbnail","7":"category-ciencia-y-tecnologia","8":"tag-ciencia","9":"tag-ciencia-y-tecnologia","10":"tag-cienciaytecnologia","11":"tag-es","12":"tag-espana","13":"tag-fuerza-magnetica","14":"tag-science","15":"tag-science-and-technology","16":"tag-scienceandtechnology","17":"tag-sol","18":"tag-spain","19":"tag-technology","20":"tag-tecnologia","21":"tag-tierra","22":"tag-tormenta-g3","23":"tag-tormenta-solar"},"share_on_mastodon":{"url":"https:\/\/pubeurope.com\/@es\/115515316315558797","error":""},"_links":{"self":[{"href":"https:\/\/www.europesays.com\/es\/wp-json\/wp\/v2\/posts\/225434","targetHints":{"allow":["GET"]}}],"collection":[{"href":"https:\/\/www.europesays.com\/es\/wp-json\/wp\/v2\/posts"}],"about":[{"href":"https:\/\/www.europesays.com\/es\/wp-json\/wp\/v2\/types\/post"}],"author":[{"embeddable":true,"href":"https:\/\/www.europesays.com\/es\/wp-json\/wp\/v2\/users\/2"}],"replies":[{"embeddable":true,"href":"https:\/\/www.europesays.com\/es\/wp-json\/wp\/v2\/comments?post=225434"}],"version-history":[{"count":0,"href":"https:\/\/www.europesays.com\/es\/wp-json\/wp\/v2\/posts\/225434\/revisions"}],"wp:featuredmedia":[{"embeddable":true,"href":"https:\/\/www.europesays.com\/es\/wp-json\/wp\/v2\/media\/225435"}],"wp:attachment":[{"href":"https:\/\/www.europesays.com\/es\/wp-json\/wp\/v2\/media?parent=225434"}],"wp:term":[{"taxonomy":"category","embeddable":true,"href":"https:\/\/www.europesays.com\/es\/wp-json\/wp\/v2\/categories?post=225434"},{"taxonomy":"post_tag","embeddable":true,"href":"https:\/\/www.europesays.com\/es\/wp-json\/wp\/v2\/tags?post=225434"}],"curies":[{"name":"wp","href":"https:\/\/api.w.org\/{rel}","templated":true}]}}