{"id":225444,"date":"2025-11-08T17:51:14","date_gmt":"2025-11-08T17:51:14","guid":{"rendered":"https:\/\/www.europesays.com\/es\/225444\/"},"modified":"2025-11-08T17:51:14","modified_gmt":"2025-11-08T17:51:14","slug":"he-agotado-toda-la-motivacion","status":"publish","type":"post","link":"https:\/\/www.europesays.com\/es\/225444\/","title":{"rendered":"He agotado toda la motivaci\u00f3n"},"content":{"rendered":"<p data-mrf-recirculation=\"Links P\u00e1rrafos\" class=\"ue-c-article__paragraph paragraph ue-c-article--first-letter-highlighted\">Dos d\u00edas despu\u00e9s de cumplir 28 a\u00f1os, <strong>Aliona Bolsova ha anunciado en sus redes sociales que colgar\u00e1 la raqueta<\/strong> en el torneo WTA 125 de La Bisbal. <strong>\u00abHace meses que siento que he llegado al final de una etapa de mi vida, la de tenista profesional\u00bb<\/strong>, reconoce la espa\u00f1ola,\u00a0<strong>integrante del combinado nacional en la \u00faltima Billie Jean King Cup. \u00ab<\/strong>He decidido hacerme el regalo de retirarme donde todo empez\u00f3, en casa\u00bb, a\u00f1ade.<\/p>\n<p data-mrf-recirculation=\"Links P\u00e1rrafos\" class=\"ue-c-article__paragraph paragraph\">La espa\u00f1ola de origen moldavo, que ha ganado 16 t\u00edtulos en su carrera (9 de ITF y 4 en dobles WTA 125), <strong>recuerda cuando\u00a0pis\u00f3 por primera vez una pista de tenis\u00a0con seis a\u00f1os\u00a0<\/strong>y revela que<strong>\u00a0<\/strong>\u00abse me\u00f3 encima de los nervios, inseguridad y verg\u00fcenza en uno de sus primeros entrenamientos. Y sigui\u00f3 siendo esa persona durante muchos a\u00f1os, siempre pendiente de encajar, de gustar y de caer bien al resto.\u00a0<strong>Siempre tuvo mucho miedo de decepcionar y busc\u00f3 a trav\u00e9s del tenis la aprobaci\u00f3n externa para sentirse v\u00e1lida y querida como persona\u00bb.<\/strong><\/p>\n<blockquote class=\"ue-c-article__blockquote\">\n<p>Hace meses que siento que he llegado al final de una etapa de mi vida, la de tenista profesional<\/p>\n<p>Aliona Bolsova, tenista<\/p><\/blockquote>\n<p data-mrf-recirculation=\"Links P\u00e1rrafos\" class=\"ue-c-article__paragraph paragraph\">Bolsova ha estado viajando desde peque\u00f1a, viviendo fuera y enfocando toda su energ\u00eda hacia el tenis. \u00abHoy, siento la necesidad de redirigir esa energ\u00eda hacia mi misma, mis deseos, necesidades y, sobre todo, mi bienestar. Tengo muchas ganas de redescubrirme y de poder explorar todas las facetas que se esconden m\u00e1s all\u00e1 de la identidad de &#8216;tenista&#8217;. <strong>Se nos suele presentar as\u00ed a todo el mundo, &#8216;la tenista&#8217;, como si nuestra profesi\u00f3n definiera toda nuestra persona.<\/strong> Ans\u00edo m\u00e1s que nunca seguir form\u00e1ndome y explorar otros \u00e1mbitos de mi vida para descubrir que tengo otras cosas que ofrecer al mundo. <strong>Siento que ahora es el momento de hacerlo\u00bb, <\/strong>dice.<\/p>\n<p><img decoding=\"async\" width=\"1206\" height=\"1608\" class=\"ue-c-article__image lazyload\" alt=\"Una foto de Aliona Bolsova cuando empez\u00f3 en el tenis.\" loading=\"lazy\" src=\"https:\/\/www.europesays.com\/es\/wp-content\/uploads\/2025\/11\/690f7c78ddb7e.jpeg\"\/><\/p>\n<p>Una foto de Aliona Bolsova cuando empez\u00f3 en el tenis.@alibolsova<\/p>\n<blockquote class=\"ue-c-article__blockquote\">\n<p>Siempre tuve mucho miedo de decepcionar y busqu\u00e9 a trav\u00e9s del tenis la aprobaci\u00f3n externa para sentirme v\u00e1lida y querida como persona<\/p>\n<p>Aliona Bolsova, tenista<\/p><\/blockquote>\n<p>Una tenista &#8216;underground&#8217;<\/p>\n<p data-mrf-recirculation=\"Links P\u00e1rrafos\" class=\"ue-c-article__paragraph paragraph\">La tenista hace balance de su carrera, en la que ha cumplido todos sus objetivos: \u00abser independiente econ\u00f3micamente, encararme a mis mayores miedos, <strong>reconciliarme con traumas de la ni\u00f1ez, demostrarme a m\u00ed misma millones de cosas a nivel personal y deportivo<\/strong> y abrazar mi mejor versi\u00f3n de una manera m\u00e1s continua. <strong>A d\u00eda de hoy, he agotado toda la motivaci\u00f3n que un d\u00eda tuve\u00bb, <\/strong>confiesa<strong>. \u00abNunca me movieron demasiado ni los altos puestos del ranking, ni las cantidades de dinero que se ofrecen en la cumbre del tenis.<\/strong> Seguramente esta ha sido una de las razones por las que nunca me pude desvivir y volcar en este deporte al cien por cien. Siempre fue un s\u00ed pero no, muchas contradicciones\u00bb.<\/p>\n<blockquote class=\"ue-c-article__blockquote\">\n<p>Nunca me movieron demasiado ni los altos puestos del ranking, ni las cantidades de dinero que se ofrecen en la cumbre del tenis<\/p>\n<p>Aliona Bolsova, tenista<\/p><\/blockquote>\n<p data-mrf-recirculation=\"Links P\u00e1rrafos\" class=\"ue-c-article__paragraph paragraph\">Reconoce que ha tenido <strong>\u00abuna suerte descomunal<\/strong>\u00bb con las personas que le han acompa\u00f1ado en este viaje. La espa\u00f1ola se muestra agradecida con todos los entrenadores que ha tenido desde sus inicios y a <strong>sus amigos y familia, por haber sido su \u00absost\u00e9n y refugio\u00bb. \u00abGracias por ayudarme a salir de los pozos m\u00e1s profundos en los que me sol\u00eda perder de tanto en tanto\u00bb<\/strong>. Y se queda con la parte solidaria del tenis y con toda la gente que la ha ayudado.<\/p>\n<p data-mrf-recirculation=\"Links P\u00e1rrafos\" class=\"ue-c-article__paragraph paragraph\">Bolsova, que juega con shorts en lugar de falda , ha sido <strong>una tenista que ha roto moldes en el circuito<\/strong>.\u00a0Siempre la han diferenciado su sensibilidad y sus inquietudes fuera del tenis. Ella misma se ha definido como una <strong><a href=\"https:\/\/www.marca.com\/tenis\/roland-garros\/2019\/05\/31\/5ceff48ce2704e72218b4669.html\" rel=\"nofollow noopener\" target=\"_blank\">\u00abtenista underground\u00bb<\/a>\u00a0<\/strong>a la que <strong>le apasiona el arte, sobre todo la escultura cl\u00e1sica.<\/strong><\/p>\n","protected":false},"excerpt":{"rendered":"Dos d\u00edas despu\u00e9s de cumplir 28 a\u00f1os, Aliona Bolsova ha anunciado en sus redes sociales que colgar\u00e1 la&hellip;\n","protected":false},"author":2,"featured_media":225445,"comment_status":"","ping_status":"","sticky":false,"template":"","format":"standard","meta":{"footnotes":""},"categories":[274],"tags":[168,25,24,23,167,327,326],"class_list":{"0":"post-225444","1":"post","2":"type-post","3":"status-publish","4":"format-standard","5":"has-post-thumbnail","7":"category-tenis","8":"tag-deportes","9":"tag-es","10":"tag-espana","11":"tag-spain","12":"tag-sports","13":"tag-tenis","14":"tag-tennis"},"share_on_mastodon":{"url":"https:\/\/pubeurope.com\/@es\/115515351930758685","error":""},"_links":{"self":[{"href":"https:\/\/www.europesays.com\/es\/wp-json\/wp\/v2\/posts\/225444","targetHints":{"allow":["GET"]}}],"collection":[{"href":"https:\/\/www.europesays.com\/es\/wp-json\/wp\/v2\/posts"}],"about":[{"href":"https:\/\/www.europesays.com\/es\/wp-json\/wp\/v2\/types\/post"}],"author":[{"embeddable":true,"href":"https:\/\/www.europesays.com\/es\/wp-json\/wp\/v2\/users\/2"}],"replies":[{"embeddable":true,"href":"https:\/\/www.europesays.com\/es\/wp-json\/wp\/v2\/comments?post=225444"}],"version-history":[{"count":0,"href":"https:\/\/www.europesays.com\/es\/wp-json\/wp\/v2\/posts\/225444\/revisions"}],"wp:featuredmedia":[{"embeddable":true,"href":"https:\/\/www.europesays.com\/es\/wp-json\/wp\/v2\/media\/225445"}],"wp:attachment":[{"href":"https:\/\/www.europesays.com\/es\/wp-json\/wp\/v2\/media?parent=225444"}],"wp:term":[{"taxonomy":"category","embeddable":true,"href":"https:\/\/www.europesays.com\/es\/wp-json\/wp\/v2\/categories?post=225444"},{"taxonomy":"post_tag","embeddable":true,"href":"https:\/\/www.europesays.com\/es\/wp-json\/wp\/v2\/tags?post=225444"}],"curies":[{"name":"wp","href":"https:\/\/api.w.org\/{rel}","templated":true}]}}